{"id":65699,"date":"2023-08-29T12:11:45","date_gmt":"2023-08-29T12:11:45","guid":{"rendered":"https:\/\/www.ole.com.ar\/futbol-internacional\/espana\/federico-gattoni-sevilla-salida-mercado-pases-europa-espana-futbol-equipo-fichaje-almerica-mallorca-mendilibar-orta-san-lorenzo-argentina-liga_0_WHRUrVFbaY.html"},"modified":"2023-08-29T12:11:45","modified_gmt":"2023-08-29T12:11:45","slug":"operacion-salida-gattoni-cerca-de-dejar-sevilla","status":"publish","type":"post","link":"http:\/\/hoycordobaweb.com\/index.php\/2023\/08\/29\/operacion-salida-gattoni-cerca-de-dejar-sevilla\/","title":{"rendered":"Operaci\u00f3n salida: Gattoni, cerca de dejar Sevilla"},"content":{"rendered":"<p><img src=\"http:\/\/hoycordobaweb.com\/wp-content\/uploads\/2023\/08\/operacion-salida-gattoni-cerca-de-dejar-sevilla.jpg\"><\/p>\n<p><time class=\"createDate\" datetime=\"2023-08-29T09:11:45-03:00\">29\/08\/2023 09:11hs.<\/time><time class=\"modificatedDate\" datetime=\"2023-08-29T09:11:45-03:00\"><\/time><\/p>\n<div id=\"storyBody\">\n<div class=\"custom-text \" readability=\"10\">\n<p><strong>Federico Gattoni<\/strong> no tuvo un desembarco so\u00f1ado en Sevilla. Aunque lleg\u00f3 por 1.500.000 de d\u00f3lares durante el presente mercado de pases, el futbolista no logr\u00f3 adaptarse y ya hay personas que quieren desprenderse de \u00e9l&#8230;<\/p>\n<\/div>\n<div class=\"custom-text \" readability=\"12\">\n<p>A falta de pocos d\u00edas para el cierre de la ventana de fichajes, los Blanquirrojos buscan darle una salida a pr\u00e9stamo al zaguero argentino de 24 a\u00f1os que solo disput\u00f3 dos partidos (igualdad 1-1 vs Independiente del Valle y derrota 2-1 vs Valencia), en los que jug\u00f3 un total de 32 minutos y no recibi\u00f3 ninguna tarjeta amarilla.<\/p>\n<\/div>\n<div class=\"custom-text \" readability=\"15.597254004577\">\n<p>Seg\u00fan inform\u00f3 El Desmarque,<strong> la controversial decisi\u00f3n fue tomada tanto por Jos\u00e9 Luis Mendilibar, entrenador del equipo, como por Victor Orta, director deportivo<\/strong>, quienes aprovecharon el importante error de Gattoni en la ca\u00edda ante los Ch\u00e9s para comenzar a ofrecerlo en diversos equipos. En este contexto, <strong>el defensor surgido en <a href=\"https:\/\/www.ole.com.ar\/tema\/san-lorenzo.html\" title=\"San Lorenzo\" alt=\"San Lorenzo\" class=\"slug\">San Lorenzo<\/a> se ir\u00eda cedido luego de 53 d\u00edas de ser oficializado como refuerzo del conjunto sevillano<\/strong>. <\/p>\n<\/div>\n<div class=\"custom-text \" readability=\"11\">\n<p>Cuando se conoci\u00f3 su llegada a Espa\u00f1a, el jugador se mostr\u00f3 optimista con su primera temporada en la \u00e9lite del Viejo Continente: \u00abSoy un agradecido porque desde el primer momento not\u00e9 el cari\u00f1o de todos. <strong>Quiero devolver esa confianza dentro del campo. Para mi carrera es un paso importante.<\/strong> Un salto llegar a una liga europea. En el f\u00fatbol argentino hay otra velocidad. Vengo a aportar lo mejor de m\u00ed. Vengo a ayudar al equipo. Va a ser una gran temporada\u00bb. Aunque pareciera que todo eso deber\u00e1 esperar&#8230;<\/p>\n<\/div>\n<p><h2>\u00bfQu\u00e9 clubes lo quieren?<\/h2>\n<\/p>\n<div class=\"custom-text \" readability=\"11.736677115987\">\n<p>La idea de los directivos del Sevilla y, tambi\u00e9n, del director t\u00e9cnico es que Federico Gattoni -cuyo contrato es hasta el 2027- sea prestado a un club de<strong> <a href=\"https:\/\/www.ole.com.ar\/tema\/la-liga.html\" title=\"La Liga\" alt=\"La Liga\" class=\"slug\">La Liga<\/a><\/strong> antes del cierre del mercado de pases para que all\u00ed se adapte a la primera divisi\u00f3n espa\u00f1ola y sume el rodaje suficiente de cara a la temporada 2024\/25.<\/p>\n<\/div>\n<div class=\"custom-text \" readability=\"8.9686411149826\">\n<p>A partir de ello, hay varios clubes que parecer\u00edan estar interesados en incorporarlo pero hay dos que corren con cierta ventaja: el<strong> <a href=\"https:\/\/www.ole.com.ar\/tema\/mallorca.html\" title=\"Mallorca\" alt=\"Mallorca\" class=\"slug\">Mallorca del Javier Aguirre<\/a><\/strong> (17\u00b0) y el <strong><a href=\"https:\/\/www.ole.com.ar\/tema\/almeria.html\" title=\"Almer\u00eda\" alt=\"Almer\u00eda\" class=\"slug\">Almer\u00eda de Vicente Moreno<\/a><\/strong> (19\u00b0), dos conjuntos que se postulan como principales candidatos a pelear el descenso.<\/p>\n<\/div>\n<div class=\"sc-7ce6049-0 dwIKul\">\n<div class=\"sc-7ce6049-1 bdcBBS videoText\" id=\"contentTitleundefined24t7V4NW\" readability=\"6\"><svg fill=\"#ffffff\"><symbol id=\"play\" viewBox=\"0 0 512 512\"><path d=\"M512 256C512 397.4 397.4 512 256 512C114.6 512 0 397.4 0 256C0 114.6 114.6 0 256 0C397.4 0 512 114.6 512 256zM176 168V344C176 352.7 180.7 360.7 188.3 364.9C195.8 369.2 205.1 369 212.5 364.5L356.5 276.5C363.6 272.1 368 264.4 368 256C368 247.6 363.6 239.9 356.5 235.5L212.5 147.5C205.1 142.1 195.8 142.8 188.3 147.1C180.7 151.3 176 159.3 176 168V168z\" \/><\/symbol><use xlink:href=\"#play\" \/><\/svg><\/p>\n<div class=\"right\" readability=\"7\">\n<p>Federico Gattoni<!-- --> &#8211;<!-- --> <span>29-8-2023<\/span><\/p>\n<h2 class=\"title-vid\">El error de Gattoni que provoc\u00f3 un gol en su debut en el Sevilla<\/h2>\n<\/div>\n<\/div>\n<p><span class=\"back\" id=\"spanBackundefined24t7V4NW\"><\/span><\/div>\n<div class=\"sc-e7b891c4-0 jPbnQF\"><img alt=\"Gattoni se prepara para irse a pr\u00e9stamo. (Prensa Sevilla)\" src=\"http:\/\/hoycordobaweb.com\/wp-content\/uploads\/2023\/08\/operacion-salida-gattoni-cerca-de-dejar-sevilla-2.jpg\" width=\"720\" height=\"100\" decoding=\"async\" data-nimg=\"future\" loading=\"lazy\"><span class=\"epigraphe\">Gattoni se prepara para irse a pr\u00e9stamo. (Prensa Sevilla)<\/span><\/div>\n<p><h2>Lo que hab\u00eda dicho Mendilibar sobre Gattoni<\/h2>\n<\/p>\n<div class=\"custom-text \" readability=\"12\">\n<p>Antes de que cometiera un error garrafal frente a Valencia, <strong>Jos\u00e9 Luis Mendilibar hab\u00eda advertido que Gattoni atravesaba un proceso de adaptaci\u00f3n<\/strong> en el que necesitaba aprender elementos b\u00e1sicos del ritmo de juego que prima en Europa y, a su vez, que deb\u00eda entender su estrategia promovida.<\/p>\n<\/div>\n<div class=\"custom-text \" readability=\"11.514450867052\">\n<p>\u00ab<strong>A Gattoni a veces le cuesta la salida con bal\u00f3n.<\/strong> Ellos nos han apretado bien y nos han robado balones, pero <strong>poco a poco est\u00e1 agarrando la idea nuestra porque viene de un f\u00fatbol m\u00e1s de marcar al hombre<\/strong> y ahora le toca estar m\u00e1s en zona y depender de sus compa\u00f1eros\u00bb, analiz\u00f3 el DT tras el amistoso de pretemporada frente el <strong><a href=\"https:\/\/www.ole.com.ar\/tema\/crystal-palace.html\" title=\"Crystal Palace\" alt=\"Crystal Palace\" class=\"slug\">Crystal Palace<\/a><\/strong>.<\/p>\n<\/div>\n<div class=\"sc-a7166897-0 exHLBh\" readability=\"6\">\n<section readability=\"2\"><picture><img alt=\"La dura amenaza de la madre de Rubiales: &quot;No me importa morir&quot;\" src=\"http:\/\/hoycordobaweb.com\/wp-content\/uploads\/2023\/08\/operacion-salida-gattoni-cerca-de-dejar-sevilla-3.jpg\" width=\"290\" height=\"290\" decoding=\"async\" data-nimg=\"future\" loading=\"lazy\"><\/picture>\n<p><span>Mir\u00e1 tambi\u00e9n<\/span><\/p>\n<hr>\n<h3>La dura amenaza de la madre de Rubiales: \u00abNo me importa morir\u00bb<\/h3>\n<\/p>\n<\/section>\n<\/div>\n<div class=\"sc-a7166897-0 exHLBh\" readability=\"6\">\n<section readability=\"2\"><picture><img alt=\"Lujos argentinos y goleada del Atl\u00e9tico al Rayo\" src=\"http:\/\/hoycordobaweb.com\/wp-content\/uploads\/2023\/08\/operacion-salida-gattoni-cerca-de-dejar-sevilla-4.jpg\" width=\"290\" height=\"290\" decoding=\"async\" data-nimg=\"future\" loading=\"lazy\"><\/picture>\n<p><span>Mir\u00e1 tambi\u00e9n<\/span><\/p>\n<hr>\n<h3>Lujos argentinos y goleada del Atl\u00e9tico al Rayo<\/h3>\n<\/p>\n<\/section>\n<\/div>\n<div class=\"sc-a7166897-0 exHLBh\" readability=\"6\">\n<section readability=\"2\"><picture><img alt=\"Esc\u00e1ndalo en Espa\u00f1a: van a echar al DT campe\u00f3n del mundo \" src=\"http:\/\/hoycordobaweb.com\/wp-content\/uploads\/2023\/08\/operacion-salida-gattoni-cerca-de-dejar-sevilla-5.jpg\" width=\"290\" height=\"290\" decoding=\"async\" data-nimg=\"future\" loading=\"lazy\"><\/picture>\n<p><span>Mir\u00e1 tambi\u00e9n<\/span><\/p>\n<hr>\n<h3>Esc\u00e1ndalo en Espa\u00f1a: van a echar al DT campe\u00f3n del mundo <\/h3>\n<\/p>\n<\/section>\n<\/div>\n<\/div>\n","protected":false},"excerpt":{"rendered":"<p>29\/08\/2023 09:11hs. Federico Gattoni no tuvo un desembarco so\u00f1ado en Sevilla. Aunque lleg\u00f3 por 1.500.000 de d\u00f3lares durante el presente mercado de pases, el futbolista no logr\u00f3 adaptarse y ya hay personas que quieren desprenderse de \u00e9l&#8230; A falta de pocos d\u00edas para el cierre de la ventana de fichajes, los Blanquirrojos buscan darle una [&hellip;]<\/p>\n","protected":false},"author":1,"featured_media":65700,"comment_status":"open","ping_status":"closed","sticky":false,"template":"","format":"standard","meta":[],"categories":[16],"tags":[],"_links":{"self":[{"href":"http:\/\/hoycordobaweb.com\/index.php\/wp-json\/wp\/v2\/posts\/65699"}],"collection":[{"href":"http:\/\/hoycordobaweb.com\/index.php\/wp-json\/wp\/v2\/posts"}],"about":[{"href":"http:\/\/hoycordobaweb.com\/index.php\/wp-json\/wp\/v2\/types\/post"}],"author":[{"embeddable":true,"href":"http:\/\/hoycordobaweb.com\/index.php\/wp-json\/wp\/v2\/users\/1"}],"replies":[{"embeddable":true,"href":"http:\/\/hoycordobaweb.com\/index.php\/wp-json\/wp\/v2\/comments?post=65699"}],"version-history":[{"count":0,"href":"http:\/\/hoycordobaweb.com\/index.php\/wp-json\/wp\/v2\/posts\/65699\/revisions"}],"wp:featuredmedia":[{"embeddable":true,"href":"http:\/\/hoycordobaweb.com\/index.php\/wp-json\/wp\/v2\/media\/65700"}],"wp:attachment":[{"href":"http:\/\/hoycordobaweb.com\/index.php\/wp-json\/wp\/v2\/media?parent=65699"}],"wp:term":[{"taxonomy":"category","embeddable":true,"href":"http:\/\/hoycordobaweb.com\/index.php\/wp-json\/wp\/v2\/categories?post=65699"},{"taxonomy":"post_tag","embeddable":true,"href":"http:\/\/hoycordobaweb.com\/index.php\/wp-json\/wp\/v2\/tags?post=65699"}],"curies":[{"name":"wp","href":"https:\/\/api.w.org\/{rel}","templated":true}]}}