{"id":65693,"date":"2023-08-29T13:34:43","date_gmt":"2023-08-29T13:34:43","guid":{"rendered":"https:\/\/www.ole.com.ar\/boca-juniors\/boca-chiquito-romero-visita-cilindro-boca-racing_0_6UPEHfn5nk.html"},"modified":"2023-08-29T13:34:43","modified_gmt":"2023-08-29T13:34:43","slug":"el-regreso-menos-esperado-para-chiquito-romero-su-primera-vez-en-el-cilindro-y-como-sera-recibido","status":"publish","type":"post","link":"http:\/\/hoycordobaweb.com\/index.php\/2023\/08\/29\/el-regreso-menos-esperado-para-chiquito-romero-su-primera-vez-en-el-cilindro-y-como-sera-recibido\/","title":{"rendered":"El regreso menos esperado para Chiquito Romero: su primera vez en el Cilindro y c\u00f3mo ser\u00e1 recibido"},"content":{"rendered":"<p><img src=\"http:\/\/hoycordobaweb.com\/wp-content\/uploads\/2023\/08\/el-regreso-menos-esperado-para-chiquito-romero-su-primera-vez-en-el-cilindro-y-como-sera-recibido.jpg\"><\/p>\n<p><time class=\"createDate\" datetime=\"2023-08-29T10:34:43-03:00\">29\/08\/2023 10:34hs.<\/time><time class=\"modificatedDate\" datetime=\"2023-08-29T10:34:43-03:00\"><\/time><\/p>\n<div id=\"storyBody\">\n<div class=\"custom-text \" readability=\"38.478031634446\">\n<p><strong>\u00abSoy de <a href=\"https:\/\/www.ole.com.ar\/tema\/racing.html\" title=\"Racing\" alt=\"Racing\" class=\"slug\">Racing<\/a>, pero voy a morir por la camiseta de <a href=\"https:\/\/www.ole.com.ar\/tema\/boca-juniors.html\" title=\"Boca Juniors\" alt=\"Boca Juniors\" class=\"slug\">Boca<\/a>\u00ab. <\/strong>Su \u00faltima declaraci\u00f3n p\u00fablica sobre la revancha por los cuartos de Copa define por s\u00ed sola lo que vivir\u00e1 <a href=\"https:\/\/www.ole.com.ar\/tema\/sergio-romero.html\" title=\"Sergio Romero\" alt=\"Sergio Romero\" class=\"slug\">Sergio Romero<\/a> este mi\u00e9rcoles en el Cilindro. <strong>Ser\u00e1 su regreso a la cancha que lo vio nacer, la primera vez en toda su carrera frente a los hinchas que antes lo idolatraban por su identificaci\u00f3n con \u00e9l (pese a que jug\u00f3 apenas cuatro partidos en el club)<\/strong> y ser\u00e1, encima, en una verdadera final, en un partido de quiebre, en una batalla que definir\u00e1 a uno de los semifinalistas de la<a href=\"https:\/\/www.ole.com.ar\/tema\/copa-libertadores.html\" title=\"Copa Libertadores\" alt=\"Copa Libertadores\" class=\"slug\"> Libertadores<\/a>.<\/p>\n<\/div>\n<div class=\"custom-text \" readability=\"43.648\">\n<p>Chiquito, en definitiva, pasar\u00e1 a ser uno de los protagonistas que alimentar\u00e1 el morbo de esta revancha, junto a la presencia de Juanfer Quintero, Agust\u00edn Almendra y Roger Mart\u00ednez, todos de alguna u otra forma vinculados a <a href=\"https:\/\/www.ole.com.ar\/tema\/boca-juniors.html\" title=\"Boca Juniors\" alt=\"Boca Juniors\" class=\"slug\">Boca<\/a>. Ser\u00e1 la otra cara, porque esta vez visitar\u00e1 el Cilindro del otro lado del mostrador y, encima, con dos condimentos no menores:<strong> la carga de declaraciones de estos tiempo y la posibilidad de convertirse en h\u00e9roe una vez m\u00e1s, en caso de una definici\u00f3n por penales.<\/strong><\/p>\n<\/div>\n<div class=\"custom-text \" readability=\"44\">\n<p>Por lo pronto, <strong>el arquero de Boca parece llevar esta historia con naturalidad.<\/strong> De hecho, en su \u00faltimas declaraciones sobre lo que vivir\u00e1 en Avellaneda, aclar\u00f3 una frase que hab\u00eda molestado much\u00edsimo a los hinchas de Racing, justamente la que dijo cuando lleg\u00f3 al Xeneize. \u00abBoca es el club m\u00e1s grande de la Argentina\u00bb, dijo, y en la Academia, con el presidente V\u00edctor Blando a la cabeza, explotaron. Sin embargo, luego ampli\u00f3 esa definici\u00f3n&#8230;<\/p>\n<\/div>\n<div class=\"custom-text \" readability=\"40\">\n<p><strong>\u00abHay que separar las cosas, yo nunca dije que Racing no es un club grande, para m\u00ed es uno de los m\u00e1s grandes de la Argentina, pero por sobre Racing est\u00e1 Boca y seguramente estar\u00e1 River. <\/strong>Uno tiene que ser sincero. Este club en la Argentina y en el Mundo es muy grande\u00bb, explic\u00f3, ya palpitando la previa del choque por los cuartos de final.<\/p>\n<\/div>\n<div class=\"sc-e7b891c4-0 jPbnQF\"><img alt=\"Con buenas actuaciones, se gan\u00f3 al hincha de Boca, tras las dudas por sus lesiones. (EFE\/ Juan Ignacio Roncoroni)\" src=\"http:\/\/hoycordobaweb.com\/wp-content\/uploads\/2023\/08\/el-regreso-menos-esperado-para-chiquito-romero-su-primera-vez-en-el-cilindro-y-como-sera-recibido-2.jpg\" width=\"720\" height=\"100\" decoding=\"async\" data-nimg=\"future\" loading=\"lazy\"><span class=\"epigraphe\">Con buenas actuaciones, se gan\u00f3 al hincha de Boca, tras las dudas por sus lesiones. (EFE\/ Juan Ignacio Roncoroni)<\/span><\/div>\n<p><h2><strong>C\u00f3mo espera el partido y c\u00f3mo lo recibir\u00e1n<\/strong><\/h2>\n<\/p>\n<div class=\"custom-text \" readability=\"43\">\n<p><strong>Est\u00e1 claro que Chiquito hubiera querido evitar este cruce.<\/strong> Pero no por una raz\u00f3n futbol\u00edstica, sino sentimental. En definitiva, no dejar\u00e1 de ser un partido inc\u00f3modo para \u00e9l, con un mont\u00f3n de sensaciones, adem\u00e1s de tener en cuenta que ser\u00e1 un choque de quiebre para cualquiera de los dos, por lo mucho que hay en juego. \u00abNo s\u00f3lo es el club del que soy hincha, sino el que me abri\u00f3 las puertas, el que me dio las primeras herramientas en el f\u00fatbol porque cuando jugaba en Comodoro Rivadavia\u00bb, dijo en su momento.<\/p>\n<\/div>\n<div class=\"sc-e7b891c4-0 jPbnQF\"><img alt=\"Chiquito Romero, en tiempos de buena relaci\u00f3n con Blanco, reconocido por el club.\" src=\"http:\/\/hoycordobaweb.com\/wp-content\/uploads\/2023\/08\/el-regreso-menos-esperado-para-chiquito-romero-su-primera-vez-en-el-cilindro-y-como-sera-recibido-3.jpg\" width=\"720\" height=\"100\" decoding=\"async\" data-nimg=\"future\" loading=\"lazy\"><span class=\"epigraphe\">Chiquito Romero, en tiempos de buena relaci\u00f3n con Blanco, reconocido por el club.<\/span><\/div>\n<div class=\"custom-text \" readability=\"41\">\n<p>Por eso, la realidad es que si bien Romero lo vive con bastante calma, <strong>no ser\u00e1 bien recibido por el hincha de Racing,<\/strong> todav\u00eda herido por su partida en Boca, porque justamente antes de confirmarse su incorporaci\u00f3n al Xeneize se estaba entrenando y recuperando de su rodilla en el predio Tita Mattiussi y por el peso de las declaraciones. Blanco, en ese sentido, fue contundente: <strong>\u00abPor un largo tiempo tendr\u00e1 las puertas cerradas del club\u00bb.<\/strong><\/p>\n<\/div>\n<div class=\"sc-e7b891c4-0 jPbnQF\"><img alt=\"Varias veces volvi\u00f3 a ver a Racing desde la platea. (@RacingClub)\" src=\"http:\/\/hoycordobaweb.com\/wp-content\/uploads\/2023\/08\/el-regreso-menos-esperado-para-chiquito-romero-su-primera-vez-en-el-cilindro-y-como-sera-recibido-4.jpg\" width=\"720\" height=\"100\" decoding=\"async\" data-nimg=\"future\" loading=\"lazy\"><span class=\"epigraphe\">Varias veces volvi\u00f3 a ver a Racing desde la platea. (@RacingClub)<\/span><\/div>\n<div class=\"custom-text \" readability=\"42\">\n<p>Igualmente, Chiquito lo tiene claro. Sabe que el Cilindro ser\u00e1 un hervidero y que tendr\u00e1 que afrontar una situaci\u00f3n hostil. \u00abYo hice lo que ten\u00eda que hacer cuando me toc\u00f3 estar ah\u00ed, di lo mejor por el club. Cuando me fui hice todo lo que estaba a mi alcance, trat\u00e9 de ayudar, de colaborar, de estar.<strong> Ser\u00e1 lo que tenga que ser y la vida contin\u00faa\u00bb,<\/strong> tambi\u00e9n dijo al respecto, con esa misma templanza con la que ataja.<\/p>\n<\/div>\n<div class=\"sc-e7b891c4-0 jPbnQF\"><img alt=\"Con Maxi Moralez y Santiago Malano, en una pretemporada en Racing.\" src=\"http:\/\/hoycordobaweb.com\/wp-content\/uploads\/2023\/08\/el-regreso-menos-esperado-para-chiquito-romero-su-primera-vez-en-el-cilindro-y-como-sera-recibido-5.jpg\" width=\"720\" height=\"100\" decoding=\"async\" data-nimg=\"future\" loading=\"lazy\"><span class=\"epigraphe\">Con Maxi Moralez y Santiago Malano, en una pretemporada en Racing.<\/span><\/div>\n<p><h2><strong>Su marca copera de visitante<\/strong><\/h2>\n<\/p>\n<div class=\"sc-7ce6049-0 dwIKul\">\n<div class=\"sc-7ce6049-1 bdcBBS videoText\" id=\"contentTitleundefinedSJSpoVmT\"><svg fill=\"#ffffff\"><symbol id=\"play\" viewBox=\"0 0 512 512\"><path d=\"M512 256C512 397.4 397.4 512 256 512C114.6 512 0 397.4 0 256C0 114.6 114.6 0 256 0C397.4 0 512 114.6 512 256zM176 168V344C176 352.7 180.7 360.7 188.3 364.9C195.8 369.2 205.1 369 212.5 364.5L356.5 276.5C363.6 272.1 368 264.4 368 256C368 247.6 363.6 239.9 356.5 235.5L212.5 147.5C205.1 142.1 195.8 142.8 188.3 147.1C180.7 151.3 176 159.3 176 168V168z\" \/><\/symbol><use xlink:href=\"#play\" \/><\/svg><\/p>\n<div class=\"right\">\n<p>Boca Juniors<!-- --> &#8211;<!-- --> <span>29-8-2023<\/span><\/p>\n<h2 class=\"title-vid\">Chiquito y su lealtad con el Xeneize: \u00abVoy a morir por la camiseta de Boca\u00bb <\/h2>\n<\/div>\n<\/div>\n<p><span class=\"back\" id=\"spanBackundefinedSJSpoVmT\"><\/span><\/div>\n<div class=\"custom-text \" readability=\"39\">\n<p><strong>Romero no s\u00f3lo viene de ser la gran figura de la serie de octavos, tras atajar dos penales en la definici\u00f3n por penales ante Nacional.<\/strong> Adem\u00e1s, de visitante, como ser\u00e1 esta ocasi\u00f3n ante Racing, tiene una muy buena marca defendiendo el arco de Boca: s\u00f3lo le convirtieron un gol en cuatro partidos.<\/p>\n<\/div>\n<div class=\"custom-text \" readability=\"39\">\n<p>Fuera de la Bombonera, <strong>mantuvo el arco en cero ante Monagas, en su debut absoluto en la Libertadores, tambi\u00e9n contra Colo Colo en Chile y ante Nacional en el Gran Parque Central<\/strong>. S\u00f3lo le marcaron ante Deportivo Pereira, en Colombia, en lo que fue la \u00fanica derrota del Xeneize en esa condici\u00f3n.<\/p>\n<\/div>\n<div class=\"sc-7ce6049-0 dwIKul\">\n<div class=\"sc-7ce6049-1 bdcBBS videoText\" id=\"contentTitleundefinedVyXzKlWc\" readability=\"56\"><svg fill=\"#ffffff\"><symbol id=\"play\" viewBox=\"0 0 512 512\"><path d=\"M512 256C512 397.4 397.4 512 256 512C114.6 512 0 397.4 0 256C0 114.6 114.6 0 256 0C397.4 0 512 114.6 512 256zM176 168V344C176 352.7 180.7 360.7 188.3 364.9C195.8 369.2 205.1 369 212.5 364.5L356.5 276.5C363.6 272.1 368 264.4 368 256C368 247.6 363.6 239.9 356.5 235.5L212.5 147.5C205.1 142.1 195.8 142.8 188.3 147.1C180.7 151.3 176 159.3 176 168V168z\" \/><\/symbol><use xlink:href=\"#play\" \/><\/svg><\/p>\n<div class=\"right\" readability=\"7\">\n<p>Copa Libertadores<!-- --> &#8211;<!-- --> <span>29-8-2023<\/span><\/p>\n<h2 class=\"title-vid\">Boca pas\u00f3 en los penales<\/h2>\n<\/div>\n<\/div>\n<p><span class=\"back\" id=\"spanBackundefinedVyXzKlWc\"><\/span><\/div>\n<div class=\"custom-text \" readability=\"37\">\n<p>Por todo, la seguridad que supo transmitir a partir de su experiencia, es un plus que aportar\u00e1 el arquero de 36 a\u00f1os en Avellaneda. <strong>Y si la historia llega a definirse en los penales, pues ah\u00ed tambi\u00e9n sumar\u00e1 otro condimento extra a este partido que nunca hubiera querido jugar&#8230;<\/strong><\/p>\n<\/div>\n<div class=\"sc-a7166897-0 exHLBh\" readability=\"6.5\">\n<section readability=\"3\"><picture><img alt=\"El d\u00eda Barco: qu\u00e9 pasar\u00e1 con \u00e9l y por qu\u00e9 el Colo conf\u00eda en estar en el choque con Racing\" src=\"http:\/\/hoycordobaweb.com\/wp-content\/uploads\/2023\/08\/el-regreso-menos-esperado-para-chiquito-romero-su-primera-vez-en-el-cilindro-y-como-sera-recibido-6.jpg\" width=\"290\" height=\"290\" decoding=\"async\" data-nimg=\"future\" loading=\"lazy\"><\/picture>\n<p><span>Mir\u00e1 tambi\u00e9n<\/span><\/p>\n<hr>\n<h3>El d\u00eda Barco: qu\u00e9 pasar\u00e1 con \u00e9l y por qu\u00e9 el Colo conf\u00eda en estar en el choque con Racing<\/h3>\n<\/p>\n<\/section>\n<\/div>\n<div class=\"sc-a7166897-0 exHLBh\" readability=\"6.5\">\n<section readability=\"3\"><picture><img alt=\"La deuda pendiente de Fabra, muy cerca de seguir haciendo historia en Boca\" src=\"http:\/\/hoycordobaweb.com\/wp-content\/uploads\/2023\/08\/el-regreso-menos-esperado-para-chiquito-romero-su-primera-vez-en-el-cilindro-y-como-sera-recibido-7.jpg\" width=\"290\" height=\"290\" decoding=\"async\" data-nimg=\"future\" loading=\"lazy\"><\/picture>\n<p><span>Mir\u00e1 tambi\u00e9n<\/span><\/p>\n<hr>\n<h3>La deuda pendiente de Fabra, muy cerca de seguir haciendo historia en Boca<\/h3>\n<\/p>\n<\/section>\n<\/div>\n<div class=\"sc-a7166897-0 exHLBh\" readability=\"8.5\">\n<section readability=\"7\"><picture><img alt=\"Boca, EN VIVO: La evoluci\u00f3n de Barco, el cruce con Racing, el posible 11 de Almir\u00f3n, mercado de pases y m\u00e1s noticias del martes 29 de agosto\" src=\"http:\/\/hoycordobaweb.com\/wp-content\/uploads\/2023\/08\/el-regreso-menos-esperado-para-chiquito-romero-su-primera-vez-en-el-cilindro-y-como-sera-recibido-8.jpg\" width=\"290\" height=\"290\" decoding=\"async\" data-nimg=\"future\" loading=\"lazy\"><\/picture>\n<p><span>Mir\u00e1 tambi\u00e9n<\/span><\/p>\n<hr>\n<h3>Boca, EN VIVO: La evoluci\u00f3n de Barco, el cruce con Racing, el posible 11 de Almir\u00f3n, mercado de pases y m\u00e1s noticias del martes 29 de agosto<\/h3>\n<\/p>\n<\/section>\n<\/div>\n<div class=\"sc-a7166897-0 exHLBh\" readability=\"6.5\">\n<section readability=\"3\"><picture><img alt=\"La pol\u00e9mica reacci\u00f3n de Yamila Rodr\u00edguez por no haber sido convocada a la Selecci\u00f3n\" src=\"http:\/\/hoycordobaweb.com\/wp-content\/uploads\/2023\/08\/el-regreso-menos-esperado-para-chiquito-romero-su-primera-vez-en-el-cilindro-y-como-sera-recibido-9.jpg\" width=\"290\" height=\"290\" decoding=\"async\" data-nimg=\"future\" loading=\"lazy\"><\/picture>\n<p><span>Mir\u00e1 tambi\u00e9n<\/span><\/p>\n<hr>\n<h3>La pol\u00e9mica reacci\u00f3n de Yamila Rodr\u00edguez por no haber sido convocada a la Selecci\u00f3n<\/h3>\n<\/p>\n<\/section>\n<\/div>\n<\/div>\n","protected":false},"excerpt":{"rendered":"<p>29\/08\/2023 10:34hs. \u00abSoy de Racing, pero voy a morir por la camiseta de Boca\u00ab. Su \u00faltima declaraci\u00f3n p\u00fablica sobre la revancha por los cuartos de Copa define por s\u00ed sola lo que vivir\u00e1 Sergio Romero este mi\u00e9rcoles en el Cilindro. Ser\u00e1 su regreso a la cancha que lo vio nacer, la primera vez en toda [&hellip;]<\/p>\n","protected":false},"author":1,"featured_media":65694,"comment_status":"open","ping_status":"closed","sticky":false,"template":"","format":"standard","meta":[],"categories":[16],"tags":[],"_links":{"self":[{"href":"http:\/\/hoycordobaweb.com\/index.php\/wp-json\/wp\/v2\/posts\/65693"}],"collection":[{"href":"http:\/\/hoycordobaweb.com\/index.php\/wp-json\/wp\/v2\/posts"}],"about":[{"href":"http:\/\/hoycordobaweb.com\/index.php\/wp-json\/wp\/v2\/types\/post"}],"author":[{"embeddable":true,"href":"http:\/\/hoycordobaweb.com\/index.php\/wp-json\/wp\/v2\/users\/1"}],"replies":[{"embeddable":true,"href":"http:\/\/hoycordobaweb.com\/index.php\/wp-json\/wp\/v2\/comments?post=65693"}],"version-history":[{"count":0,"href":"http:\/\/hoycordobaweb.com\/index.php\/wp-json\/wp\/v2\/posts\/65693\/revisions"}],"wp:featuredmedia":[{"embeddable":true,"href":"http:\/\/hoycordobaweb.com\/index.php\/wp-json\/wp\/v2\/media\/65694"}],"wp:attachment":[{"href":"http:\/\/hoycordobaweb.com\/index.php\/wp-json\/wp\/v2\/media?parent=65693"}],"wp:term":[{"taxonomy":"category","embeddable":true,"href":"http:\/\/hoycordobaweb.com\/index.php\/wp-json\/wp\/v2\/categories?post=65693"},{"taxonomy":"post_tag","embeddable":true,"href":"http:\/\/hoycordobaweb.com\/index.php\/wp-json\/wp\/v2\/tags?post=65693"}],"curies":[{"name":"wp","href":"https:\/\/api.w.org\/{rel}","templated":true}]}}