{"id":65687,"date":"2023-08-29T13:59:48","date_gmt":"2023-08-29T13:59:48","guid":{"rendered":"https:\/\/www.ole.com.ar\/futbol-internacional\/francia\/kylian-mbappe-thierry-henry-seleccion-francia-sub-21-futbol-juegos-olimpicos-paris-2024-saint-germain-parque-principes-medalla-ilusion-declaracion-entrevista_0_tTt8MYPPZN.html"},"modified":"2023-08-29T13:59:48","modified_gmt":"2023-08-29T13:59:48","slug":"mbappe-en-los-juegos-olimpicos-de-paris-2024","status":"publish","type":"post","link":"http:\/\/hoycordobaweb.com\/index.php\/2023\/08\/29\/mbappe-en-los-juegos-olimpicos-de-paris-2024\/","title":{"rendered":"\u00bfMbapp\u00e9 en los Juegos Ol\u00edmpicos de Par\u00eds 2024?"},"content":{"rendered":"<p><img src=\"http:\/\/hoycordobaweb.com\/wp-content\/uploads\/2023\/08\/mbappe-en-los-juegos-olimpicos-de-paris-2024.jpg\"><\/p>\n<p><time class=\"createDate\" datetime=\"2023-08-29T10:59:48-03:00\">29\/08\/2023 10:59hs.<\/time><time class=\"modificatedDate\" datetime=\"2023-08-29T10:59:48-03:00\"><\/time><\/p>\n<div id=\"storyBody\">\n<div class=\"custom-text \" readability=\"11.617021276596\">\n<p>Sue\u00f1a en grande. Al ser oficializado como nuevo entrenador de la <strong><a href=\"https:\/\/www.ole.com.ar\/tema\/seleccion-de-francia.html\" title=\"Selecci\u00f3n de Francia\" alt=\"Selecci\u00f3n de Francia\" class=\"slug\">selecci\u00f3n sub 21 de Francia<\/a><\/strong>, <strong><a href=\"https:\/\/www.ole.com.ar\/tema\/thierry-henry.html\" title=\"Thierry Henry\" alt=\"Thierry Henry\" class=\"slug\">Thierry Henry<\/a> est\u00e1 buscando convencer a las j\u00f3venes estrellas de representar a su naci\u00f3n en los <a href=\"https:\/\/www.ole.com.ar\/tema\/juegos-olimpicos.html\" title=\"Juegos Olimpicos\" alt=\"Juegos Olimpicos\" class=\"slug\">Juegos Ol\u00edmpicos<\/a>, a disputarse el a\u00f1o pr\u00f3ximo en Par\u00eds<\/strong>. De hecho, entre todas esas figuras se encuentra <a href=\"https:\/\/www.ole.com.ar\/tema\/kylian-mbappe.html\" title=\"Kylian Mbapp\u00e9\" alt=\"Kylian Mbapp\u00e9\" class=\"slug\">Kylian Mbapp\u00e9<\/a>, m\u00e1ximo exponente del f\u00fatbol galo al que Tit\u00ed busca convencer para acercarse a\u00fan m\u00e1s al medallero&#8230;<\/p>\n<\/div>\n<div class=\"custom-text \" readability=\"17\">\n<p>Durante una entrevista con el peri\u00f3dico Onze Mondial, Henry se refiri\u00f3 a la posibilidad real de que Donatello sea el l\u00edder de su equipo en la hist\u00f3rica competencia multideportiva: \u00ab<strong>En el campo, jugar juntos habr\u00eda sido bastante bueno (sonr\u00ede). Pero por ahora en mi cabeza, es Nancy, Dinamarca, un juego dif\u00edcil de ganar (duelo clasificatorio a la Eurocopa Sub 21)<\/strong>. Es importante, tenemos los Juegos Ol\u00edmpicos en Francia, es un momento hist\u00f3rico\u00bb. <\/p>\n<\/div>\n<div class=\"custom-text \" readability=\"14.070080862534\">\n<p>\u00ab<strong>Es raro tener los Juegos Ol\u00edmpicos dos veces en 100 a\u00f1os, solo Estados Unidos ha tenido este privilegio. <\/strong>S\u00faper feliz, feliz de que sea en Francia\u00bb, agreg\u00f3 <strong>el estratega de 46 a\u00f1os, que estuvo presente el pasado s\u00e1bado 26 de agosto dentro del Parque de los Pr\u00edncipes<\/strong> para ver el triunfo 3-1 del <strong><a href=\"https:\/\/www.ole.com.ar\/tema\/paris-saint-germain.html\" title=\"Paris Saint Germain\" alt=\"Paris Saint Germain\" class=\"slug\">Paris Saint Germain<\/a><\/strong> ante <strong><a href=\"https:\/\/www.ole.com.ar\/tema\/lens.html\" title=\"Lens\" alt=\"Lens\" class=\"slug\">Lens<\/a><\/strong>, donde Mbapp\u00e9 se luci\u00f3 con un doblete. <\/p>\n<\/div>\n<div class=\"custom-text \" readability=\"10.715867158672\">\n<p>Igualmente, el hist\u00f3rico atacante del <strong><a href=\"https:\/\/www.ole.com.ar\/tema\/arsenal-fc.html\" title=\"Arsenal FC\" alt=\"Arsenal FC\" class=\"slug\">Arsenal<\/a><\/strong> se mostr\u00f3 cauteloso con respecto a su futuro en el cargo: \u00abPor ahora, <strong>soy entrenador de la sub-21 con fecha l\u00edmite de clasificaci\u00f3n para la Eurocopa.<\/strong> Estoy centrado en los jugadores nacidos en 2002 y eso ya no est\u00e1 mal\u00bb.<\/p>\n<\/div>\n<p><h2>Seg\u00fan el reglamento, Mbapp\u00e9 puede jugar los Juegos Ol\u00edmpicos<\/h2>\n<\/p>\n<div class=\"sc-e7b891c4-0 jPbnQF\"><img alt=\"Mbapp\u00e9 y la posibilidad de jugar los Juegos Ol\u00edmpicos de Paris. (Reuters)\" src=\"http:\/\/hoycordobaweb.com\/wp-content\/uploads\/2023\/08\/mbappe-en-los-juegos-olimpicos-de-paris-2024-2.jpg\" width=\"720\" height=\"100\" decoding=\"async\" data-nimg=\"future\" loading=\"lazy\"><span class=\"epigraphe\">Mbapp\u00e9 y la posibilidad de jugar los Juegos Ol\u00edmpicos de Paris. (Reuters)<\/span><\/div>\n<div class=\"custom-text \" readability=\"11.75366568915\">\n<p>A partir de los Juegos Ol\u00edmpicos de Barcelona 1992, la <strong><a href=\"https:\/\/www.ole.com.ar\/tema\/fifa.html\" title=\"FIFA\" alt=\"FIFA\" class=\"slug\">FIFA<\/a><\/strong> (Federaci\u00f3n Internacional de F\u00fatbol Asociaci\u00f3n) y el <strong><a href=\"https:\/\/www.ole.com.ar\/tema\/comite-olimpico-internacional.html\" title=\"Comit\u00e9 Ol\u00edmpico Internacional\" alt=\"Comit\u00e9 Ol\u00edmpico Internacional\" class=\"slug\">COI<\/a><\/strong> (Comit\u00e9 Ol\u00edmpico Internacional) decidieron que<strong> las selecciones nacionales de f\u00fatbol que compitan por una medalla sean integradas por jugadores menores de 23 a\u00f1os de edad<\/strong>. Sin embargo, colocaron algunas excepciones&#8230;<\/p>\n<\/div>\n<div class=\"custom-text \" readability=\"13\">\n<p>Pese a la admisi\u00f3n exclusiva de futbolistas jovenes, lo cierto es que <strong>el reglamento permite a cada equipo la inscripci\u00f3n de tres hombres mayores de edad<\/strong>. Gracias a ello, Kylian Mbapp\u00e9, que llegar\u00eda a la competici\u00f3n con 25 a\u00f1os, no tendr\u00eda ning\u00fan problema para participar. <\/p>\n<\/div>\n<p><h2>Mbapp\u00e9 y su magia en la selecci\u00f3n de Francia<\/h2>\n<\/p>\n<div class=\"sc-7ce6049-0 dwIKul\">\n<div class=\"sc-7ce6049-1 bdcBBS videoText\" id=\"contentTitleundefined5SWpJKTY\" readability=\"6\"><svg fill=\"#ffffff\"><symbol id=\"play\" viewBox=\"0 0 512 512\"><path d=\"M512 256C512 397.4 397.4 512 256 512C114.6 512 0 397.4 0 256C0 114.6 114.6 0 256 0C397.4 0 512 114.6 512 256zM176 168V344C176 352.7 180.7 360.7 188.3 364.9C195.8 369.2 205.1 369 212.5 364.5L356.5 276.5C363.6 272.1 368 264.4 368 256C368 247.6 363.6 239.9 356.5 235.5L212.5 147.5C205.1 142.1 195.8 142.8 188.3 147.1C180.7 151.3 176 159.3 176 168V168z\" \/><\/symbol><use xlink:href=\"#play\" \/><\/svg><\/p>\n<div class=\"right\" readability=\"7\">\n<p>Selecci\u00f3n de Francia<!-- --> &#8211;<!-- --> <span>29-8-2023<\/span><\/p>\n<h2 class=\"title-vid\">Repitieron el penal y Mbapp\u00e9 acert\u00f3<\/h2>\n<\/div>\n<\/div>\n<p><span class=\"back\" id=\"spanBackundefined5SWpJKTY\"><\/span><\/div>\n<div class=\"sc-7ce6049-0 dwIKul\">\n<div class=\"sc-7ce6049-1 bdcBBS videoText\" id=\"contentTitleundefinedLVUz6VDl\" readability=\"6\"><svg fill=\"#ffffff\"><symbol id=\"play\" viewBox=\"0 0 512 512\"><path d=\"M512 256C512 397.4 397.4 512 256 512C114.6 512 0 397.4 0 256C0 114.6 114.6 0 256 0C397.4 0 512 114.6 512 256zM176 168V344C176 352.7 180.7 360.7 188.3 364.9C195.8 369.2 205.1 369 212.5 364.5L356.5 276.5C363.6 272.1 368 264.4 368 256C368 247.6 363.6 239.9 356.5 235.5L212.5 147.5C205.1 142.1 195.8 142.8 188.3 147.1C180.7 151.3 176 159.3 176 168V168z\" \/><\/symbol><use xlink:href=\"#play\" \/><\/svg><\/p>\n<div class=\"right\" readability=\"7\">\n<p>Kylian Mbapp\u00e9<!-- --> &#8211;<!-- --> <span>29-8-2023<\/span><\/p>\n<h2 class=\"title-vid\">Mbapp\u00e9 lo empat\u00f3 de penal<\/h2>\n<\/div>\n<\/div>\n<p><span class=\"back\" id=\"spanBackundefinedLVUz6VDl\"><\/span><\/div>\n<div class=\"sc-7ce6049-0 dwIKul\">\n<div class=\"sc-7ce6049-1 bdcBBS videoText\" id=\"contentTitleundefinedabMP99KV\" readability=\"6\"><svg fill=\"#ffffff\"><symbol id=\"play\" viewBox=\"0 0 512 512\"><path d=\"M512 256C512 397.4 397.4 512 256 512C114.6 512 0 397.4 0 256C0 114.6 114.6 0 256 0C397.4 0 512 114.6 512 256zM176 168V344C176 352.7 180.7 360.7 188.3 364.9C195.8 369.2 205.1 369 212.5 364.5L356.5 276.5C363.6 272.1 368 264.4 368 256C368 247.6 363.6 239.9 356.5 235.5L212.5 147.5C205.1 142.1 195.8 142.8 188.3 147.1C180.7 151.3 176 159.3 176 168V168z\" \/><\/symbol><use xlink:href=\"#play\" \/><\/svg><\/p>\n<div class=\"right\" readability=\"7\">\n<p>Selecci\u00f3n de Francia<!-- --> &#8211;<!-- --> <span>29-8-2023<\/span><\/p>\n<h2 class=\"title-vid\">Mbapp\u00e9 empat\u00f3 el partido<\/h2>\n<\/div>\n<\/div>\n<p><span class=\"back\" id=\"spanBackundefinedabMP99KV\"><\/span><\/div>\n<div class=\"sc-7ce6049-0 dwIKul\">\n<div class=\"sc-7ce6049-1 bdcBBS videoText\" id=\"contentTitleundefinedtZWXcmn8\" readability=\"6\"><svg fill=\"#ffffff\"><symbol id=\"play\" viewBox=\"0 0 512 512\"><path d=\"M512 256C512 397.4 397.4 512 256 512C114.6 512 0 397.4 0 256C0 114.6 114.6 0 256 0C397.4 0 512 114.6 512 256zM176 168V344C176 352.7 180.7 360.7 188.3 364.9C195.8 369.2 205.1 369 212.5 364.5L356.5 276.5C363.6 272.1 368 264.4 368 256C368 247.6 363.6 239.9 356.5 235.5L212.5 147.5C205.1 142.1 195.8 142.8 188.3 147.1C180.7 151.3 176 159.3 176 168V168z\" \/><\/symbol><use xlink:href=\"#play\" \/><\/svg><\/p>\n<div class=\"right\" readability=\"7\">\n<p>Selecci\u00f3n Argentina<!-- --> &#8211;<!-- --> <span>29-8-2023<\/span><\/p>\n<h2 class=\"title-vid\">Mbapp\u00e9 descont\u00f3 de penal<\/h2>\n<\/div>\n<\/div>\n<p><span class=\"back\" id=\"spanBackundefinedtZWXcmn8\"><\/span><\/div>\n<div class=\"sc-7ce6049-0 dwIKul\">\n<div class=\"sc-7ce6049-1 bdcBBS videoText\" id=\"contentTitleundefinedC2F9vC0M\" readability=\"6\"><svg fill=\"#ffffff\"><symbol id=\"play\" viewBox=\"0 0 512 512\"><path d=\"M512 256C512 397.4 397.4 512 256 512C114.6 512 0 397.4 0 256C0 114.6 114.6 0 256 0C397.4 0 512 114.6 512 256zM176 168V344C176 352.7 180.7 360.7 188.3 364.9C195.8 369.2 205.1 369 212.5 364.5L356.5 276.5C363.6 272.1 368 264.4 368 256C368 247.6 363.6 239.9 356.5 235.5L212.5 147.5C205.1 142.1 195.8 142.8 188.3 147.1C180.7 151.3 176 159.3 176 168V168z\" \/><\/symbol><use xlink:href=\"#play\" \/><\/svg><\/p>\n<div class=\"right\" readability=\"7\">\n<p>Mundial Qatar 2022<!-- --> &#8211;<!-- --> <span>29-8-2023<\/span><\/p>\n<h2 class=\"title-vid\">La corrida de Mbapp\u00e9<\/h2>\n<\/div>\n<\/div>\n<p><span class=\"back\" id=\"spanBackundefinedC2F9vC0M\"><\/span><\/div>\n<div class=\"sc-7ce6049-0 dwIKul\">\n<div class=\"sc-7ce6049-1 bdcBBS videoText\" id=\"contentTitleundefinedHoePxcoJ\" readability=\"6\"><svg fill=\"#ffffff\"><symbol id=\"play\" viewBox=\"0 0 512 512\"><path d=\"M512 256C512 397.4 397.4 512 256 512C114.6 512 0 397.4 0 256C0 114.6 114.6 0 256 0C397.4 0 512 114.6 512 256zM176 168V344C176 352.7 180.7 360.7 188.3 364.9C195.8 369.2 205.1 369 212.5 364.5L356.5 276.5C363.6 272.1 368 264.4 368 256C368 247.6 363.6 239.9 356.5 235.5L212.5 147.5C205.1 142.1 195.8 142.8 188.3 147.1C180.7 151.3 176 159.3 176 168V168z\" \/><\/symbol><use xlink:href=\"#play\" \/><\/svg><\/p>\n<div class=\"right\" readability=\"7\">\n<p>Kylian Mbapp\u00e9<!-- --> &#8211;<!-- --> <span>29-8-2023<\/span><\/p>\n<h2 class=\"title-vid\">Doblete de Mbapp\u00e9 para el tercero de Francia<\/h2>\n<\/div>\n<\/div>\n<p><span class=\"back\" id=\"spanBackundefinedHoePxcoJ\"><\/span><\/div>\n<div class=\"sc-7ce6049-0 dwIKul\">\n<div class=\"sc-7ce6049-1 bdcBBS videoText\" id=\"contentTitleundefined2pDR8dWU\" readability=\"6\"><svg fill=\"#ffffff\"><symbol id=\"play\" viewBox=\"0 0 512 512\"><path d=\"M512 256C512 397.4 397.4 512 256 512C114.6 512 0 397.4 0 256C0 114.6 114.6 0 256 0C397.4 0 512 114.6 512 256zM176 168V344C176 352.7 180.7 360.7 188.3 364.9C195.8 369.2 205.1 369 212.5 364.5L356.5 276.5C363.6 272.1 368 264.4 368 256C368 247.6 363.6 239.9 356.5 235.5L212.5 147.5C205.1 142.1 195.8 142.8 188.3 147.1C180.7 151.3 176 159.3 176 168V168z\" \/><\/symbol><use xlink:href=\"#play\" \/><\/svg><\/p>\n<div class=\"right\" readability=\"7\">\n<p>Selecci\u00f3n de Francia<!-- --> &#8211;<!-- --> <span>29-8-2023<\/span><\/p>\n<h2 class=\"title-vid\">Golazo de Mbapp\u00e9 para el 2 a 0 de Francia<\/h2>\n<\/div>\n<\/div>\n<p><span class=\"back\" id=\"spanBackundefined2pDR8dWU\"><\/span><\/div>\n<div class=\"sc-7ce6049-0 dwIKul\">\n<div class=\"sc-7ce6049-1 bdcBBS videoText\" id=\"contentTitleundefined9zM0n6OB\" readability=\"6\"><svg fill=\"#ffffff\"><symbol id=\"play\" viewBox=\"0 0 512 512\"><path d=\"M512 256C512 397.4 397.4 512 256 512C114.6 512 0 397.4 0 256C0 114.6 114.6 0 256 0C397.4 0 512 114.6 512 256zM176 168V344C176 352.7 180.7 360.7 188.3 364.9C195.8 369.2 205.1 369 212.5 364.5L356.5 276.5C363.6 272.1 368 264.4 368 256C368 247.6 363.6 239.9 356.5 235.5L212.5 147.5C205.1 142.1 195.8 142.8 188.3 147.1C180.7 151.3 176 159.3 176 168V168z\" \/><\/symbol><use xlink:href=\"#play\" \/><\/svg><\/p>\n<div class=\"right\" readability=\"7\">\n<p>Selecci\u00f3n de Francia<!-- --> &#8211;<!-- --> <span>29-8-2023<\/span><\/p>\n<h2 class=\"title-vid\">Doblete de Mbapp\u00e9 para el 2 a 1 de Francia<\/h2>\n<\/div>\n<\/div>\n<p><span class=\"back\" id=\"spanBackundefined9zM0n6OB\"><\/span><\/div>\n<div class=\"sc-7ce6049-0 dwIKul\">\n<div class=\"sc-7ce6049-1 bdcBBS videoText\" id=\"contentTitleundefinedU88Vt6I3\" readability=\"6\"><svg fill=\"#ffffff\"><symbol id=\"play\" viewBox=\"0 0 512 512\"><path d=\"M512 256C512 397.4 397.4 512 256 512C114.6 512 0 397.4 0 256C0 114.6 114.6 0 256 0C397.4 0 512 114.6 512 256zM176 168V344C176 352.7 180.7 360.7 188.3 364.9C195.8 369.2 205.1 369 212.5 364.5L356.5 276.5C363.6 272.1 368 264.4 368 256C368 247.6 363.6 239.9 356.5 235.5L212.5 147.5C205.1 142.1 195.8 142.8 188.3 147.1C180.7 151.3 176 159.3 176 168V168z\" \/><\/symbol><use xlink:href=\"#play\" \/><\/svg><\/p>\n<div class=\"right\" readability=\"7\">\n<p>Selecci\u00f3n de Francia<!-- --> &#8211;<!-- --> <span>29-8-2023<\/span><\/p>\n<h2 class=\"title-vid\">Mbapp\u00e9 marc\u00f3 el 1 a 0 para Francia<\/h2>\n<\/div>\n<\/div>\n<p><span class=\"back\" id=\"spanBackundefinedU88Vt6I3\"><\/span><\/div>\n<div class=\"sc-7ce6049-0 dwIKul\">\n<div class=\"sc-7ce6049-1 bdcBBS videoText\" id=\"contentTitleundefinedHZIYJGpS\" readability=\"6\"><svg fill=\"#ffffff\"><symbol id=\"play\" viewBox=\"0 0 512 512\"><path d=\"M512 256C512 397.4 397.4 512 256 512C114.6 512 0 397.4 0 256C0 114.6 114.6 0 256 0C397.4 0 512 114.6 512 256zM176 168V344C176 352.7 180.7 360.7 188.3 364.9C195.8 369.2 205.1 369 212.5 364.5L356.5 276.5C363.6 272.1 368 264.4 368 256C368 247.6 363.6 239.9 356.5 235.5L212.5 147.5C205.1 142.1 195.8 142.8 188.3 147.1C180.7 151.3 176 159.3 176 168V168z\" \/><\/symbol><use xlink:href=\"#play\" \/><\/svg><\/p>\n<div class=\"right\" readability=\"7\">\n<p>Mundial Qatar 2022<!-- --> &#8211;<!-- --> <span>29-8-2023<\/span><\/p>\n<h2 class=\"title-vid\">Mbapp\u00e9 anot\u00f3 el 3 a 1<\/h2>\n<\/div>\n<\/div>\n<p><span class=\"back\" id=\"spanBackundefinedHZIYJGpS\"><\/span><\/div>\n<div class=\"sc-a7166897-0 exHLBh\" readability=\"6.5\">\n<section readability=\"3\"><picture><img alt=\"Champions League 2023: \u00bfcu\u00e1ndo, a qu\u00e9 hora y por d\u00f3nde ver el sorteo?\" src=\"http:\/\/hoycordobaweb.com\/wp-content\/uploads\/2023\/08\/mbappe-en-los-juegos-olimpicos-de-paris-2024-3.jpg\" width=\"290\" height=\"290\" decoding=\"async\" data-nimg=\"future\" loading=\"lazy\"><\/picture>\n<p><span>Mir\u00e1 tambi\u00e9n<\/span><\/p>\n<hr>\n<h3>Champions League 2023: \u00bfcu\u00e1ndo, a qu\u00e9 hora y por d\u00f3nde ver el sorteo?<\/h3>\n<\/p>\n<\/section>\n<\/div>\n<div class=\"sc-a7166897-0 exHLBh\" readability=\"6\">\n<section readability=\"2\"><picture><img alt=\"Debut complicado para Nacho Miram\u00f3n en Lille \" src=\"http:\/\/hoycordobaweb.com\/wp-content\/uploads\/2023\/08\/mbappe-en-los-juegos-olimpicos-de-paris-2024-4.jpg\" width=\"290\" height=\"290\" decoding=\"async\" data-nimg=\"future\" loading=\"lazy\"><\/picture>\n<p><span>Mir\u00e1 tambi\u00e9n<\/span><\/p>\n<hr>\n<h3>Debut complicado para Nacho Miram\u00f3n en Lille <\/h3>\n<\/p>\n<\/section>\n<\/div>\n<div class=\"sc-a7166897-0 exHLBh\" readability=\"6\">\n<section readability=\"2\"><picture><img alt=\"Correa y la inspiraci\u00f3n de un \u00eddolo de River que la rompi\u00f3 en Marsella\" src=\"http:\/\/hoycordobaweb.com\/wp-content\/uploads\/2023\/08\/mbappe-en-los-juegos-olimpicos-de-paris-2024-5.jpg\" width=\"290\" height=\"290\" decoding=\"async\" data-nimg=\"future\" loading=\"lazy\"><\/picture>\n<p><span>Mir\u00e1 tambi\u00e9n<\/span><\/p>\n<hr>\n<h3>Correa y la inspiraci\u00f3n de un \u00eddolo de River que la rompi\u00f3 en Marsella<\/h3>\n<\/p>\n<\/section>\n<\/div>\n<\/div>\n","protected":false},"excerpt":{"rendered":"<p>29\/08\/2023 10:59hs. Sue\u00f1a en grande. Al ser oficializado como nuevo entrenador de la selecci\u00f3n sub 21 de Francia, Thierry Henry est\u00e1 buscando convencer a las j\u00f3venes estrellas de representar a su naci\u00f3n en los Juegos Ol\u00edmpicos, a disputarse el a\u00f1o pr\u00f3ximo en Par\u00eds. De hecho, entre todas esas figuras se encuentra Kylian Mbapp\u00e9, m\u00e1ximo exponente [&hellip;]<\/p>\n","protected":false},"author":1,"featured_media":65688,"comment_status":"open","ping_status":"closed","sticky":false,"template":"","format":"standard","meta":[],"categories":[16],"tags":[],"_links":{"self":[{"href":"http:\/\/hoycordobaweb.com\/index.php\/wp-json\/wp\/v2\/posts\/65687"}],"collection":[{"href":"http:\/\/hoycordobaweb.com\/index.php\/wp-json\/wp\/v2\/posts"}],"about":[{"href":"http:\/\/hoycordobaweb.com\/index.php\/wp-json\/wp\/v2\/types\/post"}],"author":[{"embeddable":true,"href":"http:\/\/hoycordobaweb.com\/index.php\/wp-json\/wp\/v2\/users\/1"}],"replies":[{"embeddable":true,"href":"http:\/\/hoycordobaweb.com\/index.php\/wp-json\/wp\/v2\/comments?post=65687"}],"version-history":[{"count":0,"href":"http:\/\/hoycordobaweb.com\/index.php\/wp-json\/wp\/v2\/posts\/65687\/revisions"}],"wp:featuredmedia":[{"embeddable":true,"href":"http:\/\/hoycordobaweb.com\/index.php\/wp-json\/wp\/v2\/media\/65688"}],"wp:attachment":[{"href":"http:\/\/hoycordobaweb.com\/index.php\/wp-json\/wp\/v2\/media?parent=65687"}],"wp:term":[{"taxonomy":"category","embeddable":true,"href":"http:\/\/hoycordobaweb.com\/index.php\/wp-json\/wp\/v2\/categories?post=65687"},{"taxonomy":"post_tag","embeddable":true,"href":"http:\/\/hoycordobaweb.com\/index.php\/wp-json\/wp\/v2\/tags?post=65687"}],"curies":[{"name":"wp","href":"https:\/\/api.w.org\/{rel}","templated":true}]}}