{"id":65649,"date":"2023-08-28T12:02:47","date_gmt":"2023-08-28T12:02:47","guid":{"rendered":"https:\/\/www.mujerhoy.com\/moda\/no-te-pierdas\/zapatos-mas-comodos-otono-como-llevar-zuecos-con-calcetines-20230828135751-nt.html"},"modified":"2023-08-28T12:02:47","modified_gmt":"2023-08-28T12:02:47","slug":"los-mejores-zuecos-para-ir-ahora-comodisima-y-llevar-en-otono-con-calcetines","status":"publish","type":"post","link":"http:\/\/hoycordobaweb.com\/index.php\/2023\/08\/28\/los-mejores-zuecos-para-ir-ahora-comodisima-y-llevar-en-otono-con-calcetines\/","title":{"rendered":"Los mejores zuecos para ir ahora comod\u00edsima y llevar en oto\u00f1o con calcetines"},"content":{"rendered":"<p><!-- AUTHOR --><\/p>\n<div class=\"voc-author-timesocial \"><!-- AUTHOR --><\/p>\n<div class=\"voc-author-timesocial__signature\"><!-- IMAGE AUTHOR --><picture class=\"voc-image-signature\"><img class=\"voc-image-signature__img\" src=\"http:\/\/hoycordobaweb.com\/wp-content\/uploads\/2023\/08\/los-mejores-zuecos-para-ir-ahora-comodisima-y-llevar-en-otono-con-calcetines.jpg\" alt=\"Carla Dom\u00ednguez\"><\/picture><!-- INFO AUTHOR --><\/div>\n<\/div>\n<p><!-- COMPONENTS --><\/p>\n<p class=\"voc-paragraph\">No figuraban como una de las tendencias claras de este a\u00f1o, y sin embargo, vuelven a estar a la cabeza de <strong>los zapatos que m\u00e1s ver\u00e1s<\/strong> desde que comience el fresquito. <a data-voc-vtm-id=\"in-text-traffic\" href=\"https:\/\/www.mujerhoy.com\/moda\/no-te-pierdas\/zuecos-comodos-mujer-preciosos-calentitos-baratos-20230114125506-nt.html\">Los zuecos<\/a> son el calzado que regresa con fuerza y los ver\u00e1s con tac\u00f3n o planos.\n<\/p>\n<p class=\"voc-paragraph\">Antes no era muy fan de <a data-voc-vtm-id=\"in-text-traffic\" href=\"https:\/\/www.mujerhoy.com\/moda\/no-te-pierdas\/zuecos-goma-zapatos-comodos-verano-tendencia-20230805131820-nt.html\">los zuecos<\/a>, pero ahora hay tantas versiones que merece la pena hacerse con unos. Y te preguntar\u00e1s, \u00bfc\u00f3mo se llevan en oto\u00f1o-invierno? Pues <strong>con calcetines<\/strong>. Y s\u00ed, quedan bien. As\u00ed lo hemos visto a influencers y famosas y es una de las mejores formas de lucir zuecos.\n<\/p>\n<p class=\"voc-paragraph\">Aunque los zuecos competir\u00e1n este a\u00f1o con <a data-voc-vtm-id=\"in-text-traffic\" href=\"https:\/\/www.mujerhoy.com\/moda\/no-te-pierdas\/bailarinas-strass-mango-calzado-tendencia-otono-20230825131939-nt.html\" title=\"www.mujerhoy.com\">las bailarinas<\/a> y las <a data-voc-vtm-id=\"in-text-traffic\" href=\"https:\/\/www.mujerhoy.com\/moda\/no-te-pierdas\/deportivas-lowcost-casual-diario-zara-mango-stradivarius-20230809080221-nt.html\" title=\"www.mujerhoy.com\">zapatillas deportivas<\/a>, es uno de los zapatos que incluiremos en nuestro armario. <strong>Combina con todo<\/strong>: desde unos pantalones de sastrer\u00eda, <a data-voc-vtm-id=\"in-text-traffic\" href=\"https:\/\/www.mujerhoy.com\/moda\/no-te-pierdas\/faldas-midi-tendencia-rebajas-zara-mango-20230704103241-nt.html\">faldas midi<\/a> satinadas hasta vestidos de punto.\n<\/p>\n<p class=\"voc-paragraph\">Para que vayas haciendo hueco en tu armario, te proponemos una lista con algunos de <strong>nuestros zuecos favoritos<\/strong>. Nosotras ya los tenemos en nuestra wishlist de la temporada. Son zuecos muy variados, con dise\u00f1os diferentes y sobre todo, c\u00f3modos. \u00a1Elige tu favorito!\n<\/p>\n<p><h3 class=\"voc-detail__title\"> Zueco con tac\u00f3n alto<br \/>\n<\/h3>\n<\/p>\n<div class=\"voc-detail-photo-zoom\"><picture data-toggle=\"modal\" data-target=\"#photoZoomModal-323\" target=\"modal\">\n<div class=\"voc-img-icon-link\"><img loading=\"lazy\" data-original=\"\/\/static3.mujerhoy.com\/www\/multimedia\/202308\/22\/media\/cortadas\/zuecos-tacon-zara-kCNH--460x637@MujerHoy.jpg\" class=\"lazy adsviu_analyse\" alt=\"Zueco con tac\u00f3n alto de Zara. Foto: Zara.\"><noscript><img src=\"http:\/\/hoycordobaweb.com\/wp-content\/uploads\/2023\/08\/los-mejores-zuecos-para-ir-ahora-comodisima-y-llevar-en-otono-con-calcetines-1.jpg\" alt=\"Zueco con tac\u00f3n alto de Zara. Foto: Zara.\"><\/noscript><i class=\"voc-icons zoom voc-multimedia-box voc-ico-l\"><\/i><\/div><figcaption class=\"figure-caption\">Zueco con tac\u00f3n alto de Zara. Foto: Zara.<\/figcaption><\/picture><\/div>\n<div id=\"photoZoomModal-323\" class=\"voc-lightbox modal fade voc-lightbox--photo-zoom\" role=\"dialog\" data-voc-photozoom-lightbox>\n<div class=\"voc-lightbox__dialog\" role=\"document\">\n<div class=\"voc-lightbox__content\"><!-- Modal header --><!-- Modal content --><\/p>\n<div class=\"voc-lightbox__photo-container\"><picture class><img loading=\"lazy\" data-original=\"\/\/static3.mujerhoy.com\/www\/multimedia\/202308\/22\/media\/cortadas\/zuecos-tacon-zara-kCNH--460x637@MujerHoy.jpg\" alt=\"Zueco con tac\u00f3n alto de Zara. Foto: Zara.\" class=\"lazy\"><noscript><img src=\"http:\/\/hoycordobaweb.com\/wp-content\/uploads\/2023\/08\/los-mejores-zuecos-para-ir-ahora-comodisima-y-llevar-en-otono-con-calcetines-1.jpg\" alt=\"Zueco con tac\u00f3n alto de Zara. Foto: Zara.\"><\/noscript><\/picture><\/div>\n<\/div>\n<\/div>\n<\/div>\n<p class=\"voc-paragraph\">Los zuecos vienen con altura esta temporada. Uno de los dise\u00f1os que m\u00e1s nos han gustado, lo hemos fichado en la web de <strong>Zara<\/strong>. Se trata de un zueco de tac\u00f3n ancho con tejido de serraje y tachuelas met\u00e1licas. Cuenta una altura de unos 8 cent\u00edmetros y tiene <strong>un precio de 49,95 euros.<\/strong><\/p>\n<p><h3 class=\"voc-detail__title\"> Zuecos estilo mocas\u00edn<br \/>\n<\/h3>\n<\/p>\n<div class=\"voc-detail-photo-zoom\"><picture data-toggle=\"modal\" data-target=\"#photoZoomModal-614\" target=\"modal\">\n<div class=\"voc-img-icon-link\"><img loading=\"lazy\" data-original=\"\/\/static3.mujerhoy.com\/www\/multimedia\/202308\/22\/media\/cortadas\/zuecos-geniuns-marrones-kCNH--460x637@MujerHoy.jpg\" class=\"lazy adsviu_analyse\" alt=\"Zuecos estilo mocas\u00edn de Genuins. Foto: Genuins.\"><noscript><img src=\"http:\/\/hoycordobaweb.com\/wp-content\/uploads\/2023\/08\/los-mejores-zuecos-para-ir-ahora-comodisima-y-llevar-en-otono-con-calcetines-2.jpg\" alt=\"Zuecos estilo mocas\u00edn de Genuins. Foto: Genuins.\"><\/noscript><i class=\"voc-icons zoom voc-multimedia-box voc-ico-l\"><\/i><\/div><figcaption class=\"figure-caption\">Zuecos estilo mocas\u00edn de Genuins. Foto: Genuins.<\/figcaption><\/picture><\/div>\n<div id=\"photoZoomModal-614\" class=\"voc-lightbox modal fade voc-lightbox--photo-zoom\" role=\"dialog\" data-voc-photozoom-lightbox>\n<div class=\"voc-lightbox__dialog\" role=\"document\">\n<div class=\"voc-lightbox__content\"><!-- Modal header --><!-- Modal content --><\/p>\n<div class=\"voc-lightbox__photo-container\"><picture class><img loading=\"lazy\" data-original=\"\/\/static3.mujerhoy.com\/www\/multimedia\/202308\/22\/media\/cortadas\/zuecos-geniuns-marrones-kCNH--460x637@MujerHoy.jpg\" alt=\"Zuecos estilo mocas\u00edn de Genuins. Foto: Genuins.\" class=\"lazy\"><noscript><img src=\"http:\/\/hoycordobaweb.com\/wp-content\/uploads\/2023\/08\/los-mejores-zuecos-para-ir-ahora-comodisima-y-llevar-en-otono-con-calcetines-2.jpg\" alt=\"Zuecos estilo mocas\u00edn de Genuins. Foto: Genuins.\"><\/noscript><\/picture><\/div>\n<\/div>\n<\/div>\n<\/div>\n<p class=\"voc-paragraph\">La firma espa\u00f1ola Genuins ha lanzado ya esta versi\u00f3n de los zuecos. Se trata de un calzado que imita al cl\u00e1sico mocas\u00edn por la parte delantera, y detr\u00e1s est\u00e1 totalmente abierto. Cuenta con tejido de piel, est\u00e1 disponible en marr\u00f3n oscuro y es comod\u00edsimo. <strong>Precio: 89,90 euros.<\/strong><\/p>\n<p><h3 class=\"voc-detail__title\"> Zuecos en goma<br \/>\n<\/h3>\n<\/p>\n<div class=\"voc-detail-photo-zoom\"><picture data-toggle=\"modal\" data-target=\"#photoZoomModal-553\" target=\"modal\">\n<div class=\"voc-img-icon-link\"><img loading=\"lazy\" data-original=\"\/\/static2.mujerhoy.com\/www\/multimedia\/202308\/22\/media\/cortadas\/zuecos-goma-negros-loewe-kCNH--460x637@MujerHoy.jpeg\" class=\"lazy adsviu_analyse\" alt=\"Zueco con tac\u00f3n en goma de Loewe. Foto: Loewe.\"><noscript><img src=\"http:\/\/hoycordobaweb.com\/wp-content\/uploads\/2023\/08\/los-mejores-zuecos-para-ir-ahora-comodisima-y-llevar-en-otono-con-calcetines-3.jpg\" alt=\"Zueco con tac\u00f3n en goma de Loewe. Foto: Loewe.\"><\/noscript><i class=\"voc-icons zoom voc-multimedia-box voc-ico-l\"><\/i><\/div><figcaption class=\"figure-caption\">Zueco con tac\u00f3n en goma de Loewe. Foto: Loewe.<\/figcaption><\/picture><\/div>\n<div id=\"photoZoomModal-553\" class=\"voc-lightbox modal fade voc-lightbox--photo-zoom\" role=\"dialog\" data-voc-photozoom-lightbox>\n<div class=\"voc-lightbox__dialog\" role=\"document\">\n<div class=\"voc-lightbox__content\"><!-- Modal header --><!-- Modal content --><\/p>\n<div class=\"voc-lightbox__photo-container\"><picture class><img loading=\"lazy\" data-original=\"\/\/static2.mujerhoy.com\/www\/multimedia\/202308\/22\/media\/cortadas\/zuecos-goma-negros-loewe-kCNH--460x637@MujerHoy.jpeg\" alt=\"Zueco con tac\u00f3n en goma de Loewe. Foto: Loewe.\" class=\"lazy\"><noscript><img src=\"http:\/\/hoycordobaweb.com\/wp-content\/uploads\/2023\/08\/los-mejores-zuecos-para-ir-ahora-comodisima-y-llevar-en-otono-con-calcetines-3.jpg\" alt=\"Zueco con tac\u00f3n en goma de Loewe. Foto: Loewe.\"><\/noscript><\/picture><\/div>\n<\/div>\n<\/div>\n<\/div>\n<p class=\"voc-paragraph\">Es la versi\u00f3n m\u00e1s arriesgada que ver\u00e1s de los zuecos. O al menos de momento. Se trata de un dise\u00f1o que firma Loewe. Es un zueco atrevido, con tac\u00f3n y con material de goma elaborada en Italia. Tiene un dise\u00f1o minimalista y un precio de 380 euros.\n<\/p>\n<p><h3 class=\"voc-detail__title\"> Zuecos en denim<br \/>\n<\/h3>\n<\/p>\n<div class=\"voc-detail-photo-zoom\"><picture data-toggle=\"modal\" data-target=\"#photoZoomModal-118\" target=\"modal\">\n<div class=\"voc-img-icon-link\"><img loading=\"lazy\" data-original=\"\/\/static.mujerhoy.com\/www\/multimedia\/202308\/22\/media\/cortadas\/zuecos-denim-negros-zara-kCNH--460x637@MujerHoy.jpg\" class=\"lazy adsviu_analyse\" alt=\"Zueco en denim de Zara. Foto: Zara.\"><noscript><img src=\"http:\/\/hoycordobaweb.com\/wp-content\/uploads\/2023\/08\/los-mejores-zuecos-para-ir-ahora-comodisima-y-llevar-en-otono-con-calcetines-4.jpg\" alt=\"Zueco en denim de Zara. Foto: Zara.\"><\/noscript><i class=\"voc-icons zoom voc-multimedia-box voc-ico-l\"><\/i><\/div><figcaption class=\"figure-caption\">Zueco en denim de Zara. Foto: Zara.<\/figcaption><\/picture><\/div>\n<div id=\"photoZoomModal-118\" class=\"voc-lightbox modal fade voc-lightbox--photo-zoom\" role=\"dialog\" data-voc-photozoom-lightbox>\n<div class=\"voc-lightbox__dialog\" role=\"document\">\n<div class=\"voc-lightbox__content\"><!-- Modal header --><!-- Modal content --><\/p>\n<div class=\"voc-lightbox__photo-container\"><picture class><img loading=\"lazy\" data-original=\"\/\/static.mujerhoy.com\/www\/multimedia\/202308\/22\/media\/cortadas\/zuecos-denim-negros-zara-kCNH--460x637@MujerHoy.jpg\" alt=\"Zueco en denim de Zara. Foto: Zara.\" class=\"lazy\"><noscript><img src=\"http:\/\/hoycordobaweb.com\/wp-content\/uploads\/2023\/08\/los-mejores-zuecos-para-ir-ahora-comodisima-y-llevar-en-otono-con-calcetines-4.jpg\" alt=\"Zueco en denim de Zara. Foto: Zara.\"><\/noscript><\/picture><\/div>\n<\/div>\n<\/div>\n<\/div>\n<p class=\"voc-paragraph\">El denim es un tejido que va a estar muy presente esta temporada. Ya lo vimos el a\u00f1o pasado con accesorios, como los bolsos, en denim que nos trasladaron a la \u00e9poca m\u00e1s dosmilera. Pues bien, este oto\u00f1o regresa y directamente a tus pies con zuecos como este de Zara. <strong>Precio: 39,95 euros.<\/strong><\/p>\n<p><h3 class=\"voc-detail__title\"> Zuecos con tac\u00f3n en marr\u00f3n chocolate<br \/>\n<\/h3>\n<\/p>\n<div class=\"voc-detail-photo-zoom\"><picture data-toggle=\"modal\" data-target=\"#photoZoomModal-17\" target=\"modal\">\n<div class=\"voc-img-icon-link\"><img loading=\"lazy\" data-original=\"\/\/static3.mujerhoy.com\/www\/multimedia\/202308\/22\/media\/cortadas\/zuecos-tacon-mango-outlet-kCNH--460x637@MujerHoy.jpg\" class=\"lazy adsviu_analyse\" alt=\"Zuecos con tac\u00f3n en marr\u00f3n chocolate de Mango Outlet. Foto: Mango Outlet.\"><noscript><img src=\"http:\/\/hoycordobaweb.com\/wp-content\/uploads\/2023\/08\/los-mejores-zuecos-para-ir-ahora-comodisima-y-llevar-en-otono-con-calcetines-5.jpg\" alt=\"Zuecos con tac\u00f3n en marr\u00f3n chocolate de Mango Outlet. Foto: Mango Outlet.\"><\/noscript><i class=\"voc-icons zoom voc-multimedia-box voc-ico-l\"><\/i><\/div><figcaption class=\"figure-caption\">Zuecos con tac\u00f3n en marr\u00f3n chocolate de Mango Outlet. Foto: Mango Outlet.<\/figcaption><\/picture><\/div>\n<div id=\"photoZoomModal-17\" class=\"voc-lightbox modal fade voc-lightbox--photo-zoom\" role=\"dialog\" data-voc-photozoom-lightbox>\n<div class=\"voc-lightbox__dialog\" role=\"document\">\n<div class=\"voc-lightbox__content\"><!-- Modal header --><!-- Modal content --><\/p>\n<div class=\"voc-lightbox__photo-container\"><picture class><img loading=\"lazy\" data-original=\"\/\/static3.mujerhoy.com\/www\/multimedia\/202308\/22\/media\/cortadas\/zuecos-tacon-mango-outlet-kCNH--460x637@MujerHoy.jpg\" alt=\"Zuecos con tac\u00f3n en marr\u00f3n chocolate de Mango Outlet. Foto: Mango Outlet.\" class=\"lazy\"><noscript><img src=\"http:\/\/hoycordobaweb.com\/wp-content\/uploads\/2023\/08\/los-mejores-zuecos-para-ir-ahora-comodisima-y-llevar-en-otono-con-calcetines-5.jpg\" alt=\"Zuecos con tac\u00f3n en marr\u00f3n chocolate de Mango Outlet. Foto: Mango Outlet.\"><\/noscript><\/picture><\/div>\n<\/div>\n<\/div>\n<\/div>\n<p class=\"voc-paragraph\">Siempre te hemos avisado que en Mango Outlet hay aut\u00e9nticas joyas estil\u00edsticas y prueba de ello es este zueco tan bonito en marr\u00f3n chocolate. Cuenta con tac\u00f3n cuadrado de madera, tachuelas, y tejido en piel. Es un zueco que est\u00e1 <strong>rebajado a 47,99 euros.<\/strong><\/p>\n<p><h3 class=\"voc-detail__title\"> Zuecos con tejido tweed<br \/>\n<\/h3>\n<\/p>\n<div class=\"voc-detail-photo-zoom\"><picture data-toggle=\"modal\" data-target=\"#photoZoomModal-421\" target=\"modal\">\n<div class=\"voc-img-icon-link\"><img loading=\"lazy\" data-original=\"\/\/static2.mujerhoy.com\/www\/multimedia\/202308\/22\/media\/cortadas\/cozy-tweed-black-clogs-alohas-kCNH--460x637@MujerHoy.jpg\" class=\"lazy adsviu_analyse\" alt=\"Zuecos con tejido tweed de Alohas. Foto: Alohas.\"><noscript><img src=\"http:\/\/hoycordobaweb.com\/wp-content\/uploads\/2023\/08\/los-mejores-zuecos-para-ir-ahora-comodisima-y-llevar-en-otono-con-calcetines-6.jpg\" alt=\"Zuecos con tejido tweed de Alohas. Foto: Alohas.\"><\/noscript><i class=\"voc-icons zoom voc-multimedia-box voc-ico-l\"><\/i><\/div><figcaption class=\"figure-caption\">Zuecos con tejido tweed de Alohas. Foto: Alohas.<\/figcaption><\/picture><\/div>\n<div id=\"photoZoomModal-421\" class=\"voc-lightbox modal fade voc-lightbox--photo-zoom\" role=\"dialog\" data-voc-photozoom-lightbox>\n<div class=\"voc-lightbox__dialog\" role=\"document\">\n<div class=\"voc-lightbox__content\"><!-- Modal header --><!-- Modal content --><\/p>\n<div class=\"voc-lightbox__photo-container\"><picture class><img loading=\"lazy\" data-original=\"\/\/static2.mujerhoy.com\/www\/multimedia\/202308\/22\/media\/cortadas\/cozy-tweed-black-clogs-alohas-kCNH--460x637@MujerHoy.jpg\" alt=\"Zuecos con tejido tweed de Alohas. Foto: Alohas.\" class=\"lazy\"><noscript><img src=\"http:\/\/hoycordobaweb.com\/wp-content\/uploads\/2023\/08\/los-mejores-zuecos-para-ir-ahora-comodisima-y-llevar-en-otono-con-calcetines-6.jpg\" alt=\"Zuecos con tejido tweed de Alohas. Foto: Alohas.\"><\/noscript><\/picture><\/div>\n<\/div>\n<\/div>\n<\/div>\n<p class=\"voc-paragraph\">Los zuecos tambi\u00e9n pueden ser zapatos sofisticados, como este modelo tan ideal que ha lanzado la firma made in Spain <strong>Alohas.<\/strong> Es un zueco en color negro, con una suela comod\u00edsima, hebillas en dorado y tejido en tweed en blanco y negro. Tiene un precio de 160 euros y est\u00e1 disponible tambi\u00e9n en otras tonalidades.\n<\/p>\n<p><!-- TOPICS --><\/p>\n","protected":false},"excerpt":{"rendered":"<p>No figuraban como una de las tendencias claras de este a\u00f1o, y sin embargo, vuelven a estar a la cabeza de los zapatos que m\u00e1s ver\u00e1s desde que comience el fresquito. Los zuecos son el calzado que regresa con fuerza y los ver\u00e1s con tac\u00f3n o planos. Antes no era muy fan de los zuecos, [&hellip;]<\/p>\n","protected":false},"author":1,"featured_media":65650,"comment_status":"closed","ping_status":"closed","sticky":false,"template":"","format":"standard","meta":[],"categories":[1],"tags":[],"_links":{"self":[{"href":"http:\/\/hoycordobaweb.com\/index.php\/wp-json\/wp\/v2\/posts\/65649"}],"collection":[{"href":"http:\/\/hoycordobaweb.com\/index.php\/wp-json\/wp\/v2\/posts"}],"about":[{"href":"http:\/\/hoycordobaweb.com\/index.php\/wp-json\/wp\/v2\/types\/post"}],"author":[{"embeddable":true,"href":"http:\/\/hoycordobaweb.com\/index.php\/wp-json\/wp\/v2\/users\/1"}],"replies":[{"embeddable":true,"href":"http:\/\/hoycordobaweb.com\/index.php\/wp-json\/wp\/v2\/comments?post=65649"}],"version-history":[{"count":0,"href":"http:\/\/hoycordobaweb.com\/index.php\/wp-json\/wp\/v2\/posts\/65649\/revisions"}],"wp:featuredmedia":[{"embeddable":true,"href":"http:\/\/hoycordobaweb.com\/index.php\/wp-json\/wp\/v2\/media\/65650"}],"wp:attachment":[{"href":"http:\/\/hoycordobaweb.com\/index.php\/wp-json\/wp\/v2\/media?parent=65649"}],"wp:term":[{"taxonomy":"category","embeddable":true,"href":"http:\/\/hoycordobaweb.com\/index.php\/wp-json\/wp\/v2\/categories?post=65649"},{"taxonomy":"post_tag","embeddable":true,"href":"http:\/\/hoycordobaweb.com\/index.php\/wp-json\/wp\/v2\/tags?post=65649"}],"curies":[{"name":"wp","href":"https:\/\/api.w.org\/{rel}","templated":true}]}}