{"id":65643,"date":"2023-08-28T00:21:51","date_gmt":"2023-08-28T00:21:51","guid":{"rendered":"https:\/\/www.ole.com.ar\/futbol-internacional\/momento-papu-gomez-sevilla-mendilibar_0_Y9mUPdBhZ7.html"},"modified":"2023-08-28T00:21:51","modified_gmt":"2023-08-28T00:21:51","slug":"el-dificil-momento-del-papu-gomez-en-sevilla-sin-minutos-en-la-temporada","status":"publish","type":"post","link":"http:\/\/hoycordobaweb.com\/index.php\/2023\/08\/28\/el-dificil-momento-del-papu-gomez-en-sevilla-sin-minutos-en-la-temporada\/","title":{"rendered":"El dif\u00edcil momento del Papu G\u00f3mez en Sevilla: sin minutos en la temporada"},"content":{"rendered":"<p><img src=\"http:\/\/hoycordobaweb.com\/wp-content\/uploads\/2023\/08\/el-dificil-momento-del-papu-gomez-en-sevilla-sin-minutos-en-la-temporada.jpg\"><\/p>\n<p><time class=\"createDate\" datetime=\"2023-08-27T21:21:51-03:00\">27\/08\/2023 21:21hs.<\/time><time class=\"modificatedDate\" datetime=\"2023-08-27T21:21:50-03:00\"><\/time><\/p>\n<div id=\"storyBody\">\n<div class=\"custom-text \" readability=\"42\">\n<p>En mayo, y de la mano de Gonzalo Montiel, el <strong>Sevilla <\/strong>festej\u00f3 una nueva obtenci\u00f3n la Europa League, ante la Roma de Jos\u00e9 Mourinho. <strong>Para Jos\u00e9 Luis Mendilibar, Alejandro G\u00f3mez era el argentino con peor consideraci\u00f3n<\/strong>: Acu\u00f1a, Ocampos y Lamela eran titulares, mientras que Cacheta era una pieza de cambio en los complementos. Sin embargo,<strong> esa situaci\u00f3n conflictiva se agrav\u00f3: el Papu ya ni siquiera sale a precalentar en los partidos.<\/strong><\/p>\n<\/div>\n<p><h2><strong><em>El Papu G\u00f3mez, sin lugar en el Sevilla<\/em><\/strong><\/h2>\n<\/p>\n<div class=\"custom-text \" readability=\"44\">\n<p>El Sevilla ya lleva jugados cuatro partidos en la temporada: uno por la Supercopa de Europa (1-1, derrota por penales), frente al Manchester City, y tres por La Liga, ante Valencia (1-2), Alav\u00e9s (3-4) y Girona (1-2). A lo largo de esos 450 minutos, <strong>Mendilibar ha utilizado a todos los jugadores de la primera plantilla, excepto a tres: los reci\u00e9n llegados \u00d8rjan Nyland y Dodi Lukebakio, y el propio Papu G\u00f3mez.<\/strong> El argentino ocupa un lugar en el banco de suplentes, pero ni siquiera sale a precalentar&#8230;<\/p>\n<\/div>\n<div class=\"custom-text \" readability=\"40\">\n<p><strong>En el club, ciertos gestos del Papu antes del par\u00f3n no sentaron nada bien<\/strong>. El caso m\u00e1s pol\u00e9mico hab\u00eda sido en el partido frente a la Real Sociedad, d\u00edas antes de la Copa del Mundo. El argentino no hab\u00eda estado convocado y abandon\u00f3 el S\u00e1nchez-Pizju\u00e1n una media hora antes de que acabara el encuentro, con el Sevilla por debajo en el marcador y en inferioridad num\u00e9rica. Una actitud que choc\u00f3 con el r\u00e9gimen interno del club, que obliga a permanecer en los encuentros a sus jugadores hasta el pitido final. A partir de ah\u00ed, <strong>G\u00f3mez se gan\u00f3 Monchi como enemig<\/strong>o.<\/p>\n<\/div>\n<div class=\"custom-text \" readability=\"42\">\n<p><strong>En la \u00faltima pretemporada con el Blanquirrojo, el Papu tuvo un lugar dentro del equipo<\/strong>: el ex Cicl\u00f3n tuvo minutos contra C\u00f3rdoba (2-0), AD Ceuta (5-2, con gol), Independiente del Valle (1-1), Magdeburg (3-1) y Betis (1-0). Sin embargo, <strong>una vez que comenz\u00f3 la competencia oficial, el DT ya no lo tuvo en cuenta. Ni siquiera como recambio.<\/strong><\/p>\n<\/div>\n<div class=\"sc-e7b891c4-0 jPbnQF\"><img alt=\"El Papu, en el entrenamiento del Sevilla.\" src=\"http:\/\/hoycordobaweb.com\/wp-content\/uploads\/2023\/08\/el-dificil-momento-del-papu-gomez-en-sevilla-sin-minutos-en-la-temporada-2.jpg\" width=\"720\" height=\"100\" decoding=\"async\" data-nimg=\"future\" loading=\"lazy\"><span class=\"epigraphe\">El Papu, en el entrenamiento del Sevilla.<\/span><\/div>\n<div class=\"custom-text \" readability=\"41\">\n<p><strong>El Papu G\u00f3mez hab\u00eda llegado con gran expectativa al Sevilla, proveniente desde el Atalant<\/strong>a. No obstante, su rendimiento ha sido irregular y no ha logrado mantenerse en el 11. A pesar de los intentos del club por encontrarle un nuevo destino desde enero, no se ha concretado su salida.<strong> A sus 35 a\u00f1os, G\u00f3mez enfrenta la disyuntiva de cumplir su contrato, que se extiende hasta mediados de 2024, o considerar ofertas<\/strong> que le permitan recuperar su nivel.<\/p>\n<\/div>\n<div class=\"custom-text \" readability=\"40\">\n<p>Recientemente, el <strong>Damas FC de Arabia Saudita<\/strong> hab\u00eda present\u00f3 una oferta formal por el argentino, de aproximadamente 3.000.000 de euros. Adem\u00e1s, se ha rumoreado sobre<strong> el inter\u00e9s de distintas franquicias de la Major League Soccer de los Estados Unidos, del Vasco Da Gama de Brasil y hasta de Boca<\/strong>. Observando que efectivamente iba a tener rodaje en la 2023\/24, G\u00f3mez decidi\u00f3 quedarse en el S\u00e1nchez-Pizju\u00e1n.<\/p>\n<\/div>\n<div class=\"custom-text \" readability=\"37\">\n<p>Con su contrato vigente y la posibilidad de disputar la Champions League con el Sevilla esta temporada,<strong> el futuro de Papu G\u00f3mez sigue en el aire<\/strong>. Ya sea buscando una oportunidad en el extranjero o luchando por recuperar su lugar en el equipo, el camino por delante presenta desaf\u00edos y decisiones cruciales para el talentoso volante argentino. <\/p>\n<\/div>\n<div class=\"sc-e7b891c4-0 jPbnQF\"><img alt=\"Junto a Lamela, en la obtenci\u00f3n de la Europa League 2022\/23.(REUTER)\" src=\"http:\/\/hoycordobaweb.com\/wp-content\/uploads\/2023\/08\/el-dificil-momento-del-papu-gomez-en-sevilla-sin-minutos-en-la-temporada-3.jpg\" width=\"720\" height=\"100\" decoding=\"async\" data-nimg=\"future\" loading=\"lazy\"><span class=\"epigraphe\">Junto a Lamela, en la obtenci\u00f3n de la Europa League 2022\/23.(REUTER)<\/span><\/div>\n<\/div>\n","protected":false},"excerpt":{"rendered":"<p>27\/08\/2023 21:21hs. En mayo, y de la mano de Gonzalo Montiel, el Sevilla festej\u00f3 una nueva obtenci\u00f3n la Europa League, ante la Roma de Jos\u00e9 Mourinho. Para Jos\u00e9 Luis Mendilibar, Alejandro G\u00f3mez era el argentino con peor consideraci\u00f3n: Acu\u00f1a, Ocampos y Lamela eran titulares, mientras que Cacheta era una pieza de cambio en los complementos. [&hellip;]<\/p>\n","protected":false},"author":1,"featured_media":65644,"comment_status":"open","ping_status":"closed","sticky":false,"template":"","format":"standard","meta":[],"categories":[16],"tags":[],"_links":{"self":[{"href":"http:\/\/hoycordobaweb.com\/index.php\/wp-json\/wp\/v2\/posts\/65643"}],"collection":[{"href":"http:\/\/hoycordobaweb.com\/index.php\/wp-json\/wp\/v2\/posts"}],"about":[{"href":"http:\/\/hoycordobaweb.com\/index.php\/wp-json\/wp\/v2\/types\/post"}],"author":[{"embeddable":true,"href":"http:\/\/hoycordobaweb.com\/index.php\/wp-json\/wp\/v2\/users\/1"}],"replies":[{"embeddable":true,"href":"http:\/\/hoycordobaweb.com\/index.php\/wp-json\/wp\/v2\/comments?post=65643"}],"version-history":[{"count":0,"href":"http:\/\/hoycordobaweb.com\/index.php\/wp-json\/wp\/v2\/posts\/65643\/revisions"}],"wp:featuredmedia":[{"embeddable":true,"href":"http:\/\/hoycordobaweb.com\/index.php\/wp-json\/wp\/v2\/media\/65644"}],"wp:attachment":[{"href":"http:\/\/hoycordobaweb.com\/index.php\/wp-json\/wp\/v2\/media?parent=65643"}],"wp:term":[{"taxonomy":"category","embeddable":true,"href":"http:\/\/hoycordobaweb.com\/index.php\/wp-json\/wp\/v2\/categories?post=65643"},{"taxonomy":"post_tag","embeddable":true,"href":"http:\/\/hoycordobaweb.com\/index.php\/wp-json\/wp\/v2\/tags?post=65643"}],"curies":[{"name":"wp","href":"https:\/\/api.w.org\/{rel}","templated":true}]}}