{"id":65639,"date":"2023-08-28T13:29:09","date_gmt":"2023-08-28T13:29:09","guid":{"rendered":"https:\/\/www.ole.com.ar\/futbol-internacional\/america\/salvio-toto-turco-mohamed-pumas-mexico_0_ATWStNUcrZ.html"},"modified":"2023-08-28T13:29:09","modified_gmt":"2023-08-28T13:29:09","slug":"el-turco-mohamed-defendio-a-salvio-despues-de-los-abucheos-que-pasa-con-el-toto-en-pumas","status":"publish","type":"post","link":"http:\/\/hoycordobaweb.com\/index.php\/2023\/08\/28\/el-turco-mohamed-defendio-a-salvio-despues-de-los-abucheos-que-pasa-con-el-toto-en-pumas\/","title":{"rendered":"El Turco Mohamed defendi\u00f3 a Salvio despu\u00e9s de los abucheos: \u00bfqu\u00e9 pasa con el Toto en Pumas?"},"content":{"rendered":"<p><img src=\"http:\/\/hoycordobaweb.com\/wp-content\/uploads\/2023\/08\/el-turco-mohamed-defendio-a-salvio-despues-de-los-abucheos-que-pasa-con-el-toto-en-pumas.jpg\"><\/p>\n<p><time class=\"createDate\" datetime=\"2023-08-28T10:29:009-03:00\">28\/08\/2023 10:29hs.<\/time><time class=\"modificatedDate\" datetime=\"2023-08-28T10:29:008-03:00\"><\/time><\/p>\n<div id=\"storyBody\">\n<div class=\"custom-text \" readability=\"10\">\n<p><strong>Pumas <\/strong>venci\u00f3 2 a 1 a <strong>Tigres <\/strong>por la Liga de M\u00e9xico. Sin embargo, varios futbolistas del equipo que result\u00f3 ganador -entre ellos <strong>Toto Salvio<\/strong>&#8211; fueron insultados por el p\u00fablico antes de entrar a la cancha. <\/p>\n<\/div>\n<div class=\"custom-text \" readability=\"14\">\n<p>En este contexto, el<strong> Turco Mohamed<\/strong>, entrenador del club, habl\u00f3 del tema en conferencia de prensa. \u00ab<strong>Le pido a la afici\u00f3n que los apoye, son jugadores nuestros. Si quieren abuchear que sea al final del partido<\/strong>\u00ab, sentenci\u00f3.<\/p>\n<\/div>\n<div class=\"sc-7ce6049-0 dwIKul\">\n<div class=\"sc-7ce6049-1 bdcBBS videoText\" id=\"contentTitleundefinedGV9yxK2o\" readability=\"6\"><svg fill=\"#ffffff\"><symbol id=\"play\" viewBox=\"0 0 512 512\"><path d=\"M512 256C512 397.4 397.4 512 256 512C114.6 512 0 397.4 0 256C0 114.6 114.6 0 256 0C397.4 0 512 114.6 512 256zM176 168V344C176 352.7 180.7 360.7 188.3 364.9C195.8 369.2 205.1 369 212.5 364.5L356.5 276.5C363.6 272.1 368 264.4 368 256C368 247.6 363.6 239.9 356.5 235.5L212.5 147.5C205.1 142.1 195.8 142.8 188.3 147.1C180.7 151.3 176 159.3 176 168V168z\" \/><\/symbol><use xlink:href=\"#play\" \/><\/svg><\/p>\n<div class=\"right\" readability=\"7\">\n<p>Antonio Mohamed<!-- --> &#8211;<!-- --> <span>28-8-2023<\/span><\/p>\n<h2 class=\"title-vid\">El Turco Mohamed sali\u00f3 a bancar a Salvio<\/h2>\n<\/div>\n<\/div>\n<p><span class=\"back\" id=\"spanBackundefinedGV9yxK2o\"><\/span><\/div>\n<div class=\"custom-text \" readability=\"12\">\n<p>Hasta el momento, <strong>Pumas gan\u00f3 dos partidos, empat\u00f3 tres y perdi\u00f3 uno<\/strong>. Aunque el club est\u00e1 cuarto en la tabla de posiciones con 9 puntos en su haber, los hinchas mostraron su disconformidad por el bajo vuelo futbol\u00edstico del equipo y los goles errados.<\/p>\n<\/div>\n<p><h2>Los n\u00fameros de Toto Salvio en Pumas<\/h2>\n<\/p>\n<div class=\"custom-text \" readability=\"11\">\n<p><strong>Toto Salvio<\/strong> lleg\u00f3 a <strong>Pumas <\/strong>a mediados de 2022, momento en el que dej\u00f3 <strong>Boca<\/strong>. Desde entonces, disput\u00f3 tan solo <strong>34 partidos<\/strong>, anot\u00f3 <strong>10 goles<\/strong> y dio <strong>cuatro asistencias<\/strong>.<\/p>\n<\/div>\n<div class=\"custom-text \" readability=\"8\">\n<p>A este panorama se le suman una seguidilla de errores que derivaron en goles de distintos rivales -e hicieron que el p\u00fablico le baje el pulgar- y una mala racha de frente al arco.<\/p>\n<\/div>\n<div class=\"custom-text \" readability=\"9\">\n<p>El delantero argentino <strong>no convierte un gol desde el 1 de julio<\/strong>, d\u00eda en el que anot\u00f3 por \u00faltima vez frente a <strong>Tijuana <\/strong>a los 89 minutos del encuentro.<\/p>\n<\/div>\n<div class=\"sc-e7b891c4-0 jPbnQF\"><img alt=\"Eduardo Salvio en Pumas. (AFP)\" src=\"http:\/\/hoycordobaweb.com\/wp-content\/uploads\/2023\/08\/el-turco-mohamed-defendio-a-salvio-despues-de-los-abucheos-que-pasa-con-el-toto-en-pumas-2.jpg\" width=\"720\" height=\"100\" decoding=\"async\" data-nimg=\"future\" loading=\"lazy\"><span class=\"epigraphe\">Eduardo Salvio en Pumas. (AFP)<\/span><\/div>\n<\/div>\n","protected":false},"excerpt":{"rendered":"<p>28\/08\/2023 10:29hs. Pumas venci\u00f3 2 a 1 a Tigres por la Liga de M\u00e9xico. Sin embargo, varios futbolistas del equipo que result\u00f3 ganador -entre ellos Toto Salvio&#8211; fueron insultados por el p\u00fablico antes de entrar a la cancha. En este contexto, el Turco Mohamed, entrenador del club, habl\u00f3 del tema en conferencia de prensa. \u00abLe [&hellip;]<\/p>\n","protected":false},"author":1,"featured_media":65640,"comment_status":"open","ping_status":"closed","sticky":false,"template":"","format":"standard","meta":[],"categories":[16],"tags":[],"_links":{"self":[{"href":"http:\/\/hoycordobaweb.com\/index.php\/wp-json\/wp\/v2\/posts\/65639"}],"collection":[{"href":"http:\/\/hoycordobaweb.com\/index.php\/wp-json\/wp\/v2\/posts"}],"about":[{"href":"http:\/\/hoycordobaweb.com\/index.php\/wp-json\/wp\/v2\/types\/post"}],"author":[{"embeddable":true,"href":"http:\/\/hoycordobaweb.com\/index.php\/wp-json\/wp\/v2\/users\/1"}],"replies":[{"embeddable":true,"href":"http:\/\/hoycordobaweb.com\/index.php\/wp-json\/wp\/v2\/comments?post=65639"}],"version-history":[{"count":0,"href":"http:\/\/hoycordobaweb.com\/index.php\/wp-json\/wp\/v2\/posts\/65639\/revisions"}],"wp:featuredmedia":[{"embeddable":true,"href":"http:\/\/hoycordobaweb.com\/index.php\/wp-json\/wp\/v2\/media\/65640"}],"wp:attachment":[{"href":"http:\/\/hoycordobaweb.com\/index.php\/wp-json\/wp\/v2\/media?parent=65639"}],"wp:term":[{"taxonomy":"category","embeddable":true,"href":"http:\/\/hoycordobaweb.com\/index.php\/wp-json\/wp\/v2\/categories?post=65639"},{"taxonomy":"post_tag","embeddable":true,"href":"http:\/\/hoycordobaweb.com\/index.php\/wp-json\/wp\/v2\/tags?post=65639"}],"curies":[{"name":"wp","href":"https:\/\/api.w.org\/{rel}","templated":true}]}}