{"id":65627,"date":"2023-08-27T23:32:00","date_gmt":"2023-08-27T23:32:00","guid":{"rendered":"http:\/\/hoycordobaweb.com\/index.php\/2023\/08\/27\/francia-prohibira-en-las-escuelas-la-abaya-la-tunica-usada-por-musulmanas\/"},"modified":"2023-08-27T23:32:00","modified_gmt":"2023-08-27T23:32:00","slug":"francia-prohibira-en-las-escuelas-la-abaya-la-tunica-usada-por-musulmanas","status":"publish","type":"post","link":"http:\/\/hoycordobaweb.com\/index.php\/2023\/08\/27\/francia-prohibira-en-las-escuelas-la-abaya-la-tunica-usada-por-musulmanas\/","title":{"rendered":"Francia prohibir\u00e1 en las escuelas la abaya, la t\u00fanica usada por musulmanas"},"content":{"rendered":"<p><img src=\"http:\/\/hoycordobaweb.com\/wp-content\/uploads\/2023\/08\/francia-prohibira-en-las-escuelas-la-abaya-la-tunica-usada-por-musulmanas.jpg\"><\/p>\n<figure class=\"mb-3\"><img loading=\"lazy\" data-src=\"http:\/\/hoycordobaweb.com\/wp-content\/uploads\/2023\/08\/francia-prohibira-en-las-escuelas-la-abaya-la-tunica-usada-por-musulmanas-2.jpg\" src=\"https:\/\/www.telam.com.ar\/assets\/img\/not_image.png\" class=\" lazy \" width=\"100%\" height=\"100%\" alt=\"Foto 123rf\"><figcaption> Foto: 123rf <\/figcaption><\/figure>\n<p>El gobierno de Francia prohibir\u00e1 que las alumnas de escuelas de educaci\u00f3n primaria y secundaria vistan con abaya, t\u00fanicas utilizadas habitualmente en pa\u00edses magreb\u00edes y \u00e1rabes, anunci\u00f3 hoy el ministro de Educaci\u00f3n, Gabriel Attal.<\/p>\n<p><strong>\u00abYa no ser\u00e1 posible vestirse con la abaya en la escuela\u00bb, dijo Attal <\/strong>durante una entrevista con la televisora TF1, en la que consider\u00f3 que ese vestido incumple las estrictas normas de laicidad en la educaci\u00f3n francesa.<\/p>\n<p><strong>La abaya cubre la totalidad del cuerpo, excepto rostro, manos y pies<\/strong>. El uso de esta prenda por parte de adolescentes hab\u00eda generado pol\u00e9mica en Francia, sobre todo debido a las cr\u00edticas por parte de la derecha y la ultraderecha.<\/p>\n<p><strong>\u00abCuando se entra en una clase, no se debe poder identificar la religi\u00f3n de los alumnos al mirarlos\u00bb, a<\/strong>\u00f1adi\u00f3 el ministro.<\/p>\n<p>El diputado y presidente del partido opositor Los Republicanos (derecha) \u00c9ric Ciotti se \u00abfelicit\u00f3\u00bb por esta decisi\u00f3n. \u00abNos da la raz\u00f3n\u00bb, asever\u00f3.<\/p>\n<p>En tanto, <strong>la diputada de la fuerza Nueva Uni\u00f3n Popular Ecologista y Social (Nupes) Cl\u00e9mentine Autain dijo que la medida es \u00abinconstitucional\u00bb y critic\u00f3 la \u00abpol\u00edtica de la vestimenta\u00bb.<\/strong><\/p>\n<p>Aunque el Consejo franc\u00e9s del culto musulm\u00e1n (CFCM) considera que no representa un s\u00edmbolo isl\u00e1mico, el ministerio de Educaci\u00f3n ya hab\u00eda publicado el a\u00f1o pasado una circular en que autorizaba a las escuelas a que prohibieran esta prenda de vestir, as\u00ed como las bandanas y las faldas muy largas.<\/p>\n<p>\u00ab<strong>Esa consigna no era clara, ahora lo es y nos felicitamos por ello\u00bb,<\/strong> dijo a la agencia de noticias AFP el secretario general del Sindicato nacional del personal de direcci\u00f3n de la Educaci\u00f3n Nacional, Bruno Bobkiewicz.<\/p>\n","protected":false},"excerpt":{"rendered":"<p>Foto: 123rf El gobierno de Francia prohibir\u00e1 que las alumnas de escuelas de educaci\u00f3n primaria y secundaria vistan con abaya, t\u00fanicas utilizadas habitualmente en pa\u00edses magreb\u00edes y \u00e1rabes, anunci\u00f3 hoy el ministro de Educaci\u00f3n, Gabriel Attal. \u00abYa no ser\u00e1 posible vestirse con la abaya en la escuela\u00bb, dijo Attal durante una entrevista con la televisora [&hellip;]<\/p>\n","protected":false},"author":1,"featured_media":65628,"comment_status":"open","ping_status":"closed","sticky":false,"template":"","format":"standard","meta":[],"categories":[24],"tags":[],"_links":{"self":[{"href":"http:\/\/hoycordobaweb.com\/index.php\/wp-json\/wp\/v2\/posts\/65627"}],"collection":[{"href":"http:\/\/hoycordobaweb.com\/index.php\/wp-json\/wp\/v2\/posts"}],"about":[{"href":"http:\/\/hoycordobaweb.com\/index.php\/wp-json\/wp\/v2\/types\/post"}],"author":[{"embeddable":true,"href":"http:\/\/hoycordobaweb.com\/index.php\/wp-json\/wp\/v2\/users\/1"}],"replies":[{"embeddable":true,"href":"http:\/\/hoycordobaweb.com\/index.php\/wp-json\/wp\/v2\/comments?post=65627"}],"version-history":[{"count":0,"href":"http:\/\/hoycordobaweb.com\/index.php\/wp-json\/wp\/v2\/posts\/65627\/revisions"}],"wp:featuredmedia":[{"embeddable":true,"href":"http:\/\/hoycordobaweb.com\/index.php\/wp-json\/wp\/v2\/media\/65628"}],"wp:attachment":[{"href":"http:\/\/hoycordobaweb.com\/index.php\/wp-json\/wp\/v2\/media?parent=65627"}],"wp:term":[{"taxonomy":"category","embeddable":true,"href":"http:\/\/hoycordobaweb.com\/index.php\/wp-json\/wp\/v2\/categories?post=65627"},{"taxonomy":"post_tag","embeddable":true,"href":"http:\/\/hoycordobaweb.com\/index.php\/wp-json\/wp\/v2\/tags?post=65627"}],"curies":[{"name":"wp","href":"https:\/\/api.w.org\/{rel}","templated":true}]}}