{"id":65598,"date":"2023-08-27T12:36:02","date_gmt":"2023-08-27T12:36:02","guid":{"rendered":"https:\/\/www.mujerhoy.com\/moda\/no-te-pierdas\/kimono-sfera-nueva-coleccion-barato-chaqueta-entretiempo-otono-20230827143522-nt.html"},"modified":"2023-08-27T12:36:02","modified_gmt":"2023-08-27T12:36:02","slug":"el-precioso-kimono-de-sfera-que-va-a-convertir-tus-looks-de-entretiempo-en-los-mas-estilosos-del-momento","status":"publish","type":"post","link":"http:\/\/hoycordobaweb.com\/index.php\/2023\/08\/27\/el-precioso-kimono-de-sfera-que-va-a-convertir-tus-looks-de-entretiempo-en-los-mas-estilosos-del-momento\/","title":{"rendered":"El precioso kimono de Sfera que va a convertir tus looks de entretiempo en los m\u00e1s estilosos del momento"},"content":{"rendered":"<p><!-- AUTHOR --><\/p>\n<div class=\"voc-author-timesocial \"><!-- AUTHOR --><\/p>\n<div class=\"voc-author-timesocial__signature\"><!-- IMAGE AUTHOR --><picture class=\"voc-image-signature\"><img class=\"voc-image-signature__img\" src=\"http:\/\/hoycordobaweb.com\/wp-content\/uploads\/2023\/08\/el-precioso-kimono-de-sfera-que-va-a-convertir-tus-looks-de-entretiempo-en-los-mas-estilosos-del-momento.jpg\" alt=\"Raquel Rodr\u00edguez\"><\/picture><!-- INFO AUTHOR --><\/div>\n<\/div>\n<p><!-- COMPONENTS --><\/p>\n<p class=\"voc-paragraph\">El <strong>entretiempo <\/strong>es la \u00e9poca m\u00e1s complicada para vestir. Con las temperaturas tan cambiantes a lo largo del d\u00eda, la cosa se vuele m\u00e1s dif\u00edcil de lo normal. La clave en esta \u00e9poca es recurrir a chaquetas de quita y pon que sean protagonistas y que puedas a\u00f1adir a cualquier estilismo de <a data-voc-vtm-id=\"in-text-traffic\" href=\"https:\/\/www.mujerhoy.com\/moda\/no-te-pierdas\/mejores-basicos-lujo-prendas-perfectas-armario-capsula-otono-20230821141100-nt.html\" title=\"www.mujerhoy.com\">b\u00e1sicos<\/a>.\n<\/p>\n<p class=\"voc-paragraph\">Las opciones para ello son casi infinitas. Y aunque las m\u00e1s buscadas son<br \/>\n<a data-voc-vtm-id=\"in-text-traffic\" href=\"https:\/\/www.mujerhoy.com\/moda\/no-te-pierdas\/mejores-cazadoras-vaqueras-zara-massimo-dutti-20230819133701-nt.html\" title=\"www.mujerhoy.com\"> las cazadoras vaqueras<\/a> o las blazers, lo cierto es que hay otras propuestas que son perfectas para marcar la diferencia. Y aqu\u00ed es donde entra en juego el <strong>kimono <\/strong>que hemos encontrado en las <a data-voc-vtm-id=\"in-text-traffic\" href=\"https:\/\/www.mujerhoy.com\/moda\/no-te-pierdas\/novedades-vestidos-midi-sfera-basicos-baratos-2023-20230816011553-nt.html\" title=\"www.mujerhoy.com\">novedades de Sfera<\/a>.\n<\/p>\n<p class=\"voc-paragraph\">La firma low cost se ha propuesto que renovemos el armario para la pr\u00f3xima temporada con <strong>prendas ideales y muy sofisticadas<\/strong>, pero tambi\u00e9n muy ponibles. Piezas de fondo de armario, pero que tambi\u00e9n siguen parte de las tendencias del momento. \u00a1Lo tienen todo!\n<\/p>\n<div class=\"voc-detail-photo-zoom\"><picture data-toggle=\"modal\" data-target=\"#photoZoomModal-442\" target=\"modal\">\n<div class=\"voc-img-icon-link\"><img loading=\"lazy\" data-original=\"\/\/static1.mujerhoy.com\/www\/multimedia\/202308\/22\/media\/cortadas\/look-kimono-barato-kfFD--460x637@MujerHoy.jpg\" class=\"lazy adsviu_analyse\" alt=\"As\u00ed queda el kimono de Sfera.\"><noscript><img src=\"http:\/\/hoycordobaweb.com\/wp-content\/uploads\/2023\/08\/el-precioso-kimono-de-sfera-que-va-a-convertir-tus-looks-de-entretiempo-en-los-mas-estilosos-del-momento-1.jpg\" alt=\"As\u00ed queda el kimono de Sfera.\"><\/noscript><i class=\"voc-icons zoom voc-multimedia-box voc-ico-l\"><\/i><\/div><figcaption class=\"figure-caption\">As\u00ed queda el kimono de Sfera.<\/figcaption><\/picture><\/div>\n<div id=\"photoZoomModal-442\" class=\"voc-lightbox modal fade voc-lightbox--photo-zoom\" role=\"dialog\" data-voc-photozoom-lightbox>\n<div class=\"voc-lightbox__dialog\" role=\"document\">\n<div class=\"voc-lightbox__content\"><!-- Modal header --><!-- Modal content --><\/p>\n<div class=\"voc-lightbox__photo-container\"><picture class><img loading=\"lazy\" data-original=\"\/\/static1.mujerhoy.com\/www\/multimedia\/202308\/22\/media\/cortadas\/look-kimono-barato-kfFD--460x637@MujerHoy.jpg\" alt=\"As\u00ed queda el kimono de Sfera.\" class=\"lazy\"><noscript><img src=\"http:\/\/hoycordobaweb.com\/wp-content\/uploads\/2023\/08\/el-precioso-kimono-de-sfera-que-va-a-convertir-tus-looks-de-entretiempo-en-los-mas-estilosos-del-momento-1.jpg\" alt=\"As\u00ed queda el kimono de Sfera.\"><\/noscript><\/picture><\/div>\n<\/div>\n<\/div>\n<\/div>\n<p class=\"voc-paragraph\">Y s\u00ed, entre nuestros favoritos est\u00e1 un kimono que puedes usar como chaqueta para el entretiempo, pero tambi\u00e9n durante el invierno. Sustituye esa blazer favorita que te pones siempre, por esta <strong>prenda tan original <\/strong>por la que estamos seguras de que todo el mundo te va a preguntar.\n<\/p>\n<p class=\"voc-paragraph\">Se trata de un kimono largo que queda por debajo de la rodilla y que est\u00e1 protagonizado por un print de<br \/>\n<strong> estampado \u00e9tnico<\/strong> en tonos que no pueden ser m\u00e1s perfectos para el oto\u00f1o. Tiene un estampado de flores en tonos camel que va adornado por otro en zig-zag que va a\u00f1adido en lo contornos.\n<\/p>\n<div class=\"voc-detail-photo-zoom\"><picture data-toggle=\"modal\" data-target=\"#photoZoomModal-651\" target=\"modal\">\n<div class=\"voc-img-icon-link\"><img loading=\"lazy\" data-original=\"\/\/static.mujerhoy.com\/www\/multimedia\/202308\/22\/media\/cortadas\/nueva-coleccion-sfera-kfFD--460x637@MujerHoy.jpg\" class=\"lazy adsviu_analyse\" alt=\"La parte trasera del kimono de Sfera.\"><noscript><img src=\"http:\/\/hoycordobaweb.com\/wp-content\/uploads\/2023\/08\/el-precioso-kimono-de-sfera-que-va-a-convertir-tus-looks-de-entretiempo-en-los-mas-estilosos-del-momento-2.jpg\" alt=\"La parte trasera del kimono de Sfera.\"><\/noscript><i class=\"voc-icons zoom voc-multimedia-box voc-ico-l\"><\/i><\/div><figcaption class=\"figure-caption\">La parte trasera del kimono de Sfera.<\/figcaption><\/picture><\/div>\n<div id=\"photoZoomModal-651\" class=\"voc-lightbox modal fade voc-lightbox--photo-zoom\" role=\"dialog\" data-voc-photozoom-lightbox>\n<div class=\"voc-lightbox__dialog\" role=\"document\">\n<div class=\"voc-lightbox__content\"><!-- Modal header --><!-- Modal content --><\/p>\n<div class=\"voc-lightbox__photo-container\"><picture class><img loading=\"lazy\" data-original=\"\/\/static.mujerhoy.com\/www\/multimedia\/202308\/22\/media\/cortadas\/nueva-coleccion-sfera-kfFD--460x637@MujerHoy.jpg\" alt=\"La parte trasera del kimono de Sfera.\" class=\"lazy\"><noscript><img src=\"http:\/\/hoycordobaweb.com\/wp-content\/uploads\/2023\/08\/el-precioso-kimono-de-sfera-que-va-a-convertir-tus-looks-de-entretiempo-en-los-mas-estilosos-del-momento-2.jpg\" alt=\"La parte trasera del kimono de Sfera.\"><\/noscript><\/picture><\/div>\n<\/div>\n<\/div>\n<\/div>\n<p class=\"voc-paragraph\">Las mangas -largas y muy anchas- y el bajo de la prenda est\u00e1n adornados con ese estampado \u00e9tnico que le da un toque muy sofisticado a la pieza. Est\u00e1 forrada por dentro y lleva tambi\u00e9n un<br \/>\n<strong> cintur\u00f3n con lazada <\/strong>con el que puedes ajustarla a la figura o, por el contrario, llevarlo suelto.\n<\/p>\n<p class=\"voc-paragraph\">La firma lo ha sacado en dos tallas \u00fanicamente, S y M, y el motivo es que es una prenda oversize que se adapta f\u00e1cilmente a cualquier tipo de cuerpo y silueta. \u00a1Siempre quedar\u00e1 bien! Y lo mejor de todo es que tiene un precio de lo m\u00e1s asequible: cuesta tan solo <strong>35,99 euros<\/strong>.\n<\/p>\n<div class=\"voc-detail-photo-zoom\"><picture data-toggle=\"modal\" data-target=\"#photoZoomModal-909\" target=\"modal\">\n<div class=\"voc-img-icon-link\"><img loading=\"lazy\" data-original=\"\/\/static.mujerhoy.com\/www\/multimedia\/202308\/22\/media\/cortadas\/kimono-estampado-sfera-kfFD--460x637@MujerHoy.jpg\" class=\"lazy adsviu_analyse\" alt=\"El kimono de Sfera.\"><noscript><img src=\"http:\/\/hoycordobaweb.com\/wp-content\/uploads\/2023\/08\/el-precioso-kimono-de-sfera-que-va-a-convertir-tus-looks-de-entretiempo-en-los-mas-estilosos-del-momento-3.jpg\" alt=\"El kimono de Sfera.\"><\/noscript><i class=\"voc-icons zoom voc-multimedia-box voc-ico-l\"><\/i><\/div><figcaption class=\"figure-caption\">El kimono de Sfera.<\/figcaption><\/picture><\/div>\n<div id=\"photoZoomModal-909\" class=\"voc-lightbox modal fade voc-lightbox--photo-zoom\" role=\"dialog\" data-voc-photozoom-lightbox>\n<div class=\"voc-lightbox__dialog\" role=\"document\">\n<div class=\"voc-lightbox__content\"><!-- Modal header --><!-- Modal content --><\/p>\n<div class=\"voc-lightbox__photo-container\"><picture class><img loading=\"lazy\" data-original=\"\/\/static.mujerhoy.com\/www\/multimedia\/202308\/22\/media\/cortadas\/kimono-estampado-sfera-kfFD--460x637@MujerHoy.jpg\" alt=\"El kimono de Sfera.\" class=\"lazy\"><noscript><img src=\"http:\/\/hoycordobaweb.com\/wp-content\/uploads\/2023\/08\/el-precioso-kimono-de-sfera-que-va-a-convertir-tus-looks-de-entretiempo-en-los-mas-estilosos-del-momento-3.jpg\" alt=\"El kimono de Sfera.\"><\/noscript><\/picture><\/div>\n<\/div>\n<\/div>\n<\/div>\n<p class=\"voc-paragraph\">\u00bfTe ha gustado? Pues corre porque promete agotarse rapid\u00edsimo. Si consigues hacerte con \u00e9l, solo tendr\u00e1s que a\u00f1adirlo a looks de b\u00e1sicos. De hecho, es la chaqueta perfecta para convertir un <strong>estilismo con vaqueros y camiseta blanca <\/strong>en uno de matr\u00edcula de honor con el que arrasar. \u00a1Lo queremos!\n<\/p>\n<p><!-- TOPICS --><\/p>\n","protected":false},"excerpt":{"rendered":"<p>El entretiempo es la \u00e9poca m\u00e1s complicada para vestir. Con las temperaturas tan cambiantes a lo largo del d\u00eda, la cosa se vuele m\u00e1s dif\u00edcil de lo normal. La clave en esta \u00e9poca es recurrir a chaquetas de quita y pon que sean protagonistas y que puedas a\u00f1adir a cualquier estilismo de b\u00e1sicos. Las opciones [&hellip;]<\/p>\n","protected":false},"author":1,"featured_media":65599,"comment_status":"closed","ping_status":"closed","sticky":false,"template":"","format":"standard","meta":[],"categories":[1],"tags":[],"_links":{"self":[{"href":"http:\/\/hoycordobaweb.com\/index.php\/wp-json\/wp\/v2\/posts\/65598"}],"collection":[{"href":"http:\/\/hoycordobaweb.com\/index.php\/wp-json\/wp\/v2\/posts"}],"about":[{"href":"http:\/\/hoycordobaweb.com\/index.php\/wp-json\/wp\/v2\/types\/post"}],"author":[{"embeddable":true,"href":"http:\/\/hoycordobaweb.com\/index.php\/wp-json\/wp\/v2\/users\/1"}],"replies":[{"embeddable":true,"href":"http:\/\/hoycordobaweb.com\/index.php\/wp-json\/wp\/v2\/comments?post=65598"}],"version-history":[{"count":0,"href":"http:\/\/hoycordobaweb.com\/index.php\/wp-json\/wp\/v2\/posts\/65598\/revisions"}],"wp:featuredmedia":[{"embeddable":true,"href":"http:\/\/hoycordobaweb.com\/index.php\/wp-json\/wp\/v2\/media\/65599"}],"wp:attachment":[{"href":"http:\/\/hoycordobaweb.com\/index.php\/wp-json\/wp\/v2\/media?parent=65598"}],"wp:term":[{"taxonomy":"category","embeddable":true,"href":"http:\/\/hoycordobaweb.com\/index.php\/wp-json\/wp\/v2\/categories?post=65598"},{"taxonomy":"post_tag","embeddable":true,"href":"http:\/\/hoycordobaweb.com\/index.php\/wp-json\/wp\/v2\/tags?post=65598"}],"curies":[{"name":"wp","href":"https:\/\/api.w.org\/{rel}","templated":true}]}}