{"id":65584,"date":"2023-08-27T14:10:02","date_gmt":"2023-08-27T14:10:02","guid":{"rendered":"https:\/\/www.ole.com.ar\/futbol-internacional\/espana\/rubiales-iniesta-mundial-femenino-jenni-hermoso_0_LrdrjXVjR4.html"},"modified":"2023-08-27T14:10:02","modified_gmt":"2023-08-27T14:10:02","slug":"iniesta-apunto-contra-rubiales-su-comportamiento-fue-y-es-inaceptable","status":"publish","type":"post","link":"http:\/\/hoycordobaweb.com\/index.php\/2023\/08\/27\/iniesta-apunto-contra-rubiales-su-comportamiento-fue-y-es-inaceptable\/","title":{"rendered":"Iniesta apunt\u00f3 contra Rubiales: \u00abSu comportamiento fue y es inaceptable\u00bb"},"content":{"rendered":"<p><img src=\"http:\/\/hoycordobaweb.com\/wp-content\/uploads\/2023\/08\/iniesta-apunto-contra-rubiales-su-comportamiento-fue-y-es-inaceptable.jpg\"><\/p>\n<p><time class=\"createDate\" datetime=\"2023-08-27T11:10:002-03:00\">27\/08\/2023 11:10hs.<\/time><time class=\"modificatedDate\" datetime=\"2023-08-27T11:10:002-03:00\"><\/time><\/p>\n<div id=\"storyBody\">\n<div class=\"custom-text \" readability=\"35\">\n<p><strong>Andr\u00e9s Iniesta<\/strong> fue otra de las figuras del deporte que repudi\u00f3 el accionar de <strong>Luis Rubiales<\/strong>, el dirigente que bes\u00f3 sin consentimiento a una referente de la<strong> Selecci\u00f3n de Espa\u00f1a<\/strong> durante la premiaci\u00f3n del <strong>Mundial Femenino<\/strong>.<\/p>\n<\/div>\n<div class=\"custom-text \" readability=\"35\">\n<p>\u00ab<strong>No podemos tolerar actuaciones como las que hemos visto, que han empa\u00f1ado un hito tan grande como ganar una Copa del Mundo<\/strong>\u00ab, asegur\u00f3 a trav\u00e9s de sus redes sociales.<\/p>\n<\/div>\n<div class=\"custom-text \" readability=\"36\">\n<p>Siguiendo con la misma l\u00ednea, el futbolista remarc\u00f3: \u00ab<strong>Hemos tenido que aguantar a un presidente que se aferra a su cargo, que no ha admite que su comportamiento fue y es inaceptable y que est\u00e1 perjudicando la imagen de nuestro pa\u00eds y nuestro f\u00fatbol en todo el mundo<\/strong>\u00ab.<\/p>\n<\/div>\n<div class=\"custom-text \" readability=\"38\">\n<p>Para finalizar, Iniesta empatiz\u00f3 con sus colegas, que fueron las principales perjudicadas con la situaci\u00f3n. \u00ab<strong>No me puedo imaginar el sentimiento que deben tener ahora mismo todas las jugadoras viendo c\u00f3mo no se est\u00e1 hablando del gran torneo que hicieron y del fant\u00e1stico f\u00fatbol que nos ense\u00f1aron a todos. Es una pena que se haya ensuciado una hermosa historia que han construido much\u00edsimas jugadoras a lo largo de tantos a\u00f1os<\/strong>\u00ab, reconoci\u00f3.<\/p>\n<\/div>\n<div class=\"sc-e7b891c4-0 jPbnQF\"><img alt=\"La carta abierta de Iniesta para repudiar a Rubiales. (Instagram)\" src=\"http:\/\/hoycordobaweb.com\/wp-content\/uploads\/2023\/08\/iniesta-apunto-contra-rubiales-su-comportamiento-fue-y-es-inaceptable-2.jpg\" width=\"720\" height=\"100\" decoding=\"async\" data-nimg=\"future\" loading=\"lazy\"><span class=\"epigraphe\">La carta abierta de Iniesta para repudiar a Rubiales. (Instagram)<\/span><\/div>\n<p><h2>La ola de cr\u00edticas contra Rubiales: qu\u00e9 otras figuras repudiaron su accionar<\/h2>\n<\/p>\n<div class=\"custom-text \" readability=\"37\">\n<p>Aunque<strong> fue sancionado por la FIFA<\/strong> y varios dirigentes pidieron su renuncia, el pasado viernes fue el propio Rubiales quien asegur\u00f3, en una conferencia de prensa, que <strong>se mantendr\u00e1 en el cargo como presidente de la Federaci\u00f3n Espa\u00f1ola de F\u00fatbol<\/strong>.<\/p>\n<\/div>\n<div class=\"sc-7ce6049-0 dwIKul\">\n<div class=\"sc-7ce6049-1 bdcBBS videoText\" id=\"contentTitleundefinedsW0STVcO\" readability=\"56\"><svg fill=\"#ffffff\"><symbol id=\"play\" viewBox=\"0 0 512 512\"><path d=\"M512 256C512 397.4 397.4 512 256 512C114.6 512 0 397.4 0 256C0 114.6 114.6 0 256 0C397.4 0 512 114.6 512 256zM176 168V344C176 352.7 180.7 360.7 188.3 364.9C195.8 369.2 205.1 369 212.5 364.5L356.5 276.5C363.6 272.1 368 264.4 368 256C368 247.6 363.6 239.9 356.5 235.5L212.5 147.5C205.1 142.1 195.8 142.8 188.3 147.1C180.7 151.3 176 159.3 176 168V168z\" \/><\/symbol><use xlink:href=\"#play\" \/><\/svg><\/p>\n<div class=\"right\" readability=\"7\">\n<p>selecci\u00f3n de espa\u00f1a<!-- --> &#8211;<!-- --> <span>27-8-2023<\/span><\/p>\n<h2 class=\"title-vid\">Rubiales ratific\u00f3 su cargo<\/h2>\n<\/div>\n<\/div>\n<p><span class=\"back\" id=\"spanBackundefinedsW0STVcO\"><\/span><\/div>\n<div class=\"custom-text \" readability=\"39\">\n<p>Borja Iglesias, futbolista de la Selecci\u00f3n, tambi\u00e9n apunt\u00f3 directamente contra Rubiales y asegur\u00f3 que no volver\u00e1 a representar a su pa\u00eds hasta que \u00e9l renuncie. \u00abEstoy triste y decepcionado. Como futbolista y como persona no me siento representado por lo que ha pasado hoy en la Ciudad del F\u00fatbol de Las Rozas. Me parece lamentable que sigan presionando y poniendo el foco sobre una compa\u00f1era. Vestir la camiseta de la Selecci\u00f3n Espa\u00f1ola es de lo m\u00e1s grande que me ha pasado en mi carrera. No s\u00e9 si en alg\u00fan momento volver\u00e9 a ser una opci\u00f3n, pero he tomado la decisi\u00f3n de no volver a la Selecci\u00f3n hasta que las cosas cambien y este tipo de actos no queden impunes\u00bb, resalt\u00f3.<\/p>\n<\/div>\n<div class=\"custom-text \" readability=\"38\">\n<p>Otro referente que tom\u00f3 la palabra fue el entrenador del Barcelona, Xavi Hern\u00e1ndez. \u00abQuiero dar todo mi apoyo incondicional a Jenni y a las jugadoras de f\u00fatbol femenino por lo que est\u00e1n viviendo en estos momentos y en segundo lugar condenar la conducta del presidente de la Federaci\u00f3n Espa\u00f1ola de F\u00fatbol, que me parece totalmente inaceptable e intolerable\u00bb, declar\u00f3 el t\u00e9cnico cul\u00e9 durante una rueda de prensa en la previa del partido del Barsa en Villarreal.<\/p>\n<\/div>\n<div class=\"custom-text \" readability=\"38\">\n<p>En este mismo sentido, tambi\u00e9n se pronunci\u00f3 Quique Seti\u00e9n. \u00abCreo que ya se ha manifestado todo el mundo y que ha quedado muy claro que su comportamiento es inaceptable. Un comportamiento que nos ha sorprendido a todos y que traslad\u00f3 una imagen de nuestro f\u00fatbol que nos ha hecho mucho da\u00f1o. Estos comportamientos no deber\u00edan suceder, por lo que me parec\u00eda oportuno que dimitiera\u00bb, remarc\u00f3.<\/p>\n<\/div>\n<div class=\"custom-text \" readability=\"39\">\n<p>Del mismo modo, la decisi\u00f3n de Rubiales de quedarse en el cargo tambi\u00e9n fue repudiada por F\u00e9lix Bola\u00f1os, ministro de la presidencia. \u00abLa sociedad espa\u00f1ola no quiere ni machismo ni machistas. La Espa\u00f1a real es la que celebra la victoria de las jugadoras en el Mundial, no esta verg\u00fcenza. El feminismo nos hace mejores. Actuaremos\u00bb, asegur\u00f3.<\/p>\n<\/div>\n<\/div>\n","protected":false},"excerpt":{"rendered":"<p>27\/08\/2023 11:10hs. Andr\u00e9s Iniesta fue otra de las figuras del deporte que repudi\u00f3 el accionar de Luis Rubiales, el dirigente que bes\u00f3 sin consentimiento a una referente de la Selecci\u00f3n de Espa\u00f1a durante la premiaci\u00f3n del Mundial Femenino. \u00abNo podemos tolerar actuaciones como las que hemos visto, que han empa\u00f1ado un hito tan grande como [&hellip;]<\/p>\n","protected":false},"author":1,"featured_media":65585,"comment_status":"open","ping_status":"closed","sticky":false,"template":"","format":"standard","meta":[],"categories":[16],"tags":[],"_links":{"self":[{"href":"http:\/\/hoycordobaweb.com\/index.php\/wp-json\/wp\/v2\/posts\/65584"}],"collection":[{"href":"http:\/\/hoycordobaweb.com\/index.php\/wp-json\/wp\/v2\/posts"}],"about":[{"href":"http:\/\/hoycordobaweb.com\/index.php\/wp-json\/wp\/v2\/types\/post"}],"author":[{"embeddable":true,"href":"http:\/\/hoycordobaweb.com\/index.php\/wp-json\/wp\/v2\/users\/1"}],"replies":[{"embeddable":true,"href":"http:\/\/hoycordobaweb.com\/index.php\/wp-json\/wp\/v2\/comments?post=65584"}],"version-history":[{"count":0,"href":"http:\/\/hoycordobaweb.com\/index.php\/wp-json\/wp\/v2\/posts\/65584\/revisions"}],"wp:featuredmedia":[{"embeddable":true,"href":"http:\/\/hoycordobaweb.com\/index.php\/wp-json\/wp\/v2\/media\/65585"}],"wp:attachment":[{"href":"http:\/\/hoycordobaweb.com\/index.php\/wp-json\/wp\/v2\/media?parent=65584"}],"wp:term":[{"taxonomy":"category","embeddable":true,"href":"http:\/\/hoycordobaweb.com\/index.php\/wp-json\/wp\/v2\/categories?post=65584"},{"taxonomy":"post_tag","embeddable":true,"href":"http:\/\/hoycordobaweb.com\/index.php\/wp-json\/wp\/v2\/tags?post=65584"}],"curies":[{"name":"wp","href":"https:\/\/api.w.org\/{rel}","templated":true}]}}