{"id":65559,"date":"2023-08-26T23:53:00","date_gmt":"2023-08-26T23:53:00","guid":{"rendered":"http:\/\/hoycordobaweb.com\/index.php\/2023\/08\/26\/el-argentino-sebastian-baez-se-corono-campeon-en-winston-salem\/"},"modified":"2023-08-26T23:53:00","modified_gmt":"2023-08-26T23:53:00","slug":"el-argentino-sebastian-baez-se-corono-campeon-en-winston-salem","status":"publish","type":"post","link":"http:\/\/hoycordobaweb.com\/index.php\/2023\/08\/26\/el-argentino-sebastian-baez-se-corono-campeon-en-winston-salem\/","title":{"rendered":"El argentino Sebasti\u00e1n B\u00e1ez se coron\u00f3 campe\u00f3n en Winston Salem"},"content":{"rendered":"<p><img src=\"http:\/\/hoycordobaweb.com\/wp-content\/uploads\/2023\/08\/el-argentino-sebastian-baez-se-corono-campeon-en-winston-salem.jpg\"><\/p>\n<figure class=\"mb-3\"><img loading=\"lazy\" data-src=\"http:\/\/hoycordobaweb.com\/wp-content\/uploads\/2023\/08\/el-argentino-sebastian-baez-se-corono-campeon-en-winston-salem-2.jpg\" src=\"https:\/\/www.telam.com.ar\/assets\/img\/not_image.png\" class=\" lazy \" width=\"100%\" height=\"100%\" alt=\"Foto Twitter archivo\"><figcaption> Foto: Twitter (archivo). <\/figcaption><\/figure>\n<p>El tenista argentino Sebasti\u00e1n B\u00e1ez confirm\u00f3 su gran temporada con un nuevo t\u00edtulo al coronarse campe\u00f3n del ATP 250 de Winston Salem, en los Estados Unidos, tras imponerse en la final sobre el checo Jiri Lehecka por 6-4 y 6-3.<\/p>\n<p>B\u00e1ez, ubicado en el puesto 42 del ranking mundial de la ATP, edific\u00f3 su victoria sobre Lehecka (35) en una hora y 34 minutos para quedarse con su tercer trofeo en el a\u00f1o, los anteriores en el C\u00f3rdoba Open y Kitzbuhel, en Austria.<\/p>\n<p>El tenista nacido en el partido bonaerense de San Mart\u00edn hace 22 a\u00f1os, que tambi\u00e9n hab\u00eda sido campe\u00f3n el a\u00f1o pasado en Estoril, Portugal, demostr\u00f3 su gran evoluci\u00f3n, sobre todo en lo f\u00edsico, y as\u00ed conquist\u00f3 su primer t\u00edtulo sobre superficie r\u00e1pida, ya que los tres anteriores hab\u00edan sido sobre polvo de ladrillo.<\/p>\n<p>B\u00e1ez, quien ya hab\u00eda vencido a Lehecka (35) la anterior vez que se enfrentaron, en la serie de Copa Davis que animaron el a\u00f1o pasado en Buenos Aires el equipo argentino y su par de la Rep\u00fablica Checa, demostr\u00f3 mucha determinaci\u00f3n para sobreponerse a un comienzo de partido adverso en el que se encontr\u00f3 3-1 abajo en el marcador.<\/p>\n<p>El argentino ajust\u00f3 su devoluci\u00f3n, as\u00ed logr\u00f3 dos quiebres sobre el servicio de su rival, y mostr\u00f3 una gran velocidad de piernas para llevarse el set inicial por 6-4, sin rastros del desgaste que hab\u00eda efectuado en la semifinal del viernes cuando sac\u00f3 del torneo al m\u00e1ximo favorito al t\u00edtulo, el croata Borna Coric (29), en un partido que resolvi\u00f3 en el tercer set y luego de tres horas y 20 minutos de intensa lucha.<\/p>\n<p>En el segundo parcial, B\u00e1ez comenz\u00f3 nuevamente abajo en el marcador (0-2) pero eso no lo hizo desanimarse, al contrario, sigui\u00f3 intentando hasta recuperarse y pasar al frente.<\/p>\n<p>B\u00e1ez logr\u00f3 dos quiebres sobre el saque del checo para adelantarse 2-1 y 3-2, y luego sac\u00f3 muy bien, con una eficacia del 74 por ciento de los puntos ganados cada vez que conect\u00f3 su primer servicio.<\/p>\n<p>El argentino se llev\u00f3 el partido con un nuevo quiebre que le permiti\u00f3 cerrar por 6-3 y lleg\u00f3 despu\u00e9s de una doble falta del checo, err\u00e1tico y desanimado porque era superado en la cancha.<\/p>\n<p>B\u00e1ez complet\u00f3 una gran semana en la que logr\u00f3 triunfos sucesivos sobre el colombiano Daniel Elah\u00ed Gal\u00e1n (70) en la ronda inicial, el australiano Alexander Vukic (51) en octavos de final, el serbio Laslo Djere (34) en cuartos de final, el mencionado croata Coric (29) en semifinales, y a Lehecka en el partido decisivo.<\/p>\n<p>\u00abEstoy muy feliz por el t\u00edtulo y por todo lo que consegu\u00ed durante esta semana. Est\u00e1 muy bueno llegar as\u00ed al US Open y espero recuperarme bien porque tendr\u00e9 un debut dif\u00edcil\u00bb, analiz\u00f3 Ba\u00e9z en sus primeras declaraciones, con el trofeo entre sus manos.<\/p>\n<p>El ATP 250 de Winston Salem, sobre superficie r\u00e1pida, reparti\u00f3 premios por 850.680 d\u00f3lares y fue la antesala del US Open, el cuarto y \u00faltimo Grand Slam del a\u00f1o que comenzar\u00e1 el lunes en Nueva York y en el que B\u00e1ez volver\u00e1 a enfrentarse con Coric, esta vez en la ronda inicial.<\/p>\n<p>\u00abAgradezco a todo mi equipo que me ayud\u00f3 durante toda la semana y fue muy importante para haber conseguido el t\u00edtulo. Cuando estuve abajo en el marcador, mi coach me ped\u00eda que siguiera enfocado, que recupere las buenas sensaciones, y por suerte pude hacerlo\u00bb, revel\u00f3 B\u00e1ez, en alusi\u00f3n a su entrenador Sebasti\u00e1n Guti\u00e9rrez, quien lo acompa\u00f1a en cada torneo junto al preparador f\u00edsico Martiniano Orazi.<\/p>\n<p>El t\u00edtulo en Winston Salem le permitir\u00e1 a B\u00e1ez escalar 10 puestos y a partir del lunes ser\u00e1 el 32 del mundo, cuando la ATP actualice su ranking.<\/p>\n<p>Adem\u00e1s, B\u00e1ez qued\u00f3 a un paso de igualar una marca del tandilense Juan Mart\u00edn Del Potro, el \u00faltimo tenista argentino que hab\u00eda conquistado m\u00e1s de tres t\u00edtulos en un a\u00f1o cuando se coron\u00f3 campe\u00f3n en 2013 en los ATP de Basilea (Suiza), Tokio, Washington y Rotterdam (Pa\u00edses Bajos).<\/p>\n<p>El t\u00edtulo de B\u00e1ez es el quinto para los tenistas argentinos en 2023 y en tres superficies distintas, ya que Francisco Cer\u00fandolo fue campe\u00f3n sobre el c\u00e9sped de Eastbourne (Inglaterra) y el cordob\u00e9s Pedro Cach\u00edn en Gstaad (Suiza), tambi\u00e9n sobre polvo de ladrillo.<\/p>\n<p>Adem\u00e1s, con la conquista de B\u00e1ez en Winston Salem, Argentina lleg\u00f3 a la cifra de 232 t\u00edtulos en la historia, siendo el m\u00e1s ganador el coloso marplatense Guillermo Vilas con 62. <\/p>\n","protected":false},"excerpt":{"rendered":"<p>Foto: Twitter (archivo). El tenista argentino Sebasti\u00e1n B\u00e1ez confirm\u00f3 su gran temporada con un nuevo t\u00edtulo al coronarse campe\u00f3n del ATP 250 de Winston Salem, en los Estados Unidos, tras imponerse en la final sobre el checo Jiri Lehecka por 6-4 y 6-3. B\u00e1ez, ubicado en el puesto 42 del ranking mundial de la ATP, [&hellip;]<\/p>\n","protected":false},"author":1,"featured_media":65560,"comment_status":"open","ping_status":"closed","sticky":false,"template":"","format":"standard","meta":[],"categories":[16],"tags":[],"_links":{"self":[{"href":"http:\/\/hoycordobaweb.com\/index.php\/wp-json\/wp\/v2\/posts\/65559"}],"collection":[{"href":"http:\/\/hoycordobaweb.com\/index.php\/wp-json\/wp\/v2\/posts"}],"about":[{"href":"http:\/\/hoycordobaweb.com\/index.php\/wp-json\/wp\/v2\/types\/post"}],"author":[{"embeddable":true,"href":"http:\/\/hoycordobaweb.com\/index.php\/wp-json\/wp\/v2\/users\/1"}],"replies":[{"embeddable":true,"href":"http:\/\/hoycordobaweb.com\/index.php\/wp-json\/wp\/v2\/comments?post=65559"}],"version-history":[{"count":0,"href":"http:\/\/hoycordobaweb.com\/index.php\/wp-json\/wp\/v2\/posts\/65559\/revisions"}],"wp:featuredmedia":[{"embeddable":true,"href":"http:\/\/hoycordobaweb.com\/index.php\/wp-json\/wp\/v2\/media\/65560"}],"wp:attachment":[{"href":"http:\/\/hoycordobaweb.com\/index.php\/wp-json\/wp\/v2\/media?parent=65559"}],"wp:term":[{"taxonomy":"category","embeddable":true,"href":"http:\/\/hoycordobaweb.com\/index.php\/wp-json\/wp\/v2\/categories?post=65559"},{"taxonomy":"post_tag","embeddable":true,"href":"http:\/\/hoycordobaweb.com\/index.php\/wp-json\/wp\/v2\/tags?post=65559"}],"curies":[{"name":"wp","href":"https:\/\/api.w.org\/{rel}","templated":true}]}}