{"id":65547,"date":"2023-08-26T12:15:08","date_gmt":"2023-08-26T12:15:08","guid":{"rendered":"https:\/\/www.mujerhoy.com\/moda\/no-te-pierdas\/vestidos-colores-zara-kate-moss-chiara-ferrragni-otono-baratos-20230826141500-nt.html"},"modified":"2023-08-26T12:15:08","modified_gmt":"2023-08-26T12:15:08","slug":"la-tendencia-de-los-anos-90-que-ha-regresado-a-zara-y-ya-llevo-chiara-ferragni","status":"publish","type":"post","link":"http:\/\/hoycordobaweb.com\/index.php\/2023\/08\/26\/la-tendencia-de-los-anos-90-que-ha-regresado-a-zara-y-ya-llevo-chiara-ferragni\/","title":{"rendered":"La tendencia de los a\u00f1os 90 que ha regresado a Zara (y ya llev\u00f3 Chiara Ferragni)"},"content":{"rendered":"<p><!-- AUTHOR --><\/p>\n<div class=\"voc-author-timesocial \"><!-- AUTHOR --><\/p>\n<div class=\"voc-author-timesocial__signature\"><!-- IMAGE AUTHOR --><picture class=\"voc-image-signature\"><img class=\"voc-image-signature__img\" src=\"http:\/\/hoycordobaweb.com\/wp-content\/uploads\/2023\/08\/la-tendencia-de-los-anos-90-que-ha-regresado-a-zara-y-ya-llevo-chiara-ferragni.jpg\" alt=\"Gemma Cano\"><\/picture><!-- INFO AUTHOR --><\/p>\n<div class=\"voc-author-timesocial__info\">\n<div class=\"voc-author-info\"><author><a title=\"GEMMA CANO\" href=\"https:\/\/www.mujerhoy.com\/autor\/gemma-cano-1220.html\" class=\"voc-author\">GEMMA CANO <\/a><\/author><time datetime=\"2023-08-26T12:15:08Z\" data-timestamp>Publicado \u00b7 <span data-voc-date-modified-short>26 de agosto de 2023, 14:15 h<\/span><\/time><\/div>\n<\/div>\n<\/div>\n<\/div>\n<p><!-- COMPONENTS --><\/p>\n<p class=\"voc-paragraph\">Cada temporada, las <strong>nuevas tendencias<\/strong> llegan reivindicando que les hagamos sitio en nuestro armario. Algunas de ellas son totalmente novedosas, mientras que otras rescatan propuestas que ya triunfaron en d\u00e9cadas pasadas. Y nuestras firmas low cost de cabecera saben que es un aut\u00e9ntico fil\u00f3n apostar por este tipo de <a data-voc-vtm-id=\"in-text-traffic\" href=\"https:\/\/www.mujerhoy.com\/moda\/no-te-pierdas\/amelia-bono-siete-looks-diarios-baratos-como-vestir-20230304002722-nt.html\">prendas ic\u00f3nicas<\/a>. <\/p>\n<p class=\"voc-paragraph\">Y si echamos un vistazo r\u00e1pido a la <a data-voc-vtm-id=\"in-text-traffic\" href=\"https:\/\/www.mujerhoy.com\/moda\/no-te-pierdas\/sassa-osma-vestidos-camisas-zara-massimo-dutti-secretos-estilo-famosas-modelos-novedades-primavera-20230306015605-nt.html\">nueva colecci\u00f3n<\/a> de oto\u00f1o de Zara, descubriremos pronto que ya tenemos una esas tendencias bien localizadas. El vestido lencero con acabado metalizado, que evoca a la \u00e9poca de los a\u00f1os 90, ha colonizado la secci\u00f3n de novedades de la firma de Inditex.\n<\/p>\n<div class=\"voc-detail-photo-zoom\"><picture data-toggle=\"modal\" data-target=\"#photoZoomModal-462\" target=\"modal\">\n<div class=\"voc-img-icon-link\"><img loading=\"lazy\" data-original=\"\/\/static3.mujerhoy.com\/www\/multimedia\/202308\/18\/media\/cortadas\/verano-chiara-ferragni-look-rejuvenecedor-zara-kKaF--460x637@MujerHoy.png\" class=\"lazy adsviu_analyse\"><noscript><img src=\"http:\/\/hoycordobaweb.com\/wp-content\/uploads\/2023\/08\/la-tendencia-de-los-anos-90-que-ha-regresado-a-zara-y-ya-llevo-chiara-ferragni.png\"><\/noscript><i class=\"voc-icons zoom voc-multimedia-box voc-ico-l\"><\/i><\/div><figcaption class=\"figure-caption\"><\/figcaption><\/picture><\/div>\n<div id=\"photoZoomModal-462\" class=\"voc-lightbox modal fade voc-lightbox--photo-zoom\" role=\"dialog\" data-voc-photozoom-lightbox>\n<div class=\"voc-lightbox__dialog\" role=\"document\">\n<div class=\"voc-lightbox__content\"><!-- Modal header --><!-- Modal content --><\/p>\n<div class=\"voc-lightbox__photo-container\"><picture class><img loading=\"lazy\" data-original=\"\/\/static3.mujerhoy.com\/www\/multimedia\/202308\/18\/media\/cortadas\/verano-chiara-ferragni-look-rejuvenecedor-zara-kKaF--460x637@MujerHoy.png\" class=\"lazy\"><noscript><img src=\"http:\/\/hoycordobaweb.com\/wp-content\/uploads\/2023\/08\/la-tendencia-de-los-anos-90-que-ha-regresado-a-zara-y-ya-llevo-chiara-ferragni.png\"><\/noscript><\/picture><\/div>\n<\/div>\n<\/div>\n<\/div>\n<p class=\"voc-paragraph\">Un dise\u00f1o que popularizaron las super modelos de la \u00e9poca, con Kate Moss a la cabeza, y que m\u00e1s tarde volvi\u00f3 a saltar a la palestra gracias a las influencers m\u00e1s famosas, como Chiara Ferragni. Inmediatamente despu\u00e9s, otras famosas se sumaron r\u00e1pidamente a esta corriente no apta para chicas discretas. Este oto\u00f1o, nos guste o no, las marcas han decidido darle una nueva oportunidad a esta <strong>tendencia que caus\u00f3 sensaci\u00f3n<\/strong>. \u00bf\u00c9xito asegurado o aut\u00e9ntico fiasco?\n<\/p>\n<div class=\"voc-detail-photo-zoom\"><picture data-toggle=\"modal\" data-target=\"#photoZoomModal-84\" target=\"modal\">\n<div class=\"voc-img-icon-link\"><img loading=\"lazy\" data-original=\"\/\/static.mujerhoy.com\/www\/multimedia\/202308\/18\/media\/cortadas\/vestido-chiara-ferragni-look-rejuvenecedor-zara-kKaF--460x637@MujerHoy.jpeg\" class=\"lazy adsviu_analyse\"><noscript><img src=\"http:\/\/hoycordobaweb.com\/wp-content\/uploads\/2023\/08\/la-tendencia-de-los-anos-90-que-ha-regresado-a-zara-y-ya-llevo-chiara-ferragni-1.jpg\"><\/noscript><i class=\"voc-icons zoom voc-multimedia-box voc-ico-l\"><\/i><\/div><figcaption class=\"figure-caption\"><\/figcaption><\/picture><\/div>\n<div id=\"photoZoomModal-84\" class=\"voc-lightbox modal fade voc-lightbox--photo-zoom\" role=\"dialog\" data-voc-photozoom-lightbox>\n<div class=\"voc-lightbox__dialog\" role=\"document\">\n<div class=\"voc-lightbox__content\"><!-- Modal header --><!-- Modal content --><\/p>\n<div class=\"voc-lightbox__photo-container\"><picture class><img loading=\"lazy\" data-original=\"\/\/static.mujerhoy.com\/www\/multimedia\/202308\/18\/media\/cortadas\/vestido-chiara-ferragni-look-rejuvenecedor-zara-kKaF--460x637@MujerHoy.jpeg\" class=\"lazy\"><noscript><img src=\"http:\/\/hoycordobaweb.com\/wp-content\/uploads\/2023\/08\/la-tendencia-de-los-anos-90-que-ha-regresado-a-zara-y-ya-llevo-chiara-ferragni-1.jpg\"><\/noscript><\/picture><\/div>\n<\/div>\n<\/div>\n<\/div>\n<p class=\"voc-paragraph\">Aunque hay muchas formas de lucir este tejido metalizado, el llamado \u00abslip dress\u00bb, es la pieza perfecta. Un mini vestido de aires lenceros con el que es imposible pasar desapercibida. \u00bfDorado o plateado? Chiara Ferragni apuesta por los dos tonos.\n<\/p>\n<div class=\"voc-detail-photo-zoom\"><picture data-toggle=\"modal\" data-target=\"#photoZoomModal-118\" target=\"modal\">\n<div class=\"voc-img-icon-link\"><img loading=\"lazy\" data-original=\"\/\/static2.mujerhoy.com\/www\/multimedia\/202308\/18\/media\/cortadas\/verano-chiara-ferragni-dorado-rejuvenecedor-zara-kKaF--460x637@MujerHoy.jpeg\" class=\"lazy adsviu_analyse\" alt=\"Vestido dorado de Zara (29,90 euros)\"><noscript><img src=\"http:\/\/hoycordobaweb.com\/wp-content\/uploads\/2023\/08\/la-tendencia-de-los-anos-90-que-ha-regresado-a-zara-y-ya-llevo-chiara-ferragni-2.jpg\" alt=\"Vestido dorado de Zara (29,90 euros)\"><\/noscript><i class=\"voc-icons zoom voc-multimedia-box voc-ico-l\"><\/i><\/div><figcaption class=\"figure-caption\">Vestido dorado de Zara (29,90 euros)<\/figcaption><\/picture><\/div>\n<div id=\"photoZoomModal-118\" class=\"voc-lightbox modal fade voc-lightbox--photo-zoom\" role=\"dialog\" data-voc-photozoom-lightbox>\n<div class=\"voc-lightbox__dialog\" role=\"document\">\n<div class=\"voc-lightbox__content\"><!-- Modal header --><!-- Modal content --><\/p>\n<div class=\"voc-lightbox__photo-container\"><picture class><img loading=\"lazy\" data-original=\"\/\/static2.mujerhoy.com\/www\/multimedia\/202308\/18\/media\/cortadas\/verano-chiara-ferragni-dorado-rejuvenecedor-zara-kKaF--460x637@MujerHoy.jpeg\" alt=\"Vestido dorado de Zara (29,90 euros)\" class=\"lazy\"><noscript><img src=\"http:\/\/hoycordobaweb.com\/wp-content\/uploads\/2023\/08\/la-tendencia-de-los-anos-90-que-ha-regresado-a-zara-y-ya-llevo-chiara-ferragni-2.jpg\" alt=\"Vestido dorado de Zara (29,90 euros)\"><\/noscript><\/picture><\/div>\n<\/div>\n<\/div>\n<\/div>\n<p><h3 class=\"voc-detail__title\"> Vestido dorado de Zara (29,90 euros)<br \/>\n<\/h3>\n<\/p>\n<p class=\"voc-paragraph\">La nueva colecci\u00f3n de la firma de Inditex apuesta claramente por esa prenda que conquist\u00f3 los armarios de los a\u00f1os 90.\n<\/p>\n<div class=\"voc-detail-photo-zoom\"><picture data-toggle=\"modal\" data-target=\"#photoZoomModal-329\" target=\"modal\">\n<div class=\"voc-img-icon-link\"><img loading=\"lazy\" data-original=\"\/\/static3.mujerhoy.com\/www\/multimedia\/202308\/18\/media\/cortadas\/verano-chiara-ferragni-plata-rejuvenecedor-zara-kKaF--460x637@MujerHoy.jpeg\" class=\"lazy adsviu_analyse\" alt=\"Vestido plateado de Zara (39,99 euros)\"><noscript><img src=\"http:\/\/hoycordobaweb.com\/wp-content\/uploads\/2023\/08\/la-tendencia-de-los-anos-90-que-ha-regresado-a-zara-y-ya-llevo-chiara-ferragni-3.jpg\" alt=\"Vestido plateado de Zara (39,99 euros)\"><\/noscript><i class=\"voc-icons zoom voc-multimedia-box voc-ico-l\"><\/i><\/div><figcaption class=\"figure-caption\">Vestido plateado de Zara (39,99 euros)<\/figcaption><\/picture><\/div>\n<div id=\"photoZoomModal-329\" class=\"voc-lightbox modal fade voc-lightbox--photo-zoom\" role=\"dialog\" data-voc-photozoom-lightbox>\n<div class=\"voc-lightbox__dialog\" role=\"document\">\n<div class=\"voc-lightbox__content\"><!-- Modal header --><!-- Modal content --><\/p>\n<div class=\"voc-lightbox__photo-container\"><picture class><img loading=\"lazy\" data-original=\"\/\/static3.mujerhoy.com\/www\/multimedia\/202308\/18\/media\/cortadas\/verano-chiara-ferragni-plata-rejuvenecedor-zara-kKaF--460x637@MujerHoy.jpeg\" alt=\"Vestido plateado de Zara (39,99 euros)\" class=\"lazy\"><noscript><img src=\"http:\/\/hoycordobaweb.com\/wp-content\/uploads\/2023\/08\/la-tendencia-de-los-anos-90-que-ha-regresado-a-zara-y-ya-llevo-chiara-ferragni-3.jpg\" alt=\"Vestido plateado de Zara (39,99 euros)\"><\/noscript><\/picture><\/div>\n<\/div>\n<\/div>\n<\/div>\n<p><h3 class=\"voc-detail__title\"> Vestido plateado de Zara (39,99 euros)<br \/>\n<\/h3>\n<\/p>\n<p class=\"voc-paragraph\">Si lo tuyo no son los mini vestidos, tambi\u00e9n tenemos propuestas de largo midi.\n<\/p>\n<div class=\"voc-detail-photo-zoom\"><picture data-toggle=\"modal\" data-target=\"#photoZoomModal-835\" target=\"modal\">\n<div class=\"voc-img-icon-link\"><img loading=\"lazy\" data-original=\"\/\/static1.mujerhoy.com\/www\/multimedia\/202308\/18\/media\/cortadas\/vestido-chiara-ferragni-fiesta-rejuvenecedor-zara-kKaF--460x637@MujerHoy.jpeg\" class=\"lazy adsviu_analyse\" alt=\"Vestido de fiesta de Zara (39,99 euros)\"><noscript><img src=\"http:\/\/hoycordobaweb.com\/wp-content\/uploads\/2023\/08\/la-tendencia-de-los-anos-90-que-ha-regresado-a-zara-y-ya-llevo-chiara-ferragni-4.jpg\" alt=\"Vestido de fiesta de Zara (39,99 euros)\"><\/noscript><i class=\"voc-icons zoom voc-multimedia-box voc-ico-l\"><\/i><\/div><figcaption class=\"figure-caption\">Vestido de fiesta de Zara (39,99 euros)<\/figcaption><\/picture><\/div>\n<div id=\"photoZoomModal-835\" class=\"voc-lightbox modal fade voc-lightbox--photo-zoom\" role=\"dialog\" data-voc-photozoom-lightbox>\n<div class=\"voc-lightbox__dialog\" role=\"document\">\n<div class=\"voc-lightbox__content\"><!-- Modal header --><!-- Modal content --><\/p>\n<div class=\"voc-lightbox__photo-container\"><picture class><img loading=\"lazy\" data-original=\"\/\/static1.mujerhoy.com\/www\/multimedia\/202308\/18\/media\/cortadas\/vestido-chiara-ferragni-fiesta-rejuvenecedor-zara-kKaF--460x637@MujerHoy.jpeg\" alt=\"Vestido de fiesta de Zara (39,99 euros)\" class=\"lazy\"><noscript><img src=\"http:\/\/hoycordobaweb.com\/wp-content\/uploads\/2023\/08\/la-tendencia-de-los-anos-90-que-ha-regresado-a-zara-y-ya-llevo-chiara-ferragni-4.jpg\" alt=\"Vestido de fiesta de Zara (39,99 euros)\"><\/noscript><\/picture><\/div>\n<\/div>\n<\/div>\n<\/div>\n<p><h3 class=\"voc-detail__title\"> Vestido de fiesta de Zara (39,99 euros)<br \/>\n<\/h3>\n<\/p>\n<p class=\"voc-paragraph\">Una propuesta m\u00e1s sosegada, con un dise\u00f1o satinado de color plata.\n<\/p>\n<div class=\"voc-detail-photo-zoom\"><picture data-toggle=\"modal\" data-target=\"#photoZoomModal-976\" target=\"modal\">\n<div class=\"voc-img-icon-link\"><img loading=\"lazy\" data-original=\"\/\/static3.mujerhoy.com\/www\/multimedia\/202308\/18\/media\/cortadas\/vestido-chiara-ferragni-corto-rejuvenecedor-zara-kKaF--460x637@MujerHoy.jpeg\" class=\"lazy adsviu_analyse\" alt=\"Vestido palabra de honor de Zara (35,99 euros)\"><noscript><img src=\"http:\/\/hoycordobaweb.com\/wp-content\/uploads\/2023\/08\/la-tendencia-de-los-anos-90-que-ha-regresado-a-zara-y-ya-llevo-chiara-ferragni-5.jpg\" alt=\"Vestido palabra de honor de Zara (35,99 euros)\"><\/noscript><i class=\"voc-icons zoom voc-multimedia-box voc-ico-l\"><\/i><\/div><figcaption class=\"figure-caption\">Vestido palabra de honor de Zara (35,99 euros)<\/figcaption><\/picture><\/div>\n<div id=\"photoZoomModal-976\" class=\"voc-lightbox modal fade voc-lightbox--photo-zoom\" role=\"dialog\" data-voc-photozoom-lightbox>\n<div class=\"voc-lightbox__dialog\" role=\"document\">\n<div class=\"voc-lightbox__content\"><!-- Modal header --><!-- Modal content --><\/p>\n<div class=\"voc-lightbox__photo-container\"><picture class><img loading=\"lazy\" data-original=\"\/\/static3.mujerhoy.com\/www\/multimedia\/202308\/18\/media\/cortadas\/vestido-chiara-ferragni-corto-rejuvenecedor-zara-kKaF--460x637@MujerHoy.jpeg\" alt=\"Vestido palabra de honor de Zara (35,99 euros)\" class=\"lazy\"><noscript><img src=\"http:\/\/hoycordobaweb.com\/wp-content\/uploads\/2023\/08\/la-tendencia-de-los-anos-90-que-ha-regresado-a-zara-y-ya-llevo-chiara-ferragni-5.jpg\" alt=\"Vestido palabra de honor de Zara (35,99 euros)\"><\/noscript><\/picture><\/div>\n<\/div>\n<\/div>\n<\/div>\n<p><h3 class=\"voc-detail__title\"> Vestido palabra de honor de Zara (35,99 euros)<br \/>\n<\/h3>\n<\/p>\n<p class=\"voc-paragraph\">La propia hija de Kate Moss, aut\u00e9ntica musa de esta tendencia, es la imagen de la campa\u00f1a de Zara.\n<\/p>\n<div class=\"voc-detail-photo-zoom\"><picture data-toggle=\"modal\" data-target=\"#photoZoomModal-72\" target=\"modal\">\n<div class=\"voc-img-icon-link\"><img loading=\"lazy\" data-original=\"\/\/static2.mujerhoy.com\/www\/multimedia\/202308\/18\/media\/cortadas\/top-chiara-ferragni-corto-rejuvenecedor-zara-kKaF--460x637@MujerHoy.jpeg\" class=\"lazy adsviu_analyse\" alt=\"Top con escote halter de Zara (22,99 euros)\"><noscript><img src=\"http:\/\/hoycordobaweb.com\/wp-content\/uploads\/2023\/08\/la-tendencia-de-los-anos-90-que-ha-regresado-a-zara-y-ya-llevo-chiara-ferragni-6.jpg\" alt=\"Top con escote halter de Zara (22,99 euros)\"><\/noscript><i class=\"voc-icons zoom voc-multimedia-box voc-ico-l\"><\/i><\/div><figcaption class=\"figure-caption\">Top con escote halter de Zara (22,99 euros)<\/figcaption><\/picture><\/div>\n<div id=\"photoZoomModal-72\" class=\"voc-lightbox modal fade voc-lightbox--photo-zoom\" role=\"dialog\" data-voc-photozoom-lightbox>\n<div class=\"voc-lightbox__dialog\" role=\"document\">\n<div class=\"voc-lightbox__content\"><!-- Modal header --><!-- Modal content --><\/p>\n<div class=\"voc-lightbox__photo-container\"><picture class><img loading=\"lazy\" data-original=\"\/\/static2.mujerhoy.com\/www\/multimedia\/202308\/18\/media\/cortadas\/top-chiara-ferragni-corto-rejuvenecedor-zara-kKaF--460x637@MujerHoy.jpeg\" alt=\"Top con escote halter de Zara (22,99 euros)\" class=\"lazy\"><noscript><img src=\"http:\/\/hoycordobaweb.com\/wp-content\/uploads\/2023\/08\/la-tendencia-de-los-anos-90-que-ha-regresado-a-zara-y-ya-llevo-chiara-ferragni-6.jpg\" alt=\"Top con escote halter de Zara (22,99 euros)\"><\/noscript><\/picture><\/div>\n<\/div>\n<\/div>\n<\/div>\n<p><h3 class=\"voc-detail__title\"> Top con escote halter de Zara (22,99 euros)<br \/>\n<\/h3>\n<\/p>\n<p class=\"voc-paragraph\">Si el vestido te parece demasiado atrevido siempre podr\u00e1s recurrir a una pieza m\u00e1s discreta. Elige un dise\u00f1o de color dorado con escote halter y ll\u00e9valo con vaqueros.\n<\/p>\n<div class=\"voc-detail-photo-zoom\"><picture data-toggle=\"modal\" data-target=\"#photoZoomModal-649\" target=\"modal\">\n<div class=\"voc-img-icon-link\"><img loading=\"lazy\" data-original=\"\/\/static1.mujerhoy.com\/www\/multimedia\/202308\/18\/media\/cortadas\/top-lencero-ferragni-corto-rejuvenecedor-zara-kKaF--460x637@MujerHoy.jpeg\" class=\"lazy adsviu_analyse\" alt=\"Top lencero de Zara (29,99 euros)\"><noscript><img src=\"http:\/\/hoycordobaweb.com\/wp-content\/uploads\/2023\/08\/la-tendencia-de-los-anos-90-que-ha-regresado-a-zara-y-ya-llevo-chiara-ferragni-7.jpg\" alt=\"Top lencero de Zara (29,99 euros)\"><\/noscript><i class=\"voc-icons zoom voc-multimedia-box voc-ico-l\"><\/i><\/div><figcaption class=\"figure-caption\">Top lencero de Zara (29,99 euros)<\/figcaption><\/picture><\/div>\n<div id=\"photoZoomModal-649\" class=\"voc-lightbox modal fade voc-lightbox--photo-zoom\" role=\"dialog\" data-voc-photozoom-lightbox>\n<div class=\"voc-lightbox__dialog\" role=\"document\">\n<div class=\"voc-lightbox__content\"><!-- Modal header --><!-- Modal content --><\/p>\n<div class=\"voc-lightbox__photo-container\"><picture class><img loading=\"lazy\" data-original=\"\/\/static1.mujerhoy.com\/www\/multimedia\/202308\/18\/media\/cortadas\/top-lencero-ferragni-corto-rejuvenecedor-zara-kKaF--460x637@MujerHoy.jpeg\" alt=\"Top lencero de Zara (29,99 euros)\" class=\"lazy\"><noscript><img src=\"http:\/\/hoycordobaweb.com\/wp-content\/uploads\/2023\/08\/la-tendencia-de-los-anos-90-que-ha-regresado-a-zara-y-ya-llevo-chiara-ferragni-7.jpg\" alt=\"Top lencero de Zara (29,99 euros)\"><\/noscript><\/picture><\/div>\n<\/div>\n<\/div>\n<\/div>\n<p><h3 class=\"voc-detail__title\"> Top lencero de Zara (29,99 euros)<br \/>\n<\/h3>\n<\/p>\n<p class=\"voc-paragraph\">Otra propuesta donde el color plata es el protagonista.\n<\/p>\n<div class=\"voc-detail-photo-zoom\"><picture data-toggle=\"modal\" data-target=\"#photoZoomModal-195\" target=\"modal\">\n<div class=\"voc-img-icon-link\"><img loading=\"lazy\" data-original=\"\/\/static3.mujerhoy.com\/www\/multimedia\/202308\/18\/media\/cortadas\/camiseta-chiara-ferragni-corto-rejuvenecedor-zara-kKaF--460x637@MujerHoy.jpeg\" class=\"lazy adsviu_analyse\" alt=\"Top plateado de Zara (19,99 euros)\"><noscript><img src=\"http:\/\/hoycordobaweb.com\/wp-content\/uploads\/2023\/08\/la-tendencia-de-los-anos-90-que-ha-regresado-a-zara-y-ya-llevo-chiara-ferragni-8.jpg\" alt=\"Top plateado de Zara (19,99 euros)\"><\/noscript><i class=\"voc-icons zoom voc-multimedia-box voc-ico-l\"><\/i><\/div><figcaption class=\"figure-caption\">Top plateado de Zara (19,99 euros)<\/figcaption><\/picture><\/div>\n<div id=\"photoZoomModal-195\" class=\"voc-lightbox modal fade voc-lightbox--photo-zoom\" role=\"dialog\" data-voc-photozoom-lightbox>\n<div class=\"voc-lightbox__dialog\" role=\"document\">\n<div class=\"voc-lightbox__content\"><!-- Modal header --><!-- Modal content --><\/p>\n<div class=\"voc-lightbox__photo-container\"><picture class><img loading=\"lazy\" data-original=\"\/\/static3.mujerhoy.com\/www\/multimedia\/202308\/18\/media\/cortadas\/camiseta-chiara-ferragni-corto-rejuvenecedor-zara-kKaF--460x637@MujerHoy.jpeg\" alt=\"Top plateado de Zara (19,99 euros)\" class=\"lazy\"><noscript><img src=\"http:\/\/hoycordobaweb.com\/wp-content\/uploads\/2023\/08\/la-tendencia-de-los-anos-90-que-ha-regresado-a-zara-y-ya-llevo-chiara-ferragni-8.jpg\" alt=\"Top plateado de Zara (19,99 euros)\"><\/noscript><\/picture><\/div>\n<\/div>\n<\/div>\n<\/div>\n<p><h3 class=\"voc-detail__title\"> Top plateado de Zara (19,99 euros)<br \/>\n<\/h3>\n<\/p>\n<p class=\"voc-paragraph\">El escote palabra de honor tambi\u00e9n ha resurgido con fuerza.\n<\/p>\n<div class=\"voc-detail-photo-zoom\"><picture data-toggle=\"modal\" data-target=\"#photoZoomModal-914\" target=\"modal\">\n<div class=\"voc-img-icon-link\"><img loading=\"lazy\" data-original=\"\/\/static.mujerhoy.com\/www\/multimedia\/202308\/18\/media\/cortadas\/vestido-dorado-ferragni-fiesta-rejuvenecedor-zara-kKaF--460x637@MujerHoy.jpeg\" class=\"lazy adsviu_analyse\" alt=\"Vestido dorado de Zara (35,99 euros)\"><noscript><img src=\"http:\/\/hoycordobaweb.com\/wp-content\/uploads\/2023\/08\/la-tendencia-de-los-anos-90-que-ha-regresado-a-zara-y-ya-llevo-chiara-ferragni-9.jpg\" alt=\"Vestido dorado de Zara (35,99 euros)\"><\/noscript><i class=\"voc-icons zoom voc-multimedia-box voc-ico-l\"><\/i><\/div><figcaption class=\"figure-caption\">Vestido dorado de Zara (35,99 euros)<\/figcaption><\/picture><\/div>\n<div id=\"photoZoomModal-914\" class=\"voc-lightbox modal fade voc-lightbox--photo-zoom\" role=\"dialog\" data-voc-photozoom-lightbox>\n<div class=\"voc-lightbox__dialog\" role=\"document\">\n<div class=\"voc-lightbox__content\"><!-- Modal header --><!-- Modal content --><\/p>\n<div class=\"voc-lightbox__photo-container\"><picture class><img loading=\"lazy\" data-original=\"\/\/static.mujerhoy.com\/www\/multimedia\/202308\/18\/media\/cortadas\/vestido-dorado-ferragni-fiesta-rejuvenecedor-zara-kKaF--460x637@MujerHoy.jpeg\" alt=\"Vestido dorado de Zara (35,99 euros)\" class=\"lazy\"><noscript><img src=\"http:\/\/hoycordobaweb.com\/wp-content\/uploads\/2023\/08\/la-tendencia-de-los-anos-90-que-ha-regresado-a-zara-y-ya-llevo-chiara-ferragni-9.jpg\" alt=\"Vestido dorado de Zara (35,99 euros)\"><\/noscript><\/picture><\/div>\n<\/div>\n<\/div>\n<\/div>\n<p><h3 class=\"voc-detail__title\"> Vestido dorado de Zara (35,99 euros)<br \/>\n<\/h3>\n<\/p>\n<p class=\"voc-paragraph\">Y para terminar esta selecci\u00f3n, un vestido con escotazo y detalles drapeados. <\/p>\n<p><!-- TOPICS --><\/p>\n","protected":false},"excerpt":{"rendered":"<p>GEMMA CANO Publicado \u00b7 26 de agosto de 2023, 14:15 h Cada temporada, las nuevas tendencias llegan reivindicando que les hagamos sitio en nuestro armario. Algunas de ellas son totalmente novedosas, mientras que otras rescatan propuestas que ya triunfaron en d\u00e9cadas pasadas. Y nuestras firmas low cost de cabecera saben que es un aut\u00e9ntico fil\u00f3n [&hellip;]<\/p>\n","protected":false},"author":1,"featured_media":65548,"comment_status":"closed","ping_status":"closed","sticky":false,"template":"","format":"standard","meta":[],"categories":[1],"tags":[],"_links":{"self":[{"href":"http:\/\/hoycordobaweb.com\/index.php\/wp-json\/wp\/v2\/posts\/65547"}],"collection":[{"href":"http:\/\/hoycordobaweb.com\/index.php\/wp-json\/wp\/v2\/posts"}],"about":[{"href":"http:\/\/hoycordobaweb.com\/index.php\/wp-json\/wp\/v2\/types\/post"}],"author":[{"embeddable":true,"href":"http:\/\/hoycordobaweb.com\/index.php\/wp-json\/wp\/v2\/users\/1"}],"replies":[{"embeddable":true,"href":"http:\/\/hoycordobaweb.com\/index.php\/wp-json\/wp\/v2\/comments?post=65547"}],"version-history":[{"count":0,"href":"http:\/\/hoycordobaweb.com\/index.php\/wp-json\/wp\/v2\/posts\/65547\/revisions"}],"wp:featuredmedia":[{"embeddable":true,"href":"http:\/\/hoycordobaweb.com\/index.php\/wp-json\/wp\/v2\/media\/65548"}],"wp:attachment":[{"href":"http:\/\/hoycordobaweb.com\/index.php\/wp-json\/wp\/v2\/media?parent=65547"}],"wp:term":[{"taxonomy":"category","embeddable":true,"href":"http:\/\/hoycordobaweb.com\/index.php\/wp-json\/wp\/v2\/categories?post=65547"},{"taxonomy":"post_tag","embeddable":true,"href":"http:\/\/hoycordobaweb.com\/index.php\/wp-json\/wp\/v2\/tags?post=65547"}],"curies":[{"name":"wp","href":"https:\/\/api.w.org\/{rel}","templated":true}]}}