{"id":65531,"date":"2023-08-26T14:16:38","date_gmt":"2023-08-26T14:16:38","guid":{"rendered":"https:\/\/www.ole.com.ar\/futbol-internacional\/lista-eliminatorias-chile-convocados-berizzo_0_K3i0VYI2bp.html"},"modified":"2023-08-26T14:16:38","modified_gmt":"2023-08-26T14:16:38","slug":"lista-extra-large-de-berizzo-en-chile-hay-ocho-jugadores-del-futbol-argentino","status":"publish","type":"post","link":"http:\/\/hoycordobaweb.com\/index.php\/2023\/08\/26\/lista-extra-large-de-berizzo-en-chile-hay-ocho-jugadores-del-futbol-argentino\/","title":{"rendered":"Lista extra large de Berizzo en Chile: hay ocho jugadores del f\u00fatbol argentino"},"content":{"rendered":"<p><img src=\"http:\/\/hoycordobaweb.com\/wp-content\/uploads\/2023\/08\/lista-extra-large-de-berizzo-en-chile-hay-ocho-jugadores-del-futbol-argentino.jpg\"><\/p>\n<p><time class=\"createDate\" datetime=\"2023-08-26T11:16:38-03:00\">26\/08\/2023 11:16hs.<\/time><time class=\"modificatedDate\" datetime=\"2023-08-26T11:16:38-03:00\"><\/time><\/p>\n<div id=\"storyBody\">\n<div class=\"custom-text \" readability=\"39\">\n<p>Septiembre ser\u00e1 el mes en el que comenzar\u00e1n las Eliminatorias Sudamericanas rumbo al pr\u00f3ximo Mundial de 2026 (M\u00e9xico, Estados Unidos y Canad\u00e1). Y por tal motivo, los seleccionados van entregando las listas de jugadores citados para las dos primeras fechas del torneo clasificatorio, como el caso de Chile. <strong>As\u00ed, el Toto Berizzo dio una n\u00f3mina extra large con 45 futbolistas. Y hay ocho del f\u00fatbol argentino.<\/strong><\/p>\n<\/div>\n<div class=\"custom-text \" readability=\"42\">\n<p><strong>Los que se desempe\u00f1an en el medio local son<\/strong>: Gabriel Arias de Racing, Williams Alarc\u00f3n de Hurac\u00e1n, Javier Altamirano de Estudiantes, Bruno Barticciotto de Talleres, Mat\u00edas Catal\u00e1n de Talleres, Rodrigo Echeverr\u00eda de Hurac\u00e1n, Thomas Galdames de Godoy Cruz y Guillermo Soto de Hurac\u00e1n. No est\u00e1 <strong>Paulo D\u00edaz de River, hoy lesionado. <\/strong><\/p>\n<\/div>\n<div class=\"custom-text \" readability=\"37\">\n<p>Ademas, Berizzo tambi\u00e9n convoc\u00f3 a hombres de la vieja guardia como <strong>Charles Ar\u00e1nguiz, Eugenio Mena, Gary Medel, Arturo Vidal y Alexis S\u00e1nchez.<\/strong><\/p>\n<\/div>\n<div class=\"custom-text \" readability=\"33\">\n<p>Chile visitar\u00e1 a Uruguay <strong>el viernes 8 de septiembre en Montevideo y recibir\u00e1 a Colombia en Santiago cuatro d\u00edas m\u00e1s tarde. <\/strong><\/p>\n<\/div>\n<div class=\"custom-embedhtml\" readability=\"7.2080536912752\">\n<blockquote class=\"twitter-tweet\" readability=\"8.8098434004474\">\n<p lang=\"es\" dir=\"ltr\">\u26bd\ufe0f\ud83c\udde8\ud83c\uddf1 \ud835\udde1\ud835\udde2\u0301\ud835\udde0\ud835\udddc\ud835\udde1\ud835\uddd4 \ud835\uddd7\ud835\uddd8 <a href=\"https:\/\/twitter.com\/hashtag\/%F0%9D%97%9F%F0%9D%97%94%F0%9D%97%A5%F0%9D%97%A2%F0%9D%97%9D%F0%9D%97%94?src=hash&amp;ref_src=twsrc%5Etfw\">#\ud835\udddf\ud835\uddd4\ud835\udde5\ud835\udde2\ud835\udddd\ud835\uddd4<\/a> \ud835\udde3\ud835\uddd4\ud835\udde5\ud835\uddd4 \ud835\udddf\ud835\uddd4 \ud835\uddd7\ud835\udde2\ud835\uddd5\ud835\udddf\ud835\uddd8 \ud835\uddd9\ud835\uddd8\ud835\uddd6\ud835\udddb\ud835\uddd4 \ud835\uddd6\ud835\udddf\ud835\uddd4\ud835\udde6\ud835\udddc\ud835\uddd9\ud835\udddc\ud835\uddd6\ud835\uddd4\ud835\udde7\ud835\udde2\ud835\udde5\ud835\udddc\ud835\uddd4 \u203c\ufe0f<\/p>\n<p>\ud83d\udccd Estos son los jugadores convocados por el cuerpo t\u00e9cnico dirigido por Eduardo Berizzo, para la fecha FIFA Clasificatoria de septiembre.<a href=\"https:\/\/t.co\/HpDPUrtdOk\">https:\/\/t.co\/HpDPUrtdOk<\/a> <a href=\"https:\/\/t.co\/F0bwDCquWH\">pic.twitter.com\/F0bwDCquWH<\/a><\/p>\n<p>\u2014 Selecci\u00f3n Chilena (@LaRoja) <a href=\"https:\/\/twitter.com\/LaRoja\/status\/1695272353071038965?ref_src=twsrc%5Etfw\">August 26, 2023<\/a><\/p><\/blockquote><\/div>\n<p><h2><strong>CONVOCADOS DE CHILE<\/strong><\/h2>\n<\/p>\n<div class=\"sc-e7b891c4-0 jPbnQF\"><img alt=\"Berizzo, DT de Chile (EFE). \" src=\"http:\/\/hoycordobaweb.com\/wp-content\/uploads\/2023\/08\/lista-extra-large-de-berizzo-en-chile-hay-ocho-jugadores-del-futbol-argentino-2.jpg\" width=\"720\" height=\"100\" decoding=\"async\" data-nimg=\"future\" loading=\"lazy\"><span class=\"epigraphe\">Berizzo, DT de Chile (EFE). <\/span><\/div>\n<div class=\"custom-text \" readability=\"32\">\n<p>Tom\u00e1s Ahumada | Audax Italiano<\/p>\n<\/div>\n<div class=\"custom-text \" readability=\"32\">\n<p><strong>Gabriel Arias | Racing (Argentina)<\/strong><\/p>\n<\/div>\n<div class=\"custom-text \" readability=\"32\">\n<p>Crist\u00f3bal Campos | Universidad de Chile<\/p>\n<\/div>\n<div class=\"custom-text \" readability=\"32\">\n<p>Diego Carre\u00f1o | O&#8217;Higgins<\/p>\n<\/div>\n<div class=\"custom-text \" readability=\"32\">\n<p>Brayan Cort\u00e9s | Colo Colo<\/p>\n<\/div>\n<div class=\"custom-text \" readability=\"32\">\n<p><strong>Williams Alarc\u00f3n | Hurac\u00e1n (Argentina)<\/strong><\/p>\n<\/div>\n<div class=\"custom-text \" readability=\"32\">\n<p>Juli\u00e1n Alfaro | Magallanes<\/p>\n<\/div>\n<div class=\"custom-text \" readability=\"32\">\n<p><strong>Javier Altamirano | Estudiantes de La Plata (Argentina)<\/strong><\/p>\n<\/div>\n<div class=\"custom-text \" readability=\"32\">\n<p>Charles Ar\u00e1nguiz | Inter de Porto Alegre (Brasil)<\/p>\n<\/div>\n<div class=\"custom-text \" readability=\"32\">\n<p>Alexander Aravena | Universidad Cat\u00f3lica<\/p>\n<\/div>\n<div class=\"custom-text \" readability=\"32\">\n<p>Lucas Assadi | Universidad de Chile<\/p>\n<\/div>\n<div class=\"custom-text \" readability=\"32\">\n<p><strong>Bruno Barticciotto | Talleres de C\u00f3rdoba (Argentina )<\/strong><\/p>\n<\/div>\n<div class=\"custom-text \" readability=\"32\">\n<p>Ben Brereton Diaz | Villarreal CF (Espa\u00f1a)<\/p>\n<\/div>\n<div class=\"custom-text \" readability=\"32\">\n<p>Marcos Bolados | Colo Colo<\/p>\n<\/div>\n<div class=\"custom-text \" readability=\"32\">\n<p><strong>Mat\u00edas Catal\u00e1n | Talleres de C\u00f3rdoba (Argentina)<\/strong><\/p>\n<\/div>\n<div class=\"custom-text \" readability=\"32\">\n<p>Alfred Canales | Magallanes<\/p>\n<\/div>\n<div class=\"custom-text \" readability=\"32\">\n<p>Felipe Chamorro | Palestino<\/p>\n<\/div>\n<div class=\"custom-text \" readability=\"32\">\n<p>Antonio D\u00edaz | O&#8217;Higgins<\/p>\n<\/div>\n<div class=\"custom-text \" readability=\"32\">\n<p>Juan Delgado | Sheffield Wednesday FC (Inglaterra)<\/p>\n<\/div>\n<div class=\"custom-text \" readability=\"32\">\n<p><strong>Rodrigo Echeverr\u00eda | Hurac\u00e1n (Argentina)<\/strong><\/p>\n<\/div>\n<div class=\"custom-text \" readability=\"32\">\n<p>Jeison Fuentealba | Universidad de Chile<\/p>\n<\/div>\n<div class=\"custom-text \" readability=\"32\">\n<p><strong>Thomas Galdames | Godoy Cruz (Argentina)<\/strong><\/p>\n<\/div>\n<div class=\"custom-text \" readability=\"32\">\n<p>Mois\u00e9s Gonz\u00e1lez | O&#8217;Higgins<\/p>\n<\/div>\n<div class=\"custom-text \" readability=\"32\">\n<p>Maximiliano Guerrero | Deportes La Serena<\/p>\n<\/div>\n<div class=\"custom-text \" readability=\"32\">\n<p>Daniel Guti\u00e9rrez | Colo Colo<\/p>\n<\/div>\n<div class=\"custom-text \" readability=\"32\">\n<p>Benjam\u00edn Kuscevic | Coritiba (Brasil)<\/p>\n<\/div>\n<div class=\"custom-text \" readability=\"32\">\n<p>Felipe Loyola | Huachipato<\/p>\n<\/div>\n<div class=\"custom-text \" readability=\"32\">\n<p>Guillermo Marip\u00e1n | M\u00f3naco (Francia)<\/p>\n<\/div>\n<div class=\"custom-text \" readability=\"32\">\n<p>Gary Medel | Vasco da Gama ( Brasil)<\/p>\n<\/div>\n<div class=\"custom-text \" readability=\"32\">\n<p>Nayel Mehssatou Sep\u00falveda | Kortrijk (B\u00e9lgica)<\/p>\n<\/div>\n<div class=\"custom-text \" readability=\"32\">\n<p>Eugenio Mena | Universidad Cat\u00f3lica<\/p>\n<\/div>\n<div class=\"custom-text \" readability=\"32\">\n<p>Felipe M\u00e9ndez | CSKA Mosc\u00fa (Rusia)<\/p>\n<\/div>\n<div class=\"custom-text \" readability=\"32\">\n<p>Clemente Montes | Universidad Cat\u00f3lica<\/p>\n<\/div>\n<div class=\"custom-text \" readability=\"32\">\n<p>Marcelino N\u00fa\u00f1ez | Norwich City (Inglaterra)<\/p>\n<\/div>\n<div class=\"custom-text \" readability=\"32\">\n<p>Dar\u00edo Osorio | Universidad de Chile<\/p>\n<\/div>\n<div class=\"custom-text \" readability=\"32\">\n<p>C\u00e9sar P\u00e9rez | Uni\u00f3n La Calera<\/p>\n<\/div>\n<div class=\"custom-text \" readability=\"32\">\n<p>Dami\u00e1n Pizarro | Colo Colo<\/p>\n<\/div>\n<div class=\"custom-text \" readability=\"32\">\n<p>Vicente Pizarro | Colo Colo<\/p>\n<\/div>\n<div class=\"custom-text \" readability=\"32\">\n<p>Erick Pulgar | Flamengo (Brasil)<\/p>\n<\/div>\n<div class=\"custom-text \" readability=\"32\">\n<p>Alexis S\u00e1nchez | Federaci\u00f3n de F\u00fatbol de Chile<\/p>\n<\/div>\n<div class=\"custom-text \" readability=\"32\">\n<p><strong>Guillermo Soto | Hurac\u00e1n (Argentina)<\/strong><\/p>\n<\/div>\n<div class=\"custom-text \" readability=\"32\">\n<p>Gabriel Suazo | Toulouse (Francia)<\/p>\n<\/div>\n<div class=\"custom-text \" readability=\"32\">\n<p>Diego Vald\u00e9s | Club Am\u00e9rica ( M\u00e9xico)<\/p>\n<\/div>\n<div class=\"custom-text \" readability=\"32\">\n<p>Arturo Vidal | Club Athletico Paranaense (Brasil)<\/p>\n<\/div>\n<div class=\"custom-text \" readability=\"32\">\n<p>Jonathan Villagra | Uni\u00f3n Espa\u00f1ola<\/p>\n<\/div>\n<div class=\"sc-a7166897-0 exHLBh\" readability=\"6\">\n<section readability=\"2\"><picture><img alt=\"Nottingham le gana al Manchester United en un arranque a puro gol\" src=\"http:\/\/hoycordobaweb.com\/wp-content\/uploads\/2023\/08\/lista-extra-large-de-berizzo-en-chile-hay-ocho-jugadores-del-futbol-argentino-3.jpg\" width=\"290\" height=\"290\" decoding=\"async\" data-nimg=\"future\" loading=\"lazy\"><\/picture>\n<p><span>Mir\u00e1 tambi\u00e9n<\/span><\/p>\n<hr>\n<h3>Nottingham le gana al Manchester United en un arranque a puro gol<\/h3>\n<\/p>\n<\/section>\n<\/div>\n<div class=\"sc-a7166897-0 exHLBh\" readability=\"6.5\">\n<section readability=\"3\"><picture><img alt=\"Barros Schelotto convoc\u00f3 a cuatro jugadores del f\u00fatbol argentino para el comienzo de las Eliminatorias\" src=\"http:\/\/hoycordobaweb.com\/wp-content\/uploads\/2023\/08\/lista-extra-large-de-berizzo-en-chile-hay-ocho-jugadores-del-futbol-argentino-4.jpg\" width=\"290\" height=\"290\" decoding=\"async\" data-nimg=\"future\" loading=\"lazy\"><\/picture>\n<p><span>Mir\u00e1 tambi\u00e9n<\/span><\/p>\n<hr>\n<h3>Barros Schelotto convoc\u00f3 a cuatro jugadores del f\u00fatbol argentino para el comienzo de las Eliminatorias<\/h3>\n<\/p>\n<\/section>\n<\/div>\n<div class=\"sc-a7166897-0 exHLBh\" readability=\"6.5\">\n<section readability=\"3\"><picture><img alt=\"Con el Cuti Romero y Lo Celso, Tottenham venci\u00f3 al Bournemouth\" src=\"http:\/\/hoycordobaweb.com\/wp-content\/uploads\/2023\/08\/lista-extra-large-de-berizzo-en-chile-hay-ocho-jugadores-del-futbol-argentino-5.jpg\" width=\"290\" height=\"290\" decoding=\"async\" data-nimg=\"future\" loading=\"lazy\"><\/picture>\n<p><span>Mir\u00e1 tambi\u00e9n<\/span><\/p>\n<hr>\n<h3>Con el Cuti Romero y Lo Celso, Tottenham venci\u00f3 al Bournemouth<\/h3>\n<\/p>\n<\/section>\n<\/div>\n<\/div>\n","protected":false},"excerpt":{"rendered":"<p>26\/08\/2023 11:16hs. Septiembre ser\u00e1 el mes en el que comenzar\u00e1n las Eliminatorias Sudamericanas rumbo al pr\u00f3ximo Mundial de 2026 (M\u00e9xico, Estados Unidos y Canad\u00e1). Y por tal motivo, los seleccionados van entregando las listas de jugadores citados para las dos primeras fechas del torneo clasificatorio, como el caso de Chile. As\u00ed, el Toto Berizzo dio [&hellip;]<\/p>\n","protected":false},"author":1,"featured_media":65532,"comment_status":"open","ping_status":"closed","sticky":false,"template":"","format":"standard","meta":[],"categories":[16],"tags":[],"_links":{"self":[{"href":"http:\/\/hoycordobaweb.com\/index.php\/wp-json\/wp\/v2\/posts\/65531"}],"collection":[{"href":"http:\/\/hoycordobaweb.com\/index.php\/wp-json\/wp\/v2\/posts"}],"about":[{"href":"http:\/\/hoycordobaweb.com\/index.php\/wp-json\/wp\/v2\/types\/post"}],"author":[{"embeddable":true,"href":"http:\/\/hoycordobaweb.com\/index.php\/wp-json\/wp\/v2\/users\/1"}],"replies":[{"embeddable":true,"href":"http:\/\/hoycordobaweb.com\/index.php\/wp-json\/wp\/v2\/comments?post=65531"}],"version-history":[{"count":0,"href":"http:\/\/hoycordobaweb.com\/index.php\/wp-json\/wp\/v2\/posts\/65531\/revisions"}],"wp:featuredmedia":[{"embeddable":true,"href":"http:\/\/hoycordobaweb.com\/index.php\/wp-json\/wp\/v2\/media\/65532"}],"wp:attachment":[{"href":"http:\/\/hoycordobaweb.com\/index.php\/wp-json\/wp\/v2\/media?parent=65531"}],"wp:term":[{"taxonomy":"category","embeddable":true,"href":"http:\/\/hoycordobaweb.com\/index.php\/wp-json\/wp\/v2\/categories?post=65531"},{"taxonomy":"post_tag","embeddable":true,"href":"http:\/\/hoycordobaweb.com\/index.php\/wp-json\/wp\/v2\/tags?post=65531"}],"curies":[{"name":"wp","href":"https:\/\/api.w.org\/{rel}","templated":true}]}}