{"id":65486,"date":"2023-08-24T22:33:43","date_gmt":"2023-08-24T22:33:43","guid":{"rendered":"https:\/\/ladecimaweb.com\/?p=19067"},"modified":"2023-08-24T22:33:43","modified_gmt":"2023-08-24T22:33:43","slug":"los-menores-del-video-viral-del-robo-a-un-auto-se-entregaron","status":"publish","type":"post","link":"http:\/\/hoycordobaweb.com\/index.php\/2023\/08\/24\/los-menores-del-video-viral-del-robo-a-un-auto-se-entregaron\/","title":{"rendered":"Los menores del video viral del robo a un auto se entregaron"},"content":{"rendered":"<div class=\"boldgrid-section\">\n<div class=\"container\">\n<div class=\"row\">\n<div class=\"col-md-12 col-xs-12 col-sm-12\">\n<p class=\"\">Cadena 3 da cuenta que los los menores que fueron filmados rompiendo el vidrio de un autom\u00f3vil y sustrayendo elementos del mismo se entregaron este jueves por la tarde en la Comisar\u00eda Segunda &#8211; Unidad Judicial 22 de C\u00f3rdoba.<\/p>\n<p class=\"\"><b>&#8220;En un video que se viraliz\u00f3 en las redes sociales se ve a los j\u00f3venes rompiendo la luneta de un Peugeot 308 estacionado en barrio San Ignacio y robando dos bolsos con ropas varias, para luego huir a bordo de una motocicleta&#8221;, refiere el portal de la Cadena<\/b>.<\/p>\n<p>Personal de la Direcci\u00f3n de Coordinaci\u00f3n de Brigadas Civiles, bajo las directivas de la Fiscal\u00eda 4\/2, llev\u00f3 a cabo un operativo en barrio Villa Urquiza.<\/p>\n<p class=\"\">Los dos menores se presentaron ante la justicia junto a sus padres y se aguarda la resoluci\u00f3n del Juzgado Penal Juvenil interviniente.<\/p>\n<p class=\"\"><a href=\"https:\/\/youtube.com\/shorts\/-hLJWGgwiig?si=LHVIlEJ-9OnwmOi0\">VER VIDEO<\/a><\/p>\n<div class=\"ubm_banner\"><a href=\"http:\/\/www.cba.gov.ar\/prevencion-incendios\" target=\"_blank\" rel=\"dofollow noopener noreferrer\"><img src=\"http:\/\/hoycordobaweb.com\/wp-content\/uploads\/2023\/08\/los-menores-del-video-viral-del-robo-a-un-auto-se-entregaron.gif\" alt=\"\"><\/a><\/div>\n<\/div>\n<\/div>\n<\/div>\n<\/div>\n<p>La entrada <a rel=\"nofollow\" href=\"https:\/\/ladecimaweb.com\/los-menores-del-video-viral-del-robo-a-un-auto-se-entregaron\/\">Los menores del video viral del robo a un auto se entregaron<\/a> se public\u00f3 primero en <a rel=\"nofollow\" href=\"https:\/\/ladecimaweb.com\">LaDecima<\/a>.<\/p>\n","protected":false},"excerpt":{"rendered":"<p>Cadena 3 da cuenta que los los menores que fueron filmados rompiendo el vidrio de un autom\u00f3vil y sustrayendo elementos del mismo se entregaron este jueves por la tarde en la Comisar\u00eda Segunda &#8211; Unidad Judicial 22 de C\u00f3rdoba. &#8220;En un video que se viraliz\u00f3 en las redes sociales se ve a los j\u00f3venes rompiendo [&hellip;]<\/p>\n","protected":false},"author":1,"featured_media":65487,"comment_status":"closed","ping_status":"closed","sticky":false,"template":"","format":"standard","meta":[],"categories":[19],"tags":[],"_links":{"self":[{"href":"http:\/\/hoycordobaweb.com\/index.php\/wp-json\/wp\/v2\/posts\/65486"}],"collection":[{"href":"http:\/\/hoycordobaweb.com\/index.php\/wp-json\/wp\/v2\/posts"}],"about":[{"href":"http:\/\/hoycordobaweb.com\/index.php\/wp-json\/wp\/v2\/types\/post"}],"author":[{"embeddable":true,"href":"http:\/\/hoycordobaweb.com\/index.php\/wp-json\/wp\/v2\/users\/1"}],"replies":[{"embeddable":true,"href":"http:\/\/hoycordobaweb.com\/index.php\/wp-json\/wp\/v2\/comments?post=65486"}],"version-history":[{"count":0,"href":"http:\/\/hoycordobaweb.com\/index.php\/wp-json\/wp\/v2\/posts\/65486\/revisions"}],"wp:featuredmedia":[{"embeddable":true,"href":"http:\/\/hoycordobaweb.com\/index.php\/wp-json\/wp\/v2\/media\/65487"}],"wp:attachment":[{"href":"http:\/\/hoycordobaweb.com\/index.php\/wp-json\/wp\/v2\/media?parent=65486"}],"wp:term":[{"taxonomy":"category","embeddable":true,"href":"http:\/\/hoycordobaweb.com\/index.php\/wp-json\/wp\/v2\/categories?post=65486"},{"taxonomy":"post_tag","embeddable":true,"href":"http:\/\/hoycordobaweb.com\/index.php\/wp-json\/wp\/v2\/tags?post=65486"}],"curies":[{"name":"wp","href":"https:\/\/api.w.org\/{rel}","templated":true}]}}