{"id":65433,"date":"2023-08-23T22:39:01","date_gmt":"2023-08-23T22:39:01","guid":{"rendered":"https:\/\/ladecimaweb.com\/?p=19013"},"modified":"2023-08-23T22:39:01","modified_gmt":"2023-08-23T22:39:01","slug":"la-mona-sufrio-un-accidente-cerebro-vascular","status":"publish","type":"post","link":"http:\/\/hoycordobaweb.com\/index.php\/2023\/08\/23\/la-mona-sufrio-un-accidente-cerebro-vascular\/","title":{"rendered":"\u201cLa Mona\u201d sufri\u00f3 un accidente cerebro vascular"},"content":{"rendered":"<div class=\"boldgrid-section\">\n<div class=\"container\">\n<div class=\"row\">\n<div class=\"col-md-12 col-xs-12 col-sm-12\">\n<p>Carlos \u201cLa Mona\u201d Jim\u00e9nez fue internado de urgencia este mi\u00e9rcoles por la tarde en el Instituto Modelo de Cardiolog\u00eda.<\/p>\n<p>Si bien la familia pidi\u00f3 cautela y calma a los seguidores y no brind\u00f3 detalles del estado de salud del cuartetero, trascendi\u00f3 que se encuentra en terapia intensiva.<\/p>\n<p>De acuerdo a lo informado por el sitio web Cuarteteando \u00abLa Mona\u00bb habr\u00eda sufrido un principio de ACV. El entorno del \u00eddolo detall\u00f3 que \u201cestaba comiendo, se mare\u00f3 y se le torci\u00f3 la boca\u201d.<\/p>\n<p>Inmediatamente fue trasladado a dicho centro sanitario en el lograron estabilizarlo. El medio se\u00f1al\u00f3 que la evoluci\u00f3n es favorable aunque quedar\u00e1 internado para controlar su avance m\u00e9dico.<\/p>\n<p class=\"\">A principios de agosto, Jim\u00e9nez fue intervenido quir\u00fargicamente en ese mismo nosocomio. Los hijos del cordob\u00e9s hab\u00edan aclarado que su pap\u00e1 hab\u00eda sido internado por \u201cun fuerte dolor abdominal\u201d pero no dieron mayores detalles del hecho.<\/p>\n<p class=\"\">Sin embargo, horas despu\u00e9s, su hija Lorena dio precisiones. La cantante confirm\u00f3 que a \u00abLa Mona\u00bb le extirparon el bazo. El diagn\u00f3stico habr\u00eda sido una gastritis aguda y fue dado de alta a los pocos d\u00edas.<\/p>\n<p>&nbsp;<\/p>\n<div class=\"ubm_banner\"><a href=\"http:\/\/www.cba.gov.ar\/prevencion-incendios\" target=\"_blank\" rel=\"dofollow noopener noreferrer\"><img src=\"http:\/\/hoycordobaweb.com\/wp-content\/uploads\/2023\/08\/la-mona-sufrio-un-accidente-cerebro-vascular.gif\" alt=\"\"><\/a><\/div>\n<\/div>\n<\/div>\n<\/div>\n<\/div>\n<p>La entrada <a rel=\"nofollow\" href=\"https:\/\/ladecimaweb.com\/la-mona-sufrio-un-accidente-cerebro-vascular\/\">&#8220;La Mona&#8221; sufri\u00f3 un accidente cerebro vascular<\/a> se public\u00f3 primero en <a rel=\"nofollow\" href=\"https:\/\/ladecimaweb.com\">LaDecima<\/a>.<\/p>\n","protected":false},"excerpt":{"rendered":"<p>Carlos \u201cLa Mona\u201d Jim\u00e9nez fue internado de urgencia este mi\u00e9rcoles por la tarde en el Instituto Modelo de Cardiolog\u00eda. Si bien la familia pidi\u00f3 cautela y calma a los seguidores y no brind\u00f3 detalles del estado de salud del cuartetero, trascendi\u00f3 que se encuentra en terapia intensiva. De acuerdo a lo informado por el sitio [&hellip;]<\/p>\n","protected":false},"author":1,"featured_media":65434,"comment_status":"closed","ping_status":"closed","sticky":false,"template":"","format":"standard","meta":[],"categories":[19],"tags":[],"_links":{"self":[{"href":"http:\/\/hoycordobaweb.com\/index.php\/wp-json\/wp\/v2\/posts\/65433"}],"collection":[{"href":"http:\/\/hoycordobaweb.com\/index.php\/wp-json\/wp\/v2\/posts"}],"about":[{"href":"http:\/\/hoycordobaweb.com\/index.php\/wp-json\/wp\/v2\/types\/post"}],"author":[{"embeddable":true,"href":"http:\/\/hoycordobaweb.com\/index.php\/wp-json\/wp\/v2\/users\/1"}],"replies":[{"embeddable":true,"href":"http:\/\/hoycordobaweb.com\/index.php\/wp-json\/wp\/v2\/comments?post=65433"}],"version-history":[{"count":0,"href":"http:\/\/hoycordobaweb.com\/index.php\/wp-json\/wp\/v2\/posts\/65433\/revisions"}],"wp:featuredmedia":[{"embeddable":true,"href":"http:\/\/hoycordobaweb.com\/index.php\/wp-json\/wp\/v2\/media\/65434"}],"wp:attachment":[{"href":"http:\/\/hoycordobaweb.com\/index.php\/wp-json\/wp\/v2\/media?parent=65433"}],"wp:term":[{"taxonomy":"category","embeddable":true,"href":"http:\/\/hoycordobaweb.com\/index.php\/wp-json\/wp\/v2\/categories?post=65433"},{"taxonomy":"post_tag","embeddable":true,"href":"http:\/\/hoycordobaweb.com\/index.php\/wp-json\/wp\/v2\/tags?post=65433"}],"curies":[{"name":"wp","href":"https:\/\/api.w.org\/{rel}","templated":true}]}}