{"id":65380,"date":"2023-08-22T14:10:16","date_gmt":"2023-08-22T14:10:16","guid":{"rendered":"https:\/\/ladecimaweb.com\/?p=18961"},"modified":"2023-08-22T14:10:16","modified_gmt":"2023-08-22T14:10:16","slug":"descontrol-por-el-robo-a-una-mujer-policia","status":"publish","type":"post","link":"http:\/\/hoycordobaweb.com\/index.php\/2023\/08\/22\/descontrol-por-el-robo-a-una-mujer-policia\/","title":{"rendered":"Descontrol por el robo a una mujer polic\u00eda"},"content":{"rendered":"<div class=\"boldgrid-section\">\n<div class=\"container\">\n<div class=\"row\">\n<div class=\"col-md-12 col-xs-12 col-sm-12\">\n<p class=\"\">En la tarde del lunes, una oficial de la Polic\u00eda de C\u00f3rdoba fue asaltada por delincuentes en las calles Belgrano y Richardson B\u00b0 G\u00fcemes.&nbsp;<\/p>\n<p class=\"\">Por el hecho, resultaron aprehendidos tres hombres de 30, 35 y 39 a\u00f1os (dos de ellos registran antecedentes delictivos). La uniformada sufri\u00f3 el robo de una ri\u00f1onera, el tel\u00e9fono personal y efectivo.&nbsp;<\/p>\n<p class=\"\">Al momento de la detenci\u00f3n, se hicieron presente vecinos del sector que comenzaron a arrojar elementos contundentes en contra de los efectivos y unidades m\u00f3viles causando da\u00f1os en un patrullero y en un veh\u00edculo estacionado en la v\u00eda p\u00fablica.<\/p>\n<p class=\"\">Asimismo, se procedi\u00f3 al secuestro de dos motocicletas (una Honda Wave y una Mondial 110cc) en que se movilizaban los aprehendidos, entre otros elementos.<\/p>\n<p><iframe loading=\"lazy\" title=\"Detenidos en barrio G\u00fcemes por robarle a una polic\u00eda\" width=\"800\" height=\"450\" src=\"https:\/\/www.youtube.com\/embed\/NLtY24NqEik?feature=oembed\" frameborder=\"0\" allow=\"accelerometer; autoplay; clipboard-write; encrypted-media; gyroscope; picture-in-picture; web-share\" allowfullscreen><\/iframe><\/p>\n<p>&nbsp;<\/p>\n<div class=\"ubm_banner\"><a href=\"http:\/\/www.cba.gov.ar\/prevencion-incendios\" target=\"_blank\" rel=\"dofollow noopener noreferrer\"><img src=\"http:\/\/hoycordobaweb.com\/wp-content\/uploads\/2023\/08\/descontrol-por-el-robo-a-una-mujer-policia.gif\" alt=\"\"><\/a><\/div>\n<\/div>\n<\/div>\n<\/div>\n<\/div>\n<p>La entrada <a rel=\"nofollow\" href=\"https:\/\/ladecimaweb.com\/descontrol-por-el-robo-a-una-mujer-policia\/\">Descontrol por el robo a una mujer polic\u00eda<\/a> se public\u00f3 primero en <a rel=\"nofollow\" href=\"https:\/\/ladecimaweb.com\">LaDecima<\/a>.<\/p>\n","protected":false},"excerpt":{"rendered":"<p>En la tarde del lunes, una oficial de la Polic\u00eda de C\u00f3rdoba fue asaltada por delincuentes en las calles Belgrano y Richardson B\u00b0 G\u00fcemes.&nbsp; Por el hecho, resultaron aprehendidos tres hombres de 30, 35 y 39 a\u00f1os (dos de ellos registran antecedentes delictivos). La uniformada sufri\u00f3 el robo de una ri\u00f1onera, el tel\u00e9fono personal y [&hellip;]<\/p>\n","protected":false},"author":1,"featured_media":65381,"comment_status":"closed","ping_status":"closed","sticky":false,"template":"","format":"standard","meta":[],"categories":[19],"tags":[],"_links":{"self":[{"href":"http:\/\/hoycordobaweb.com\/index.php\/wp-json\/wp\/v2\/posts\/65380"}],"collection":[{"href":"http:\/\/hoycordobaweb.com\/index.php\/wp-json\/wp\/v2\/posts"}],"about":[{"href":"http:\/\/hoycordobaweb.com\/index.php\/wp-json\/wp\/v2\/types\/post"}],"author":[{"embeddable":true,"href":"http:\/\/hoycordobaweb.com\/index.php\/wp-json\/wp\/v2\/users\/1"}],"replies":[{"embeddable":true,"href":"http:\/\/hoycordobaweb.com\/index.php\/wp-json\/wp\/v2\/comments?post=65380"}],"version-history":[{"count":0,"href":"http:\/\/hoycordobaweb.com\/index.php\/wp-json\/wp\/v2\/posts\/65380\/revisions"}],"wp:featuredmedia":[{"embeddable":true,"href":"http:\/\/hoycordobaweb.com\/index.php\/wp-json\/wp\/v2\/media\/65381"}],"wp:attachment":[{"href":"http:\/\/hoycordobaweb.com\/index.php\/wp-json\/wp\/v2\/media?parent=65380"}],"wp:term":[{"taxonomy":"category","embeddable":true,"href":"http:\/\/hoycordobaweb.com\/index.php\/wp-json\/wp\/v2\/categories?post=65380"},{"taxonomy":"post_tag","embeddable":true,"href":"http:\/\/hoycordobaweb.com\/index.php\/wp-json\/wp\/v2\/tags?post=65380"}],"curies":[{"name":"wp","href":"https:\/\/api.w.org\/{rel}","templated":true}]}}