{"id":6536,"date":"2020-12-02T22:35:00","date_gmt":"2020-12-02T22:35:00","guid":{"rendered":"http:\/\/hoycordobaweb.com\/index.php\/2020\/12\/02\/los-casos-de-coronavirus-en-america-subieron-30-en-noviembre\/"},"modified":"2020-12-02T22:35:00","modified_gmt":"2020-12-02T22:35:00","slug":"los-casos-de-coronavirus-en-america-subieron-30-en-noviembre","status":"publish","type":"post","link":"http:\/\/hoycordobaweb.com\/index.php\/2020\/12\/02\/los-casos-de-coronavirus-en-america-subieron-30-en-noviembre\/","title":{"rendered":"Los casos de coronavirus en Am\u00e9rica subieron 30% en noviembre"},"content":{"rendered":"<p><img src=\"http:\/\/hoycordobaweb.com\/wp-content\/uploads\/2020\/12\/los-casos-de-coronavirus-en-america-subieron-30-en-noviembre.jpg\"><\/p>\n<div class=\"image\" id=\"image\" readability=\"7\"> <img src=\"http:\/\/hoycordobaweb.com\/wp-content\/uploads\/2020\/12\/los-casos-de-coronavirus-en-america-subieron-30-en-noviembre-2.jpg\" alt=\"Carissa Etienne destac\u00f3 que el norte del continente marca r\u00e9cords diarios\" title=\"Carissa Etienne destac\u00f3 que el norte del continente marca r\u00e9cords diarios\"><\/p>\n<p>Carissa Etienne destac\u00f3 que el norte del continente marca r\u00e9cords diarios<\/p>\n<\/div>\n<p><strong>Los casos de coronavirus en Am\u00e9rica aumentaron casi 30% en noviembre respecto a octubre, tras reportarse m\u00e1s de seis millones de nuevos contagios, dijo la directora de la Organizaci\u00f3n Panamericana de la Salud (OPS), Carissa Etienne, quien destac\u00f3 que el norte del continente marca r\u00e9cords diarios.<\/strong><\/p>\n<p>\u00abEn el mes de noviembre tuvimos m\u00e1s de seis millones de casos nuevos reportados en las Am\u00e9ricas, casi un 30% de aumento con respecto a las cifras de fines de octubre\u00bb, se\u00f1al\u00f3 Etienne en rueda de prensa,<\/p>\n<p>El continente registr\u00f3 en noviembre 26,9 millones de casos acumulados desde el inicio de la pandemia, frente a los 20,5 millones del mes pasado.<\/p>\n<p>La directora de la OPS destac\u00f3 que Am\u00e9rica del Norte est\u00e1 marcando r\u00e9cords diarios de casos notificados, liderando el ranking de pa\u00edses Estados Unidos, con m\u00e1s de 13.8 millones, con los 180.083 registrados en la \u00faltima jornada, mientras que la cifra total de muertes asciende a 272.645.<\/p>\n<p>En Estados Unidos, donde los casos se dispararon a m\u00e1s de 150.000 por d\u00eda durante el \u00faltimo mes, m\u00e1s de 96.000 personas se encuentran actualmente hospitalizadas, \u00abel n\u00famero m\u00e1s alto desde el inicio de la pandemia\u00bb, precis\u00f3 Etienne, citada por la agencia AFP.<\/p>\n<p>En Canad\u00e1 hay \u00abbrotes cada vez m\u00e1s importantes\u00bb en hogares de ancianos y hospitales, \u00aby los casos se est\u00e1n extendiendo entre las comunidades ind\u00edgenas y las \u00e1reas m\u00e1s remotas del pa\u00eds, como Yukon y Nunavut\u00bb, a\u00f1adi\u00f3.<\/p>\n<p>Etienne dijo que en Sudam\u00e9rica, Brasil -el tercer pa\u00eds con m\u00e1s casos en el mundo con casi 6,4 millones y m\u00e1s de 173.000 decesos- report\u00f3 un alza de contagios en varios estados en las \u00faltimas dos semanas, a diferencia de la Argentina, donde contin\u00faa la tendencia decreciente que se inici\u00f3 a principios de noviembre.<\/p>\n<p>En Centroam\u00e9rica, subray\u00f3 el reciente aumento de casos en Panam\u00e1, con el mayor incremento en la comarca ind\u00edgena Guna-Yala.<\/p>\n<p>Y en el Caribe, destac\u00f3 la situaci\u00f3n en Cuba, donde se han reportado brotes en provincias del este y centro de la isla.<\/p>\n<p>\u00abEste continuado de casos de Covid-19 es la raz\u00f3n por la que debemos actuar con rapidez, especialmente en lugares donde no se ha controlado el n\u00famero de contagios\u00bb, se\u00f1al\u00f3 Etienne, quien pidi\u00f3 una \u00abacci\u00f3n gubernamental en\u00e9rgica\u00bb para identificar y poner en cuarentena a los enfermos.<\/p>\n<p>Asimismo, las autoridades de la OPS recalcaron una y otra vez durante la rueda de prensa que, aunque las noticias sobre una vacuna son alentadoras, no estar\u00e1 disponible inmediatamente para la poblaci\u00f3n en general.<\/p>\n<p>En ese contexto, instaron a seguir cumpliendo con las medidas recomendadas para evitar contagios: usar tapabocas, practicar distancia social y evitar reuniones con personas con las que no se convive.<\/p>\n<p>\u00abTenemos las herramientas a nuestra disposici\u00f3n, us\u00e9moslas\u00bb, urgi\u00f3 Etienne.<\/p>\n<p>El nuevo coronavirus fue declarado pandemia mundial por la Organizaci\u00f3n Mundial de la Salud (OMS) el 11 de marzo, luego de que la oficina de la organizaci\u00f3n en China diera cuenta de la aparici\u00f3n de la enfermedad en diciembre de 2019.<\/p>\n<p>La OMS precis\u00f3 que los casos globales ascendieron a 63,3 millones, despu\u00e9s de que se reportaran 490.000 nuevos contagios en las \u00faltimas 24 horas.<\/p>\n<p>Los fallecidos en la pandemia superan los 1,47 millones, 10.000 de ellos registrados en la \u00faltima jornada, seg\u00fan las estad\u00edsticas de la organizaci\u00f3n.<\/p>\n","protected":false},"excerpt":{"rendered":"<p>Carissa Etienne destac\u00f3 que el norte del continente marca r\u00e9cords diarios Los casos de coronavirus en Am\u00e9rica aumentaron casi 30% en noviembre respecto a octubre, tras reportarse m\u00e1s de seis millones de nuevos contagios, dijo la directora de la Organizaci\u00f3n Panamericana de la Salud (OPS), Carissa Etienne, quien destac\u00f3 que el norte del continente marca [&hellip;]<\/p>\n","protected":false},"author":1,"featured_media":6537,"comment_status":"open","ping_status":"closed","sticky":false,"template":"","format":"standard","meta":[],"categories":[24],"tags":[],"_links":{"self":[{"href":"http:\/\/hoycordobaweb.com\/index.php\/wp-json\/wp\/v2\/posts\/6536"}],"collection":[{"href":"http:\/\/hoycordobaweb.com\/index.php\/wp-json\/wp\/v2\/posts"}],"about":[{"href":"http:\/\/hoycordobaweb.com\/index.php\/wp-json\/wp\/v2\/types\/post"}],"author":[{"embeddable":true,"href":"http:\/\/hoycordobaweb.com\/index.php\/wp-json\/wp\/v2\/users\/1"}],"replies":[{"embeddable":true,"href":"http:\/\/hoycordobaweb.com\/index.php\/wp-json\/wp\/v2\/comments?post=6536"}],"version-history":[{"count":0,"href":"http:\/\/hoycordobaweb.com\/index.php\/wp-json\/wp\/v2\/posts\/6536\/revisions"}],"wp:featuredmedia":[{"embeddable":true,"href":"http:\/\/hoycordobaweb.com\/index.php\/wp-json\/wp\/v2\/media\/6537"}],"wp:attachment":[{"href":"http:\/\/hoycordobaweb.com\/index.php\/wp-json\/wp\/v2\/media?parent=6536"}],"wp:term":[{"taxonomy":"category","embeddable":true,"href":"http:\/\/hoycordobaweb.com\/index.php\/wp-json\/wp\/v2\/categories?post=6536"},{"taxonomy":"post_tag","embeddable":true,"href":"http:\/\/hoycordobaweb.com\/index.php\/wp-json\/wp\/v2\/tags?post=6536"}],"curies":[{"name":"wp","href":"https:\/\/api.w.org\/{rel}","templated":true}]}}