{"id":65340,"date":"2023-08-22T12:55:53","date_gmt":"2023-08-22T12:55:53","guid":{"rendered":"https:\/\/www.ole.com.ar\/futbol-internacional\/italia\/marco-pellegrino-milan-platense_0_3NYsZqSge0.html"},"modified":"2023-08-22T12:55:53","modified_gmt":"2023-08-22T12:55:53","slug":"pellegrino-revision-medica-y-firma-del-contrato-con-el-milan","status":"publish","type":"post","link":"http:\/\/hoycordobaweb.com\/index.php\/2023\/08\/22\/pellegrino-revision-medica-y-firma-del-contrato-con-el-milan\/","title":{"rendered":"Pellegrino: revisi\u00f3n m\u00e9dica y firma del contrato con el Milan"},"content":{"rendered":"<p><img src=\"http:\/\/hoycordobaweb.com\/wp-content\/uploads\/2023\/08\/pellegrino-revision-medica-y-firma-del-contrato-con-el-milan.jpg\"><\/p>\n<p><time class=\"createDate\" datetime=\"2023-08-22T09:55:53-03:00\">22\/08\/2023 09:55hs.<\/time><time class=\"modificatedDate\" datetime=\"2023-08-22T09:55:52-03:00\"><\/time><\/p>\n<div id=\"storyBody\">\n<div class=\"custom-text \" readability=\"12.511737089202\">\n<p><strong><a href=\"https:\/\/www.ole.com.ar\/platense\/platense-milan-marco-pellegrino-pase-historica_0_xfSOqTVwfY.html\" target=\"_blank\" rel=\"noopener noreferrer\">Marco Pellegrino<\/a><\/strong>, el defensor argentino de Platense, ya est\u00e1 en Mil\u00e1n, donde este martes por la ma\u00f1ana <strong>se someti\u00f3 a los estudios de rigor correspondientes a la revisi\u00f3n m\u00e9dica para luego firmar su contrato con el club italiano<\/strong>. Lo que pareci\u00f3 un sue\u00f1o se convirti\u00f3 en realidad. El jugador de 21 a\u00f1os que debut\u00f3 en marzo de este a\u00f1o en Primera Divisi\u00f3n salta sin escalas al Calcio y a un equipo con mucha historia.<\/p>\n<\/div>\n<div class=\"custom-text \" readability=\"14\">\n<p>La prensa italiana especula con que este mismo martes por la tarde, Pellegrino firmar\u00e1 su v\u00ednculo con el Rossonero, que lo unir\u00e1 al club hasta mediados del 2028. <strong>El conjunto calamar recibir\u00e1 3.500.000 euros por el pase del defensor m\u00e1s otros 2.000.000 en variables. Adem\u00e1s, el equipo argentino se asegurar\u00e1 el 10% sobre la diferencia de una venta a futuro.<\/strong> N\u00fameros m\u00e1s que jugosos para la tesorer\u00eda de Platense, que cierra la mejor transferencia de toda su historia.<\/p>\n<\/div>\n<p><h2><strong>Su arribo al club italiano:<\/strong><\/h2>\n<\/p>\n<div class=\"sc-7ce6049-0 dwIKul\">\n<div class=\"sc-7ce6049-1 bdcBBS videoText\" id=\"contentTitleundefinedYnu0wOCG\"><svg fill=\"#ffffff\"><symbol id=\"play\" viewBox=\"0 0 512 512\"><path d=\"M512 256C512 397.4 397.4 512 256 512C114.6 512 0 397.4 0 256C0 114.6 114.6 0 256 0C397.4 0 512 114.6 512 256zM176 168V344C176 352.7 180.7 360.7 188.3 364.9C195.8 369.2 205.1 369 212.5 364.5L356.5 276.5C363.6 272.1 368 264.4 368 256C368 247.6 363.6 239.9 356.5 235.5L212.5 147.5C205.1 142.1 195.8 142.8 188.3 147.1C180.7 151.3 176 159.3 176 168V168z\" \/><\/symbol><use xlink:href=\"#play\" \/><\/svg><\/p>\n<div class=\"right\">\n<p>Platense<!-- --> &#8211;<!-- --> <span>22-8-2023<\/span><\/p>\n<h2 class=\"title-vid\">Pellegrino a su llegada a Mil\u00e1n<\/h2>\n<\/div>\n<\/div>\n<p><span class=\"back\" id=\"spanBackundefinedYnu0wOCG\"><\/span><\/div>\n<div class=\"custom-text \" readability=\"15\">\n<p>El defensor tendr\u00e1 una dura competencia para ganarse un lugar en el equipo titular dirigido por el italiano Stefano Pioli. En la zaga central, el DT cuenta con el dan\u00e9s Simon Kjaer, el ingl\u00e9s Fikayo Tomori, el alem\u00e1n Malick Thiaw y el franc\u00e9s Pierre Kalulu. <strong>Este lunes, el conjunto milan\u00e9s debut\u00f3 con un triunfo por 2-0 al Bologna en la primera fecha de la nueva temporada de la Serie A<\/strong>. En dicho encuentro, la dupla defensiva titular estuvo conformada por Tomori-Thiaw.<\/p>\n<\/div>\n<div class=\"custom-text \" readability=\"12\">\n<p>Sus buenas actuaciones en Platense no s\u00f3lo llamaron la atenci\u00f3n en el Milan, club que aceler\u00f3 a fondo para contratarlo cuando supo que ten\u00eda pasaporte italiano por lo cual no ocupar\u00eda cupo. <strong>Tambi\u00e9n atrajo el inter\u00e9s de Javier Mascherano, quien lo cit\u00f3 para entrenarse con el plantel argentino Sub 23 de cara al Preol\u00edmpico clasificatorio para los Juegos Ol\u00edmpicos de Par\u00eds 2024.<\/strong><\/p>\n<\/div>\n<p><h2><strong>Su paso por Platense<\/strong><\/h2>\n<\/p>\n<div class=\"custom-text \" readability=\"15\">\n<p><strong>Luego de quedar libre en las Inferiores de River, y tras abandonar el tenis para dedicarse exclusivamente al f\u00fatbol,<\/strong> Pellegrino creci\u00f3 en las categor\u00edas menores de Platense y en marzo de este 2023 le lleg\u00f3 su debut en Primera Divisi\u00f3n. Fue el 14 de marzo en el partido ante V\u00e9lez por el campeonato de la Liga Profesional. Luego sum\u00f3 16 participaciones m\u00e1s en el primer equipo, entre la Liga y la Copa Argentina, con un gol, ante Gimnasia en la \u00faltima fecha del torneo.<\/p>\n<\/div>\n<p><h3><strong>Su \u00fanico gol en el Calamar:<\/strong><\/h3>\n<\/p>\n<div class=\"sc-7ce6049-0 dwIKul\">\n<div class=\"sc-7ce6049-1 bdcBBS videoText\" id=\"contentTitleundefinedlseODeqp\" readability=\"6\"><svg fill=\"#ffffff\"><symbol id=\"play\" viewBox=\"0 0 512 512\"><path d=\"M512 256C512 397.4 397.4 512 256 512C114.6 512 0 397.4 0 256C0 114.6 114.6 0 256 0C397.4 0 512 114.6 512 256zM176 168V344C176 352.7 180.7 360.7 188.3 364.9C195.8 369.2 205.1 369 212.5 364.5L356.5 276.5C363.6 272.1 368 264.4 368 256C368 247.6 363.6 239.9 356.5 235.5L212.5 147.5C205.1 142.1 195.8 142.8 188.3 147.1C180.7 151.3 176 159.3 176 168V168z\" \/><\/symbol><use xlink:href=\"#play\" \/><\/svg><\/p>\n<div class=\"right\" readability=\"7\">\n<p>Gimnasia La Plata<!-- --> &#8211;<!-- --> <span>22-8-2023<\/span><\/p>\n<h2 class=\"title-vid\">El empate entre Gimnasia y Platense<\/h2>\n<\/div>\n<\/div>\n<p><span class=\"back\" id=\"spanBackundefinedlseODeqp\"><\/span><\/div>\n<div class=\"sc-a7166897-0 exHLBh\" readability=\"6\">\n<section readability=\"2\"><picture><img alt=\"De no estar en la Bombonera a la venta top de Platense \" src=\"http:\/\/hoycordobaweb.com\/wp-content\/uploads\/2023\/08\/pellegrino-revision-medica-y-firma-del-contrato-con-el-milan-2.jpg\" width=\"290\" height=\"290\" decoding=\"async\" data-nimg=\"future\" loading=\"lazy\"><\/picture>\n<p><span>Mir\u00e1 tambi\u00e9n<\/span><\/p>\n<hr>\n<h3>De no estar en la Bombonera a la venta top de Platense <\/h3>\n<\/p>\n<\/section>\n<\/div>\n<div class=\"sc-a7166897-0 exHLBh\" readability=\"6\">\n<section readability=\"2\"><picture><img alt=\"Un gigante de Europa est\u00e1 a punto de cerrar a una figura de Platense\" src=\"http:\/\/hoycordobaweb.com\/wp-content\/uploads\/2023\/08\/pellegrino-revision-medica-y-firma-del-contrato-con-el-milan-2.jpg\" width=\"290\" height=\"290\" decoding=\"async\" data-nimg=\"future\" loading=\"lazy\"><\/picture>\n<p><span>Mir\u00e1 tambi\u00e9n<\/span><\/p>\n<hr>\n<h3>Un gigante de Europa est\u00e1 a punto de cerrar a una figura de Platense<\/h3>\n<\/p>\n<\/section>\n<\/div>\n<\/div>\n","protected":false},"excerpt":{"rendered":"<p>22\/08\/2023 09:55hs. Marco Pellegrino, el defensor argentino de Platense, ya est\u00e1 en Mil\u00e1n, donde este martes por la ma\u00f1ana se someti\u00f3 a los estudios de rigor correspondientes a la revisi\u00f3n m\u00e9dica para luego firmar su contrato con el club italiano. Lo que pareci\u00f3 un sue\u00f1o se convirti\u00f3 en realidad. El jugador de 21 a\u00f1os que [&hellip;]<\/p>\n","protected":false},"author":1,"featured_media":65341,"comment_status":"open","ping_status":"closed","sticky":false,"template":"","format":"standard","meta":[],"categories":[16],"tags":[],"_links":{"self":[{"href":"http:\/\/hoycordobaweb.com\/index.php\/wp-json\/wp\/v2\/posts\/65340"}],"collection":[{"href":"http:\/\/hoycordobaweb.com\/index.php\/wp-json\/wp\/v2\/posts"}],"about":[{"href":"http:\/\/hoycordobaweb.com\/index.php\/wp-json\/wp\/v2\/types\/post"}],"author":[{"embeddable":true,"href":"http:\/\/hoycordobaweb.com\/index.php\/wp-json\/wp\/v2\/users\/1"}],"replies":[{"embeddable":true,"href":"http:\/\/hoycordobaweb.com\/index.php\/wp-json\/wp\/v2\/comments?post=65340"}],"version-history":[{"count":0,"href":"http:\/\/hoycordobaweb.com\/index.php\/wp-json\/wp\/v2\/posts\/65340\/revisions"}],"wp:featuredmedia":[{"embeddable":true,"href":"http:\/\/hoycordobaweb.com\/index.php\/wp-json\/wp\/v2\/media\/65341"}],"wp:attachment":[{"href":"http:\/\/hoycordobaweb.com\/index.php\/wp-json\/wp\/v2\/media?parent=65340"}],"wp:term":[{"taxonomy":"category","embeddable":true,"href":"http:\/\/hoycordobaweb.com\/index.php\/wp-json\/wp\/v2\/categories?post=65340"},{"taxonomy":"post_tag","embeddable":true,"href":"http:\/\/hoycordobaweb.com\/index.php\/wp-json\/wp\/v2\/tags?post=65340"}],"curies":[{"name":"wp","href":"https:\/\/api.w.org\/{rel}","templated":true}]}}