{"id":65305,"date":"2023-08-21T13:09:00","date_gmt":"2023-08-21T13:09:00","guid":{"rendered":"http:\/\/hoycordobaweb.com\/index.php\/2023\/08\/21\/rossi-confirmo-que-convocaran-a-varios-sectores-para-conformar-un-gobierno-de-unidad\/"},"modified":"2023-08-21T13:09:00","modified_gmt":"2023-08-21T13:09:00","slug":"rossi-confirmo-que-convocaran-a-varios-sectores-para-conformar-un-gobierno-de-unidad","status":"publish","type":"post","link":"http:\/\/hoycordobaweb.com\/index.php\/2023\/08\/21\/rossi-confirmo-que-convocaran-a-varios-sectores-para-conformar-un-gobierno-de-unidad\/","title":{"rendered":"Rossi confirm\u00f3 que convocar\u00e1n a varios sectores para conformar un \u00abGobierno de unidad\u00bb"},"content":{"rendered":"<p><img src=\"http:\/\/hoycordobaweb.com\/wp-content\/uploads\/2023\/08\/rossi-confirmo-que-convocaran-a-varios-sectores-para-conformar-un-gobierno-de-unidad.jpg\"><\/p>\n<figure class=\"mb-3\"><img loading=\"lazy\" data-src=\"http:\/\/hoycordobaweb.com\/wp-content\/uploads\/2023\/08\/rossi-confirmo-que-convocaran-a-varios-sectores-para-conformar-un-gobierno-de-unidad-2.jpg\" src=\"https:\/\/www.telam.com.ar\/assets\/img\/not_image.png\" class=\" lazy \" width=\"100%\" height=\"100%\" alt=\"Rossi confirm que convocarn a varios sectores para conformar un Gobierno de unidad Foto Pepe Mateos\"><figcaption> Rossi confirm\u00f3 que convocar\u00e1n a varios sectores para conformar un \u00abGobierno de unidad\u00bb. Foto: Pepe Mateos <\/figcaption><\/figure>\n<p>El jefe de Gabinete y candidato a vicepresidente de Uni\u00f3n por la Patria (UxP), Agust\u00edn Rossi, afirm\u00f3 este lunes que si el oficialismo gana las elecciones de octubre se promover\u00e1 \u00abun Gobierno de unidad nacional\u00bb al cual ser\u00e1n convocados \u00abvarios sectores\u00bb, con la excepci\u00f3n de quienes tienen \u00abuna visi\u00f3n autocr\u00e1tica\u00bb.<\/p>\n<p>Rossi indic\u00f3 que UxP imagina <strong>un \u00abGobierno de unidad nacional donde vamos a convocar a distintos sectores, pero dejando afuera a quienes tienen una visi\u00f3n autocr\u00e1tica, como el sector que hoy encabeza (Javier) Milei\u00bb.<\/strong><\/p>\n<p>\u00abEntendemos -continu\u00f3 Rossi al hablar con Radio 10- que<strong> Argentina necesita un Gobierno de unidad nacional<\/strong>, porque nos enfrentamos a una situaci\u00f3n de un espacio pol\u00edtico que viene a romper todas las tradiciones pol\u00edticas\u00bb.<\/p>\n<p>De esta forma, se expres\u00f3 en l\u00ednea con lo manifestado con el candidato presidencial Sergio Massa, quien en una entrevista con el diario Clar\u00edn se\u00f1al\u00f3 que, de ganar las elecciones, <strong>\u00absin dudas buscar\u00eda un Gobierno de unidad nacional e integrar un gabinete con radicales y con peronistas que hoy est\u00e1n en el PRO\u00bb.<\/strong><\/p>\n<p><strong>En referencia a La Libertad Avanza (LLA),<\/strong><a href=\"https:\/\/www.telam.com.ar\/notas\/202308\/637086-rossi-contra-milei.html\" target=\"_blank\" rel=\"noopener noreferrer\"> el espacio de Milei<\/a>, el ministro coordinador se\u00f1al\u00f3 que \u00abcuando te dicen que van a terminar con la educaci\u00f3n gratuita y laica es que vienen a reformular como ha funcionado la sociedad argentina en los \u00faltimos 150 a\u00f1os\u00bb.<\/p>\n<figure class=\"mb-3\"><img loading=\"lazy\" data-src=\"http:\/\/hoycordobaweb.com\/wp-content\/uploads\/2023\/08\/rossi-confirmo-que-convocaran-a-varios-sectores-para-conformar-un-gobierno-de-unidad-3.jpg\" src=\"https:\/\/www.telam.com.ar\/assets\/img\/not_image.png\" class=\" lazy \" width=\"100%\" height=\"100%\" alt=\"El jefe de Gabinete y candidato a vicepresidente de Unin por la Patria UxP Agustn Rossi Foto Pepe Mateos\"><figcaption> El jefe de Gabinete y candidato a vicepresidente de Uni\u00f3n por la Patria (UxP), Agust\u00edn Rossi. Foto: Pepe Mateos <\/figcaption><\/figure>\n<p>El candidato a la vicepresidencia opin\u00f3 que<strong> los resultados de las PASO dejan al oficialismo \u00abcon una potencialidad intacta\u00bb <\/strong>y se mostr\u00f3 confiado en la capacidad del peronismo para \u00abmejorar la elecci\u00f3n que hicimos, consolidar un lugar en la segunda vuelta y competir en el balotaje\u00bb.<\/p>\n<p>Ante una consulta sobre el futuro <strong>anuncio de medidas econ\u00f3micas<\/strong>, explic\u00f3 que tras el regreso del ministro de Econom\u00eda y candidato presidencial, Sergio Massa, de su reuni\u00f3n con el FMI, habr\u00e1 medidas para \u00abcompensar y paliar a los sectores de ingresos fijos que han sufrido con esta devaluaci\u00f3n\u00bb.<\/p>\n<p>Anticip\u00f3 que <strong>habr\u00e1 \u00abaumento en la Asignaci\u00f3n Universal por Hijo (AUH)\u00bb y \u00abva a haber una suma fija y otras medidas que sirvan como paliativo\u00bb.<\/strong><\/p>\n<p>En otro orden, reiter\u00f3 que el expresidente Mauricio Macri \u00abes el jefe\u00bb de Milei y que \u00abesto ha quedado demostrado\u00bb porque el propio candidato opositor \u00ablo imagina como un super ministro\u00bb. <\/p>\n","protected":false},"excerpt":{"rendered":"<p>Rossi confirm\u00f3 que convocar\u00e1n a varios sectores para conformar un \u00abGobierno de unidad\u00bb. Foto: Pepe Mateos El jefe de Gabinete y candidato a vicepresidente de Uni\u00f3n por la Patria (UxP), Agust\u00edn Rossi, afirm\u00f3 este lunes que si el oficialismo gana las elecciones de octubre se promover\u00e1 \u00abun Gobierno de unidad nacional\u00bb al cual ser\u00e1n convocados [&hellip;]<\/p>\n","protected":false},"author":1,"featured_media":65306,"comment_status":"open","ping_status":"closed","sticky":false,"template":"","format":"standard","meta":[],"categories":[19],"tags":[],"_links":{"self":[{"href":"http:\/\/hoycordobaweb.com\/index.php\/wp-json\/wp\/v2\/posts\/65305"}],"collection":[{"href":"http:\/\/hoycordobaweb.com\/index.php\/wp-json\/wp\/v2\/posts"}],"about":[{"href":"http:\/\/hoycordobaweb.com\/index.php\/wp-json\/wp\/v2\/types\/post"}],"author":[{"embeddable":true,"href":"http:\/\/hoycordobaweb.com\/index.php\/wp-json\/wp\/v2\/users\/1"}],"replies":[{"embeddable":true,"href":"http:\/\/hoycordobaweb.com\/index.php\/wp-json\/wp\/v2\/comments?post=65305"}],"version-history":[{"count":0,"href":"http:\/\/hoycordobaweb.com\/index.php\/wp-json\/wp\/v2\/posts\/65305\/revisions"}],"wp:featuredmedia":[{"embeddable":true,"href":"http:\/\/hoycordobaweb.com\/index.php\/wp-json\/wp\/v2\/media\/65306"}],"wp:attachment":[{"href":"http:\/\/hoycordobaweb.com\/index.php\/wp-json\/wp\/v2\/media?parent=65305"}],"wp:term":[{"taxonomy":"category","embeddable":true,"href":"http:\/\/hoycordobaweb.com\/index.php\/wp-json\/wp\/v2\/categories?post=65305"},{"taxonomy":"post_tag","embeddable":true,"href":"http:\/\/hoycordobaweb.com\/index.php\/wp-json\/wp\/v2\/tags?post=65305"}],"curies":[{"name":"wp","href":"https:\/\/api.w.org\/{rel}","templated":true}]}}