{"id":65277,"date":"2023-08-21T00:21:15","date_gmt":"2023-08-21T00:21:15","guid":{"rendered":"https:\/\/ladecimaweb.com\/?p=18899"},"modified":"2023-08-21T00:21:15","modified_gmt":"2023-08-21T00:21:15","slug":"vuelven-a-chocar-en-la-falda-y-bogota","status":"publish","type":"post","link":"http:\/\/hoycordobaweb.com\/index.php\/2023\/08\/21\/vuelven-a-chocar-en-la-falda-y-bogota\/","title":{"rendered":"Vuelven a chocar en La Falda y Bogot\u00e1"},"content":{"rendered":"<div class=\"boldgrid-section\">\n<div class=\"container\">\n<div class=\"row\">\n<div class=\"col-md-12 col-xs-12 col-sm-12\">\n<p class=\"\">Nuevamente hay que informar de un accidente de tr\u00e1nsito en un sector de Villa El Libertador.&nbsp;<\/p>\n<p class=\"\">Se trata de la intersecci\u00f3n de Bogot\u00e1 y La Falda, una esquina donde frecuentemente se registran siniestros viales. La \u00faltima vez, en julio pasado, una camioneta arras\u00f3 con la verja de la casa de la esquina.&nbsp;<\/p>\n<p class=\"\"><img loading=\"lazy\" class=\"alignnone wp-image-18901\" src=\"http:\/\/hoycordobaweb.com\/wp-content\/uploads\/2023\/08\/vuelven-a-chocar-en-la-falda-y-bogota.jpg\" alt=\"\" width=\"221\" height=\"393\" srcset=\"http:\/\/hoycordobaweb.com\/wp-content\/uploads\/2023\/08\/vuelven-a-chocar-en-la-falda-y-bogota.jpg 280w, http:\/\/hoycordobaweb.com\/wp-content\/uploads\/2023\/08\/vuelven-a-chocar-en-la-falda-y-bogota-1.jpg 250w\" sizes=\"(max-width: 221px) 100vw, 221px\" \/><\/p>\n<p>Esta vez, dos autos chocaron en medio de la calle y seg\u00fan nos informan, solo hubo que lamentar da\u00f1os materiales.&nbsp;<\/p>\n<p>Los vecinos del lugar vienen reclamando la colocaci\u00f3n de un sem\u00e1foro para ordenar la circulaci\u00f3n.&nbsp;<\/p>\n<p>&nbsp;<\/p>\n<p class=\"\">\n<div class=\"ubm_banner\"><a href=\"http:\/\/www.cba.gov.ar\/prevencion-incendios\" target=\"_blank\" rel=\"dofollow noopener noreferrer\"><img src=\"http:\/\/hoycordobaweb.com\/wp-content\/uploads\/2023\/08\/vuelven-a-chocar-en-la-falda-y-bogota.gif\" alt=\"\"><\/a><\/div>\n<\/div>\n<\/div>\n<\/div>\n<\/div>\n<p>La entrada <a rel=\"nofollow\" href=\"https:\/\/ladecimaweb.com\/vuelven-a-chocar-en-la-falda-y-bogota\/\">Vuelven a chocar en La Falda y Bogot\u00e1<\/a> se public\u00f3 primero en <a rel=\"nofollow\" href=\"https:\/\/ladecimaweb.com\">LaDecima<\/a>.<\/p>\n","protected":false},"excerpt":{"rendered":"<p>Nuevamente hay que informar de un accidente de tr\u00e1nsito en un sector de Villa El Libertador.&nbsp; Se trata de la intersecci\u00f3n de Bogot\u00e1 y La Falda, una esquina donde frecuentemente se registran siniestros viales. La \u00faltima vez, en julio pasado, una camioneta arras\u00f3 con la verja de la casa de la esquina.&nbsp; Esta vez, dos [&hellip;]<\/p>\n","protected":false},"author":1,"featured_media":65278,"comment_status":"closed","ping_status":"closed","sticky":false,"template":"","format":"standard","meta":[],"categories":[19],"tags":[],"_links":{"self":[{"href":"http:\/\/hoycordobaweb.com\/index.php\/wp-json\/wp\/v2\/posts\/65277"}],"collection":[{"href":"http:\/\/hoycordobaweb.com\/index.php\/wp-json\/wp\/v2\/posts"}],"about":[{"href":"http:\/\/hoycordobaweb.com\/index.php\/wp-json\/wp\/v2\/types\/post"}],"author":[{"embeddable":true,"href":"http:\/\/hoycordobaweb.com\/index.php\/wp-json\/wp\/v2\/users\/1"}],"replies":[{"embeddable":true,"href":"http:\/\/hoycordobaweb.com\/index.php\/wp-json\/wp\/v2\/comments?post=65277"}],"version-history":[{"count":0,"href":"http:\/\/hoycordobaweb.com\/index.php\/wp-json\/wp\/v2\/posts\/65277\/revisions"}],"wp:featuredmedia":[{"embeddable":true,"href":"http:\/\/hoycordobaweb.com\/index.php\/wp-json\/wp\/v2\/media\/65278"}],"wp:attachment":[{"href":"http:\/\/hoycordobaweb.com\/index.php\/wp-json\/wp\/v2\/media?parent=65277"}],"wp:term":[{"taxonomy":"category","embeddable":true,"href":"http:\/\/hoycordobaweb.com\/index.php\/wp-json\/wp\/v2\/categories?post=65277"},{"taxonomy":"post_tag","embeddable":true,"href":"http:\/\/hoycordobaweb.com\/index.php\/wp-json\/wp\/v2\/tags?post=65277"}],"curies":[{"name":"wp","href":"https:\/\/api.w.org\/{rel}","templated":true}]}}