{"id":65275,"date":"2023-08-21T02:37:17","date_gmt":"2023-08-21T02:37:17","guid":{"rendered":"https:\/\/ladecimaweb.com\/?p=18904"},"modified":"2023-08-21T02:37:17","modified_gmt":"2023-08-21T02:37:17","slug":"rio-cuarto-nueve-detenidos-por-ingresar-a-saquear-un-supermercado","status":"publish","type":"post","link":"http:\/\/hoycordobaweb.com\/index.php\/2023\/08\/21\/rio-cuarto-nueve-detenidos-por-ingresar-a-saquear-un-supermercado\/","title":{"rendered":"R\u00edo Cuarto: nueve detenidos por ingresar a saquear un supermercado"},"content":{"rendered":"<div class=\"boldgrid-section\">\n<div class=\"container\">\n<div class=\"row\">\n<div class=\"col-md-12 col-xs-12 col-sm-12\">\n<article class=\"article-body first\">\n<div class=\"article-content selectionShareable\">\n<div class=\"cuerpo\" data-twitter-link=\"\">\n<p>Ingresaron a saquear el supermercado &#8220;Muy Barato&#8221; en barrio Castelli alrededor de las 22:00 horas de la noche de este domingo, de acuerdo a lo informado por el <a href=\"https:\/\/www.puntal.com.ar\/saqueos\/ingresaron-saquear-el-supermercado-muy-barato-barrio-castelli-n198141\">diario Puntal<\/a>.<\/p>\n<\/div>\n<\/div>\n<\/article>\n<div class=\"listado-horizontal banner-flex\">\n<p>En los supermercados Vea y Top de esa ciudad se encuentran patrullas policiales montando guardias preventivas.<\/p>\n<p class=\"\">La Polic\u00eda se encuentra en alerta por posibles saqueos en otros negocios. Hasta el momento hay 9 detenidos.<\/p>\n<blockquote class=\"twitter-tweet\" data-width=\"550\" data-dnt=\"true\">\n<p lang=\"es\" dir=\"ltr\"><a href=\"https:\/\/twitter.com\/hashtag\/R%C3%ADoCuarto?src=hash&amp;ref_src=twsrc%5Etfw\">#R\u00edoCuarto<\/a> <img src=\"http:\/\/hoycordobaweb.com\/wp-content\/uploads\/2023\/08\/rio-cuarto-nueve-detenidos-por-ingresar-a-saquear-un-supermercado.png\" alt=\"\u26a0\" class=\"wp-smiley\" style=\"height: 1em; max-height: 1em;\" \/><img src=\"http:\/\/hoycordobaweb.com\/wp-content\/uploads\/2023\/08\/rio-cuarto-nueve-detenidos-por-ingresar-a-saquear-un-supermercado-1.png\" alt=\"\ud83d\udd34\" class=\"wp-smiley\" style=\"height: 1em; max-height: 1em;\" \/> La polic\u00eda frustr\u00f3 un intento de saqueo en un supermercado &quot;Muy Barato&quot; de la ciudad cordobesa R\u00edo Cuarto <a href=\"https:\/\/t.co\/2wgxtHqn3j\">pic.twitter.com\/2wgxtHqn3j<\/a><\/p>\n<p>&mdash; Canal C C\u00f3rdoba (@canalccordoba) <a href=\"https:\/\/twitter.com\/canalccordoba\/status\/1693442245918089416?ref_src=twsrc%5Etfw\">August 21, 2023<\/a><\/p>\n<\/blockquote>\n<p><script async src=\"https:\/\/platform.twitter.com\/widgets.js\" charset=\"utf-8\"><\/script><\/p>\n<\/div>\n<\/div>\n<\/div>\n<\/div>\n<\/div>\n<p>La entrada <a rel=\"nofollow\" href=\"https:\/\/ladecimaweb.com\/rio-cuarto-nueve-detenidos-por-ingresar-a-saquear-un-supermercado\/\">R\u00edo Cuarto: nueve detenidos por ingresar a saquear un supermercado<\/a> se public\u00f3 primero en <a rel=\"nofollow\" href=\"https:\/\/ladecimaweb.com\">LaDecima<\/a>.<\/p>\n","protected":false},"excerpt":{"rendered":"<p>Ingresaron a saquear el supermercado &#8220;Muy Barato&#8221; en barrio Castelli alrededor de las 22:00 horas de la noche de este domingo, de acuerdo a lo informado por el diario Puntal. En los supermercados Vea y Top de esa ciudad se encuentran patrullas policiales montando guardias preventivas. La Polic\u00eda se encuentra en alerta por posibles saqueos [&hellip;]<\/p>\n","protected":false},"author":1,"featured_media":65276,"comment_status":"closed","ping_status":"closed","sticky":false,"template":"","format":"standard","meta":[],"categories":[19],"tags":[],"_links":{"self":[{"href":"http:\/\/hoycordobaweb.com\/index.php\/wp-json\/wp\/v2\/posts\/65275"}],"collection":[{"href":"http:\/\/hoycordobaweb.com\/index.php\/wp-json\/wp\/v2\/posts"}],"about":[{"href":"http:\/\/hoycordobaweb.com\/index.php\/wp-json\/wp\/v2\/types\/post"}],"author":[{"embeddable":true,"href":"http:\/\/hoycordobaweb.com\/index.php\/wp-json\/wp\/v2\/users\/1"}],"replies":[{"embeddable":true,"href":"http:\/\/hoycordobaweb.com\/index.php\/wp-json\/wp\/v2\/comments?post=65275"}],"version-history":[{"count":0,"href":"http:\/\/hoycordobaweb.com\/index.php\/wp-json\/wp\/v2\/posts\/65275\/revisions"}],"wp:featuredmedia":[{"embeddable":true,"href":"http:\/\/hoycordobaweb.com\/index.php\/wp-json\/wp\/v2\/media\/65276"}],"wp:attachment":[{"href":"http:\/\/hoycordobaweb.com\/index.php\/wp-json\/wp\/v2\/media?parent=65275"}],"wp:term":[{"taxonomy":"category","embeddable":true,"href":"http:\/\/hoycordobaweb.com\/index.php\/wp-json\/wp\/v2\/categories?post=65275"},{"taxonomy":"post_tag","embeddable":true,"href":"http:\/\/hoycordobaweb.com\/index.php\/wp-json\/wp\/v2\/tags?post=65275"}],"curies":[{"name":"wp","href":"https:\/\/api.w.org\/{rel}","templated":true}]}}