{"id":65236,"date":"2023-08-20T04:03:07","date_gmt":"2023-08-20T04:03:07","guid":{"rendered":"https:\/\/www.ole.com.ar\/futbol-internacional\/gesto-messi-levantar-leagues-cup_0_gXX5FX9ID6.html"},"modified":"2023-08-20T04:03:07","modified_gmt":"2023-08-20T04:03:07","slug":"el-gran-gesto-de-lionel-messi-al-levantar-la-leagues-cup-con-el-inter-miami","status":"publish","type":"post","link":"http:\/\/hoycordobaweb.com\/index.php\/2023\/08\/20\/el-gran-gesto-de-lionel-messi-al-levantar-la-leagues-cup-con-el-inter-miami\/","title":{"rendered":"El gran gesto de Lionel Messi al levantar la Leagues Cup con el Inter Miami"},"content":{"rendered":"<p><img src=\"http:\/\/hoycordobaweb.com\/wp-content\/uploads\/2023\/08\/el-gran-gesto-de-lionel-messi-al-levantar-la-leagues-cup-con-el-inter-miami.jpg\"><\/p>\n<p><time class=\"createDate\" datetime=\"2023-08-20T01:03:007-03:00\">20\/08\/2023 01:03hs.<\/time><time class=\"modificatedDate\" datetime=\"2023-08-20T07:39:17-03:00\"> Actualizado al 20\/08\/2023 07:39hs.<\/time><\/p>\n<div id=\"storyBody\">\n<div class=\"custom-text \" readability=\"37\">\n<p><strong>Lionel Messi<\/strong> tuvo un enorme gesto al momento de la premiaci\u00f3n del campe\u00f3n de la <strong>Leagues Cup<\/strong>. El argentino de 36 a\u00f1os era, por haber sido ungido capit\u00e1n de <strong>Inter Miami<\/strong>, el encargado de alzar el trofeo. Sin embargo, el MVP del torneo <strong>tom\u00f3 una decisi\u00f3n que sorprendi\u00f3 a todos.<\/strong><\/p>\n<\/div>\n<div class=\"custom-text \" readability=\"33\">\n<p><strong>Messi <\/strong>fue el \u00faltimo de los jugadores del <strong>Inter Miami <\/strong>en subir a la tarima luego de la victoria por penales frente a Nashville que le permiti\u00f3 consagrarse por primera vez en suelo estadounidense.<\/p>\n<\/div>\n<div class=\"custom-text \" readability=\"38\">\n<p>El argentino <strong>salud\u00f3 una a todas las autoridades antes de dejarse colocar la medalla<\/strong> de campe\u00f3n mientras era vitoreado por los fan\u00e1ticos que colmaron el Geodis Park de Nashville. Sin embargo, cuando le acercaron la copa, el Diez pidi\u00f3 un minuto e invit\u00f3 a <strong>DeAndre Roselle Yedlin, a quien le hab\u00eda dado la cinta minutos antes<\/strong>.<\/p>\n<\/div>\n<div class=\"sc-e7b891c4-0 jPbnQF\"><img alt=\"Leo pos\u00f3 con los trofeos de goleador y mejor jugador de la Leagues Cup. (AFP)\" src=\"http:\/\/hoycordobaweb.com\/wp-content\/uploads\/2023\/08\/el-gran-gesto-de-lionel-messi-al-levantar-la-leagues-cup-con-el-inter-miami-2.jpg\" width=\"720\" height=\"100\" decoding=\"async\" data-nimg=\"future\" loading=\"lazy\"><span class=\"epigraphe\">Leo pos\u00f3 con los trofeos de goleador y mejor jugador de la Leagues Cup. (AFP)<\/span><\/div>\n<div class=\"custom-text \" readability=\"35\">\n<p>S\u00ed:<strong> Messi tuvo un enorme gesto al convocar al escenario a quien era el capit\u00e1n de Inter Miami<\/strong> al momento del debut en la Leagues Cup, frente a Cruz Azul. La noche en la que Leo marc\u00f3 de tiro libre el triunfo que inici\u00f3 el tr\u00e1nsito de las Garzas hacia su primer campeonato.<\/p>\n<\/div>\n<div class=\"custom-text \" readability=\"38\">\n<p>Nacido el 9 de julio de 1993, <strong>el lateral derecho estadounidense con pasaporte let\u00f3n es uno de los referentes de la plantilla<\/strong> que encabeza Gerardo Martino. Detr\u00e1s, por supuesto, del propio <strong>Messi<\/strong>, adem\u00e1s de otras dos superestrellas como <strong>Sergio Busquets y Jordi Alba.<\/strong><\/p>\n<\/div>\n<div class=\"custom-text \" readability=\"36\">\n<p>Presente en <strong>Inter Miami<\/strong> desde 2022, <strong>Yedlin <\/strong>hab\u00eda utilizado la cinta de capit\u00e1n cuatro veces durante 2022 (dos veces ante Atlanta, otras m\u00e1s ante Dallas y Orlando) y en 2023 comenz\u00f3 a ajust\u00e1rsela con regularidad.<\/p>\n<\/div>\n<div class=\"custom-text \" readability=\"35\">\n<p>De hecho, este a\u00f1o la utiliz\u00f3 16 veces hasta el arribo de <strong>Messi<\/strong>, la contrataci\u00f3n del a\u00f1o para una <strong>Major League Soccer<\/strong> que se encuentra revolucionada por su imagen.<\/p>\n<\/div>\n<p><h2><strong>\u00bfQui\u00e9n es Yedlin, el jugador al que Messi le dedic\u00f3 su gesto?<\/strong><\/h2>\n<\/p>\n<div class=\"sc-e7b891c4-0 jPbnQF\"><img alt=\"Yedlin junto a Messi (AFP\/Archivo).\" src=\"http:\/\/hoycordobaweb.com\/wp-content\/uploads\/2023\/08\/el-gran-gesto-de-lionel-messi-al-levantar-la-leagues-cup-con-el-inter-miami-3.jpg\" width=\"720\" height=\"100\" decoding=\"async\" data-nimg=\"future\" loading=\"lazy\"><span class=\"epigraphe\">Yedlin junto a Messi (AFP\/Archivo).<\/span><\/div>\n<div class=\"custom-text \" readability=\"34\">\n<p><strong>DeAndre Yedlin<\/strong> inici\u00f3 su carrera <strong>hace diez a\u00f1os en el Seattle Sounders<\/strong> y que fue adquirido en 2014 por el <strong>Tottenham <\/strong>ingl\u00e9s a cambio de u$s 4.000.000. Luego de su primera temporada<strong> pas\u00f3 a pr\u00e9stamo al Sunderland antes de ser transferido en \u00a3 5 millones al Newcastle<\/strong>.<\/p>\n<\/div>\n<div class=\"custom-text \" readability=\"36\">\n<p>En paralelo, Yedlin se transform\u00f3 en 2014 en el primer jugador surgido de las inferiores de un club de la <strong>Major League Soccer <\/strong>en integrar una n\u00f3mina mundialista. Fue cuando <strong>J\u00fcrgen Klinsmann lo incluy\u00f3 en la convocatoria de 23 futbolistas de los Estados Unidos<\/strong> que participaron en la Copa del Mundo de Brasil.<\/p>\n<\/div>\n<div class=\"custom-text \" readability=\"34\">\n<p>Ese mismo a\u00f1o, la Federaci\u00f3n de F\u00fatbol de los Estados Unidos (US Soccer) lo condecor\u00f3 como el <strong>Jugador Joven del A\u00f1o.<\/strong><\/p>\n<\/div>\n<div class=\"custom-text \" readability=\"37\">\n<p>En 2023, claro, le ha tocado cumplir con uno de los sue\u00f1os de cualquier jugador: al mismo tiempo ser campe\u00f3n y hacerlo al lado de <strong>Lionel Messi<\/strong>, el jugador que m\u00e1s t\u00edtulos gan\u00f3 en la historia del f\u00fatbol. Y recibiendo del propio Leo un reconocimiento digno de un ilustre.<\/p>\n<\/div>\n<div class=\"sc-e7b891c4-0 jPbnQF\"><img alt=\"As\u00ed recib\u00eda la copa Messi. (AFP)\" src=\"http:\/\/hoycordobaweb.com\/wp-content\/uploads\/2023\/08\/el-gran-gesto-de-lionel-messi-al-levantar-la-leagues-cup-con-el-inter-miami-4.jpg\" width=\"720\" height=\"100\" decoding=\"async\" data-nimg=\"future\" loading=\"lazy\"><span class=\"epigraphe\">As\u00ed recib\u00eda la copa Messi. (AFP)<\/span><\/div>\n<p><h2><strong>Los dos premios que recibi\u00f3 Messi<\/strong><\/h2>\n<\/p>\n<div class=\"custom-text \" readability=\"37\">\n<p>Adem\u00e1s de haber alzado el trofeo de la Leagues Cup, Lionel Messi tambi\u00e9n tuvo un par de reconocimientos extra. Porque por sus diez goles en los siete partidos del campeonato fue ponderado como el Goleador del Torneo. Y, a su vez, lo reconocieron como el MVP. Todos los trofeos van a la vitrina.<\/p>\n<\/div>\n<div class=\"sc-a7166897-0 exHLBh\" readability=\"6\">\n<section readability=\"2\"><picture><img alt=\"Messi superstar: campe\u00f3n de la Leagues Cup\" src=\"http:\/\/hoycordobaweb.com\/wp-content\/uploads\/2023\/08\/el-gran-gesto-de-lionel-messi-al-levantar-la-leagues-cup-con-el-inter-miami-5.jpg\" width=\"290\" height=\"290\" decoding=\"async\" data-nimg=\"future\" loading=\"lazy\"><\/picture>\n<p><span>Mir\u00e1 tambi\u00e9n<\/span><\/p>\n<hr>\n<h3>Messi superstar: campe\u00f3n de la Leagues Cup<\/h3>\n<\/p>\n<\/section>\n<\/div>\n<div class=\"sc-a7166897-0 exHLBh\" readability=\"6\">\n<section readability=\"2\"><picture><img alt=\"\u00a1Lionel Messi e Inter Miami campeones de la Leagues Cup!\" src=\"http:\/\/hoycordobaweb.com\/wp-content\/uploads\/2023\/08\/el-gran-gesto-de-lionel-messi-al-levantar-la-leagues-cup-con-el-inter-miami-6.jpg\" width=\"290\" height=\"290\" decoding=\"async\" data-nimg=\"future\" loading=\"lazy\"><\/picture>\n<p><span>Mir\u00e1 tambi\u00e9n<\/span><\/p>\n<hr>\n<h3>\u00a1Lionel Messi e Inter Miami campeones de la Leagues Cup!<\/h3>\n<\/p>\n<\/section>\n<\/div>\n<div class=\"sc-a7166897-0 exHLBh\" readability=\"6\">\n<section readability=\"2\"><picture><img alt=\"Rey de Miami: los compa\u00f1eros de Messi lo levantaron por el aire\" src=\"http:\/\/hoycordobaweb.com\/wp-content\/uploads\/2023\/08\/el-gran-gesto-de-lionel-messi-al-levantar-la-leagues-cup-con-el-inter-miami-7.jpg\" width=\"290\" height=\"290\" decoding=\"async\" data-nimg=\"future\" loading=\"lazy\"><\/picture>\n<p><span>Mir\u00e1 tambi\u00e9n<\/span><\/p>\n<hr>\n<h3>Rey de Miami: los compa\u00f1eros de Messi lo levantaron por el aire<\/h3>\n<\/p>\n<\/section>\n<\/div>\n<\/div>\n","protected":false},"excerpt":{"rendered":"<p>20\/08\/2023 01:03hs. Actualizado al 20\/08\/2023 07:39hs. Lionel Messi tuvo un enorme gesto al momento de la premiaci\u00f3n del campe\u00f3n de la Leagues Cup. El argentino de 36 a\u00f1os era, por haber sido ungido capit\u00e1n de Inter Miami, el encargado de alzar el trofeo. Sin embargo, el MVP del torneo tom\u00f3 una decisi\u00f3n que sorprendi\u00f3 a [&hellip;]<\/p>\n","protected":false},"author":1,"featured_media":65237,"comment_status":"open","ping_status":"closed","sticky":false,"template":"","format":"standard","meta":[],"categories":[16],"tags":[],"_links":{"self":[{"href":"http:\/\/hoycordobaweb.com\/index.php\/wp-json\/wp\/v2\/posts\/65236"}],"collection":[{"href":"http:\/\/hoycordobaweb.com\/index.php\/wp-json\/wp\/v2\/posts"}],"about":[{"href":"http:\/\/hoycordobaweb.com\/index.php\/wp-json\/wp\/v2\/types\/post"}],"author":[{"embeddable":true,"href":"http:\/\/hoycordobaweb.com\/index.php\/wp-json\/wp\/v2\/users\/1"}],"replies":[{"embeddable":true,"href":"http:\/\/hoycordobaweb.com\/index.php\/wp-json\/wp\/v2\/comments?post=65236"}],"version-history":[{"count":0,"href":"http:\/\/hoycordobaweb.com\/index.php\/wp-json\/wp\/v2\/posts\/65236\/revisions"}],"wp:featuredmedia":[{"embeddable":true,"href":"http:\/\/hoycordobaweb.com\/index.php\/wp-json\/wp\/v2\/media\/65237"}],"wp:attachment":[{"href":"http:\/\/hoycordobaweb.com\/index.php\/wp-json\/wp\/v2\/media?parent=65236"}],"wp:term":[{"taxonomy":"category","embeddable":true,"href":"http:\/\/hoycordobaweb.com\/index.php\/wp-json\/wp\/v2\/categories?post=65236"},{"taxonomy":"post_tag","embeddable":true,"href":"http:\/\/hoycordobaweb.com\/index.php\/wp-json\/wp\/v2\/tags?post=65236"}],"curies":[{"name":"wp","href":"https:\/\/api.w.org\/{rel}","templated":true}]}}