{"id":65234,"date":"2023-08-20T09:00:14","date_gmt":"2023-08-20T09:00:14","guid":{"rendered":"https:\/\/www.ole.com.ar\/futbol-primera\/lanus-san-lorenzo-copa-liga-profesional-hora-tv-posibles-formaciones_0_hPFvWBp28W.html"},"modified":"2023-08-20T09:00:14","modified_gmt":"2023-08-20T09:00:14","slug":"lanus-san-lorenzo-hora-tv-y-posibles-formaciones","status":"publish","type":"post","link":"http:\/\/hoycordobaweb.com\/index.php\/2023\/08\/20\/lanus-san-lorenzo-hora-tv-y-posibles-formaciones\/","title":{"rendered":"Lan\u00fas &#8211; San Lorenzo: hora, TV y posibles formaciones"},"content":{"rendered":"<p><img src=\"http:\/\/hoycordobaweb.com\/wp-content\/uploads\/2023\/08\/lanus-san-lorenzo-hora-tv-y-posibles-formaciones.jpg\"><\/p>\n<p><time class=\"createDate\" datetime=\"2023-08-20T06:00:14-03:00\">20\/08\/2023 06:00hs.<\/time><time class=\"modificatedDate\" datetime=\"2023-08-20T08:13:16-03:00\"> Actualizado al 20\/08\/2023 08:13hs.<\/time><\/p>\n<div id=\"storyBody\">\n<div class=\"custom-text \" readability=\"25.056\">\n<p>En un duelo clave por los puestos coperos, <strong>el <a href=\"https:\/\/www.ole.com.ar\/tema\/lanus.html\" title=\"Lan\u00fas\" alt=\"Lan\u00fas\" class=\"slug\">Lan\u00fas<\/a> de <a href=\"https:\/\/www.ole.com.ar\/tema\/frank-dario-kudelka.html\" title=\"Frank Dar\u00edo Kudelka\" alt=\"Frank Dar\u00edo Kudelka\" class=\"slug\">Frank Kudelka<\/a> se mide con el <a href=\"https:\/\/www.ole.com.ar\/tema\/san-lorenzo.html\" title=\"San Lorenzo\" alt=\"San Lorenzo\" class=\"slug\">San Lorenzo<\/a> de <a href=\"https:\/\/www.ole.com.ar\/tema\/ruben-dario-insua.html\" title=\"Rub\u00e9n Dar\u00edo Insua\" alt=\"Rub\u00e9n Dar\u00edo Insua\" class=\"slug\">Rub\u00e9n Dar\u00edo Insua<\/a> por la primera fecha de la <a href=\"https:\/\/www.ole.com.ar\/tema\/liga-profesional.html\" title=\"Liga Profesional\" alt=\"Liga Profesional\" class=\"slug\">Copa de la Liga Profesional<\/a><\/strong>. Segu\u00ed el partido a trav\u00e9s de Ol\u00e9, con todo lo que pase minuto a minuto.<\/p>\n<\/div>\n<p><h2><strong>\u00bfA qu\u00e9 hora juegan Lan\u00fas &#8211; San Lorenzo?<\/strong><\/h2>\n<\/p>\n<div class=\"custom-text \" readability=\"41\">\n<p>El partido se disputar\u00e1 el <strong>domingo 20 de agosto a las 18:30<\/strong> de la Argentina en el <strong>estadio Ciudad de Lan\u00fas-N\u00e9stor D\u00edaz P\u00e9rez<\/strong>, conocido popularmente como La Fortaleza, con una<strong> terna arbitral conformada por Nazareno Arasa (\u00e1rbitro principal)<\/strong>, Pablo Gonz\u00e1lez (primer asistente), Pablo Gualtieri (segundo asistente), Am\u00e9rico Monsalvo (cuarto \u00e1rbitro), <strong>Dar\u00edo Herrera (VAR)<\/strong> y Juan Del Fueyo (AVAR).<\/p>\n<\/div>\n<div class=\"custom-text \" readability=\"33\">\n<p><strong>Horario Lan\u00fas &#8211; San Lorenzo, seg\u00fan pa\u00eds<\/strong><\/p>\n<\/div>\n<div class=\"custom-text \">\n<p><strong>Brasil:<\/strong> 18:30<\/p>\n<\/div>\n<div class=\"custom-text \">\n<p><strong>Uruguay:<\/strong> 18:30<\/p>\n<\/div>\n<div class=\"custom-text \">\n<p><strong>Paraguay:<\/strong> 18:30<\/p>\n<\/div>\n<div class=\"custom-text \">\n<p><strong>Chile:<\/strong> 18:30<\/p>\n<\/div>\n<div class=\"custom-text \">\n<p><strong>Venezuela:<\/strong> 17:30<\/p>\n<\/div>\n<div class=\"custom-text \">\n<p><strong>Bolivia:<\/strong> 17:30<\/p>\n<\/div>\n<div class=\"custom-text \">\n<p><strong>Colombia:<\/strong> 16:30<\/p>\n<\/div>\n<div class=\"custom-text \">\n<p><strong>Ecuador:<\/strong> 16:30<\/p>\n<\/div>\n<div class=\"custom-text \">\n<p><strong>Per\u00fa:<\/strong> 16:30<\/p>\n<\/div>\n<div class=\"custom-text \">\n<p><strong>M\u00e9xico:<\/strong> 15:30<\/p>\n<\/div>\n<p><h2><strong>\u00bfPor d\u00f3nde ver Lan\u00fas-San Lorenzo?<\/strong><\/h2>\n<\/p>\n<div class=\"custom-text \" readability=\"34\">\n<p>El partido ser\u00e1 <strong>transmitido por la se\u00f1al de TNT Sports<\/strong>. Tambi\u00e9n vas a poder seguir el minuto a minuto por la web de Ol\u00e9, como siempre.<\/p>\n<\/div>\n<div class=\"sc-e7b891c4-0 jPbnQF\"><img alt=\"Lan\u00fas - San Lorenzo, por la primera fecha de la Copa de la Liga Profesional. (Marcelo Carroll)\" src=\"http:\/\/hoycordobaweb.com\/wp-content\/uploads\/2023\/08\/lanus-san-lorenzo-hora-tv-y-posibles-formaciones-2.jpg\" width=\"720\" height=\"100\" decoding=\"async\" data-nimg=\"future\" loading=\"lazy\"><span class=\"epigraphe\">Lan\u00fas &#8211; San Lorenzo, por la primera fecha de la Copa de la Liga Profesional. (Marcelo Carroll)<\/span><\/div>\n<p><h2><strong>\u00bfC\u00f3mo llega Lan\u00fas?<\/strong><\/h2>\n<\/p>\n<div class=\"custom-text \" readability=\"41\">\n<p>El Granate viene de tener un buen desempe\u00f1o en la Liga Profesional, <strong>en la que qued\u00f3 en la cuarta posici\u00f3n con 45 puntos tras 27 partidos disputados<\/strong> (12 triunfos, 9 empates, 6 derrotas). Ese rendimiento le permiti\u00f3 obtener, moment\u00e1neamente, el primer cupo de la tabla de clasificaci\u00f3n a la Copa Sudamericana 2024. Y est\u00e1 a apenas un punto de San Lorenzo (46), quien tiene el \u00faltimo boleto a la Libertadores.<\/p>\n<\/div>\n<div class=\"custom-text \" readability=\"38.575063613232\">\n<p>En relaci\u00f3n al mercado de pases, <strong>el combinado de Frank Dario Kudelka, cuyo \u00faltimo encuentro supuso una derrota 2-0 frente a Col\u00f3n por los 16avos de final de la <a href=\"https:\/\/www.ole.com.ar\/tema\/copa-argentina.html\" title=\"Copa Argentina\" alt=\"Copa Argentina\" class=\"slug\">Copa Argentina<\/a>, se reforz\u00f3 con cuatro jugadores<\/strong>: <strong>Felipe Pe\u00f1a Biafore<\/strong> (a pr\u00e9stamo de River)<strong>, Gonzalo P\u00e9rez<\/strong> (compra a Liverpool de Uruguay)<strong>, Alan Aguerre<\/strong> (libre de Talleres) <strong>y Augusto Lotti<\/strong> (a pr\u00e9stamo de Cruz Azul de M\u00e9xico).<\/p>\n<\/div>\n<div class=\"custom-text \" readability=\"41\">\n<p>Pero <strong>tambi\u00e9n sufri\u00f3 algunas bajas: Tom\u00e1s Belmonte<\/strong> (venta a Toluca de M\u00e9xico)<strong>, Iv\u00e1n Cazal<\/strong> (libre a Guaire\u00f1a de Paraguay)<strong>, Felipe Aguilar <\/strong>(a pr\u00e9stamo a Independiente)<strong>, Brian Blando <\/strong>(a pr\u00e9stamo a O\u2019Higgins de Chile)<strong>, Mateo Sanabria<\/strong> (a pr\u00e9stamo a Central C\u00f3rdoba)<strong>, Lautaro Morales<\/strong> (a pr\u00e9stamo a Talleres)<strong>, Samuel Careaga<\/strong> (a pr\u00e9stamo a Memphis de EE.UU.) <strong>y Facundo P\u00e9rez<\/strong> (a pr\u00e9stamo a Panetolikos de Grecia).<\/p>\n<\/div>\n<div class=\"sc-e7b891c4-0 jPbnQF\"><img alt=\"Lan\u00fas se prepara para la Copa de la Liga. (Prensa Club A. Lan\u00fas)\" src=\"http:\/\/hoycordobaweb.com\/wp-content\/uploads\/2023\/08\/lanus-san-lorenzo-hora-tv-y-posibles-formaciones-3.jpg\" width=\"720\" height=\"100\" decoding=\"async\" data-nimg=\"future\" loading=\"lazy\"><span class=\"epigraphe\">Lan\u00fas se prepara para la Copa de la Liga. (Prensa Club A. Lan\u00fas)<\/span><\/div>\n<p><h2><strong>\u00bfC\u00f3mo llega San Lorenzo?<\/strong><\/h2>\n<\/p>\n<div class=\"custom-text \" readability=\"31.176470588235\">\n<p>Los dirigidos por Rub\u00e9n Dar\u00edo Insua se preparan para el arranque de una nueva competencia <strong>despu\u00e9s de la dura derrota 2-0 sufrida ante <a href=\"https:\/\/www.ole.com.ar\/tema\/sao-paulo.html\" title=\"Sao Paulo\" alt=\"Sao Paulo\" class=\"slug\">San Pablo<\/a> en el Morumbi, con la que qued\u00f3 eliminado en los octavos de final de la <a href=\"https:\/\/www.ole.com.ar\/tema\/copa-sudamericana.html\" title=\"Copa Sudamericana\" alt=\"Copa Sudamericana\" class=\"slug\">Copa Sudamericana<\/a><\/strong>.<\/p>\n<\/div>\n<div class=\"custom-text \" readability=\"39.021406727829\">\n<p>Igualmente, el Cicl\u00f3n ha hecho un gran a\u00f1o hasta el momento, al <strong>posicionarse tercero en el campeonato local con 46 unidades de 81 posibles<\/strong> (12 victorias, 10 igualdades, 5 ca\u00eddas). Adem\u00e1s, <strong>tambi\u00e9n se encuentra con vida en la Copa Argentina: est\u00e1 en los octavos de final <\/strong>tras una sufrida victoria por penales ante <strong><a href=\"https:\/\/www.ole.com.ar\/tema\/platense.html\" title=\"Platense\" alt=\"Platense\" class=\"slug\">Platense<\/a><\/strong>.<\/p>\n<\/div>\n<div class=\"custom-text \" readability=\"41\">\n<p><strong>Respecto a incorporaciones, los Matadores cerraron a Carlos Auzqui<\/strong> (libre de Ferencvaros de Hungr\u00eda)<strong>, Federico Girotti <\/strong>(a pr\u00e9stamo de Talleres) <strong>y Gast\u00f3n Ram\u00edrez<\/strong> (libre de Virtus Entella de Italia)<strong>. Sin embargo, el Gallego debi\u00f3 despedirse de cinco hombres:<\/strong> Andr\u00e9s Vombergar (libre de Ittihad Kalba de Emiratos Arabes Unidos), Federico Gattoni (venta a Sevilla de Espa\u00f1a), Siro Rosane (libre a Barracas Central), Diego Calcaterra (a pr\u00e9stamo a Sarmiento) y Agust\u00edn Martegani (a pr\u00e9stamo a Salernitana de Italia).<\/p>\n<\/div>\n<div class=\"sc-e7b891c4-0 jPbnQF\"><img alt=\"San Lorenzo sue\u00f1a con la Copa de la Liga tras su eliminaci\u00f3n de la Sudamericana. (EFE)\" src=\"http:\/\/hoycordobaweb.com\/wp-content\/uploads\/2023\/08\/lanus-san-lorenzo-hora-tv-y-posibles-formaciones-4.jpg\" width=\"720\" height=\"100\" decoding=\"async\" data-nimg=\"future\" loading=\"lazy\"><span class=\"epigraphe\">San Lorenzo sue\u00f1a con la Copa de la Liga tras su eliminaci\u00f3n de la Sudamericana. (EFE)<\/span><\/div>\n<p><h2>Posibles formaciones<\/h2>\n<\/p>\n<div class=\"custom-text \" readability=\"41\">\n<p><strong>Lan\u00fas:<\/strong> Alan Aguerre; Julio Soler, Cristian Lema, Jos\u00e9 Canale, Juan S\u00e1nchez Mi\u00f1o; Felipe Pe\u00f1a Biafore, Ra\u00fal Loaiza, Mat\u00edas Esquivel; Franco Orozco, Leandro D\u00edaz, Pedro de la Vega. <strong>DT: Frank Dar\u00edo Kudelka. <\/strong><\/p>\n<\/div>\n<div class=\"custom-text \" readability=\"41\">\n<p><strong>San Lorenzo:<\/strong> Augusto Batalla; Agust\u00edn Giay, Rafael P\u00e9rez, Gast\u00f3n Campi, Gast\u00f3n Hern\u00e1ndez, Malcom Braida; Jalil El\u00edas, Carlos S\u00e1nchez; Carlos Auzqui, Nahuel Barrios, Adam Bareiro.<strong> DT: Rub\u00e9n Dar\u00edo Insua.<\/strong><\/p>\n<\/div>\n<div class=\"sc-a7166897-0 exHLBh\" readability=\"6\">\n<section readability=\"2\"><picture><img alt=\"El mercado de pases: refuerzos y bajas en medio del comienzo de la Copa de la Liga\" src=\"http:\/\/hoycordobaweb.com\/wp-content\/uploads\/2023\/08\/lanus-san-lorenzo-hora-tv-y-posibles-formaciones-5.jpg\" width=\"290\" height=\"290\" decoding=\"async\" data-nimg=\"future\" loading=\"lazy\"><\/picture>\n<p><span>Mir\u00e1 tambi\u00e9n<\/span><\/p>\n<hr>\n<h3>El mercado de pases: refuerzos y bajas en medio del comienzo de la Copa de la Liga<\/h3>\n<\/p>\n<\/section>\n<\/div>\n<div class=\"sc-a7166897-0 exHLBh\" readability=\"6\">\n<section readability=\"2\"><picture><img alt=\"\u00a1Beltr\u00e1n hizo su debut en la Fiorentina!\" src=\"http:\/\/hoycordobaweb.com\/wp-content\/uploads\/2023\/08\/lanus-san-lorenzo-hora-tv-y-posibles-formaciones-6.jpg\" width=\"290\" height=\"290\" decoding=\"async\" data-nimg=\"future\" loading=\"lazy\"><\/picture>\n<p><span>Mir\u00e1 tambi\u00e9n<\/span><\/p>\n<hr>\n<h3>\u00a1Beltr\u00e1n hizo su debut en la Fiorentina!<\/h3>\n<\/p>\n<\/section>\n<\/div>\n<div class=\"sc-a7166897-0 exHLBh\" readability=\"6\">\n<section readability=\"2\"><picture><img alt=\"Video: los hinchas de Independiente coparon el hall y pidieron &quot;que se vayan todos&quot;\" src=\"http:\/\/hoycordobaweb.com\/wp-content\/uploads\/2023\/08\/lanus-san-lorenzo-hora-tv-y-posibles-formaciones-7.jpg\" width=\"290\" height=\"290\" decoding=\"async\" data-nimg=\"future\" loading=\"lazy\"><\/picture>\n<p><span>Mir\u00e1 tambi\u00e9n<\/span><\/p>\n<hr>\n<h3>Video: los hinchas de Independiente coparon el hall y pidieron \u00abque se vayan todos\u00bb<\/h3>\n<\/p>\n<\/section>\n<\/div>\n<\/div>\n","protected":false},"excerpt":{"rendered":"<p>20\/08\/2023 06:00hs. Actualizado al 20\/08\/2023 08:13hs. En un duelo clave por los puestos coperos, el Lan\u00fas de Frank Kudelka se mide con el San Lorenzo de Rub\u00e9n Dar\u00edo Insua por la primera fecha de la Copa de la Liga Profesional. Segu\u00ed el partido a trav\u00e9s de Ol\u00e9, con todo lo que pase minuto a minuto. [&hellip;]<\/p>\n","protected":false},"author":1,"featured_media":65235,"comment_status":"open","ping_status":"closed","sticky":false,"template":"","format":"standard","meta":[],"categories":[16],"tags":[],"_links":{"self":[{"href":"http:\/\/hoycordobaweb.com\/index.php\/wp-json\/wp\/v2\/posts\/65234"}],"collection":[{"href":"http:\/\/hoycordobaweb.com\/index.php\/wp-json\/wp\/v2\/posts"}],"about":[{"href":"http:\/\/hoycordobaweb.com\/index.php\/wp-json\/wp\/v2\/types\/post"}],"author":[{"embeddable":true,"href":"http:\/\/hoycordobaweb.com\/index.php\/wp-json\/wp\/v2\/users\/1"}],"replies":[{"embeddable":true,"href":"http:\/\/hoycordobaweb.com\/index.php\/wp-json\/wp\/v2\/comments?post=65234"}],"version-history":[{"count":0,"href":"http:\/\/hoycordobaweb.com\/index.php\/wp-json\/wp\/v2\/posts\/65234\/revisions"}],"wp:featuredmedia":[{"embeddable":true,"href":"http:\/\/hoycordobaweb.com\/index.php\/wp-json\/wp\/v2\/media\/65235"}],"wp:attachment":[{"href":"http:\/\/hoycordobaweb.com\/index.php\/wp-json\/wp\/v2\/media?parent=65234"}],"wp:term":[{"taxonomy":"category","embeddable":true,"href":"http:\/\/hoycordobaweb.com\/index.php\/wp-json\/wp\/v2\/categories?post=65234"},{"taxonomy":"post_tag","embeddable":true,"href":"http:\/\/hoycordobaweb.com\/index.php\/wp-json\/wp\/v2\/tags?post=65234"}],"curies":[{"name":"wp","href":"https:\/\/api.w.org\/{rel}","templated":true}]}}