{"id":65232,"date":"2023-08-20T09:00:15","date_gmt":"2023-08-20T09:00:15","guid":{"rendered":"https:\/\/www.ole.com.ar\/arsenal\/copa-liga-arsenal-instituto-partido-horario-formaciones-tv_0_8jVpsidUUJ.html"},"modified":"2023-08-20T09:00:15","modified_gmt":"2023-08-20T09:00:15","slug":"arsenal-instituto-hora-tv-y-posibles-formaciones","status":"publish","type":"post","link":"http:\/\/hoycordobaweb.com\/index.php\/2023\/08\/20\/arsenal-instituto-hora-tv-y-posibles-formaciones\/","title":{"rendered":"Arsenal &#8211; Instituto: hora, TV y posibles formaciones"},"content":{"rendered":"<p><img src=\"http:\/\/hoycordobaweb.com\/wp-content\/uploads\/2023\/08\/arsenal-instituto-hora-tv-y-posibles-formaciones.jpg\"><\/p>\n<p><time class=\"createDate\" datetime=\"2023-08-20T06:00:15-03:00\">20\/08\/2023 06:00hs.<\/time><time class=\"modificatedDate\" datetime=\"2023-08-20T08:14:58-03:00\"> Actualizado al 20\/08\/2023 08:14hs.<\/time><\/p>\n<div id=\"storyBody\">\n<div class=\"custom-text \" readability=\"34.02027027027\">\n<p><strong><a href=\"https:\/\/www.ole.com.ar\/tema\/arsenal-de-sarandi.html\" title=\"Arsenal de Sarand\u00ed\" alt=\"Arsenal de Sarand\u00ed\" class=\"slug\">Arsenal<\/a> y <a href=\"https:\/\/www.ole.com.ar\/tema\/instituto-cordoba.html\" title=\"Instituto (C\u00f3rdoba)\" alt=\"Instituto (C\u00f3rdoba)\" class=\"slug\">Instituto<\/a> se enfrentar\u00e1n por la primera fecha de la <a href=\"https:\/\/www.ole.com.ar\/tema\/copa-liga-profesional.html\" title=\"Copa Liga Profesional\" alt=\"Copa Liga Profesional\" class=\"slug\">Copa de la Liga<\/a>. <\/strong>Podr\u00e1s seguir el partido a trav\u00e9s de Ol\u00e9, con todo lo que pase minuto a minuto. Despu\u00e9s vas a encontrar el an\u00e1lisis, las declaraciones de los protagonistas, el resumen, las noticias m\u00e1s destacadas y los videos.<\/p>\n<\/div>\n<p><h2><strong>\u00bfA qu\u00e9 hora juegan Arsenal &#8211; Instituto?<\/strong><\/h2>\n<\/p>\n<div class=\"custom-text \" readability=\"35\">\n<p>El partido se disputar\u00e1 el <strong>domingo 20 de agosto a las 14:00hs<\/strong> de la Argentina en el estadio Julio Humberto Grondona. El \u00e1rbitro principal del encuentro ser\u00e1 Silvio Trucco, mientras que el VAR estar\u00e1 en manos de Diego Ceballos.<\/p>\n<\/div>\n<div class=\"custom-text \" readability=\"33\">\n<p>Horario Arsenal &#8211; Instituto, seg\u00fan pa\u00eds:<\/p>\n<ul>\n<li>Brasil: 14:00hs<\/li>\n<li>Uruguay: 14:00hs<\/li>\n<li>Paraguay: 14:00hs<\/li>\n<li>Chile: 14:00hs<\/li>\n<li>Venezuela: 13:00hs<\/li>\n<li>Bolivia: 13:00hs<\/li>\n<li>Colombia: 12:00hs<\/li>\n<li>Ecuador: 12:00hs<\/li>\n<li>Per\u00fa: 12:00hs<\/li>\n<li>M\u00e9xico: 11:00hs<\/li>\n<\/ul>\n<\/div>\n<p><h2><strong>\u00bfPor d\u00f3nde ver Arsenal-Instituto?<\/strong><\/h2>\n<\/p>\n<div class=\"custom-text \" readability=\"34\">\n<p>El partido ser\u00e1 transmitido por la se\u00f1al de <strong>ESPN Premium<\/strong>. Tambi\u00e9n vas a poder seguir el minuto a minuto por la web de <strong>Ol\u00e9<\/strong>, como siempre.<\/p>\n<\/div>\n<p><h2><strong>\u00bfC\u00f3mo llega Arsenal?<\/strong><\/h2>\n<\/p>\n<div class=\"custom-text \" readability=\"38\">\n<p><strong>El Arse tuvo una muy floja actuaci\u00f3n en lo que la Liga Profesional: termin\u00f3 en la \u00faltima posici\u00f3n de la tabla con tan solo 22 unidades<\/strong> tras 6 victorias, 4 empates y 17 derrotas. Adem\u00e1s, tuvieron la peor diferencia de gol, con 16 tantos en su contra. Tambi\u00e9n se encuentran \u00faltimos en la tabla anual y en la tabla de promedios.<\/p>\n<\/div>\n<div class=\"custom-text \" readability=\"40\">\n<p>En el mercado de pases, el conjunto de Sarand\u00ed sufri\u00f3 p\u00e9rdidas importantes como la del delantero Luis Leal, qui\u00e9n termin\u00f3 su contrato con el club y qued\u00f3 libre. Adem\u00e1s, el club se qued\u00f3 sin Felipe Pe\u00f1a Biafore (a pr\u00e9stamo a Lan\u00fas), Tob\u00edas Z\u00e1rate (a pr\u00e9stamo al AE Larissas) y Santiago Piava, qui\u00e9n termin\u00f3 en el Plaza Colonia de Uruguay.<\/p>\n<\/div>\n<div class=\"custom-text \" readability=\"35\">\n<p>Pero no todo es dolor para el Arse, que pudo sumar a Juan Cavallaro en condici\u00f3n de libre desde La Serena de Chile. Y tambi\u00e9n cerr\u00f3 las llegadas del mediocampista Juan Cejas (lleg\u00f3 libre de Montevideo City Torque) y Leandro Moreira (libre de Lan\u00fas).<\/p>\n<\/div>\n<div class=\"sc-e7b891c4-0 jPbnQF\"><img alt=\"La partida de Luis Leal es una de las m\u00e1s fuertes para el Arse en esta campa\u00f1a\" src=\"http:\/\/hoycordobaweb.com\/wp-content\/uploads\/2023\/08\/arsenal-instituto-hora-tv-y-posibles-formaciones-2.jpg\" width=\"720\" height=\"100\" decoding=\"async\" data-nimg=\"future\" loading=\"lazy\"><span class=\"epigraphe\">La partida de Luis Leal es una de las m\u00e1s fuertes para el Arse en esta campa\u00f1a<\/span><\/div>\n<p><h2><strong>\u00bfC\u00f3mo llega Instituto?<\/strong><\/h2>\n<\/p>\n<div class=\"custom-text \" readability=\"38\">\n<p><strong>La Gloria, por su lado, tuvo un estreno m\u00e1s positivo en la Liga Profesional tras lograr el ascenso y termin\u00f3 en la posici\u00f3n n\u00famero 18\u00b0 de la tabla<\/strong> con 32 unidades, producto de 8 victorias, 8 empates y 11 derrotas.<\/p>\n<\/div>\n<div class=\"custom-text \" readability=\"37\">\n<p>Instituto tambi\u00e9n padeci\u00f3 menos las salidas: fue una sola fuga, con Joaqu\u00edn Varela, qui\u00e9n se fue a pr\u00e9stamo a Independiente de Medell\u00edn. Pero no deben confiarse, <strong>ya que otros de los que se rumorean podr\u00edan salir en este mercado de pases son Franco Watson y Axel Rodr\u00edguez.<\/strong><\/p>\n<\/div>\n<div class=\"custom-text \" readability=\"38\">\n<p>Los refuerzos para los dirigidos por Diego Dabove tambi\u00e9n vinieron en baja cantidad, con el experimentado <strong>Luciano Aued, quien lleg\u00f3 en condici\u00f3n de libre desde Uni\u00f3n, <\/strong>y el lateral izquierdo <strong>Lucas Rodr\u00edguez, qui\u00e9n lleg\u00f3 desde Rosario Central.<\/strong><\/p>\n<\/div>\n<div class=\"sc-e7b891c4-0 jPbnQF\"><img alt=\"Luciano Aued fue el primer refuerzo de La Gloria\" src=\"http:\/\/hoycordobaweb.com\/wp-content\/uploads\/2023\/08\/arsenal-instituto-hora-tv-y-posibles-formaciones-3.jpg\" width=\"720\" height=\"100\" decoding=\"async\" data-nimg=\"future\" loading=\"lazy\"><span class=\"epigraphe\">Luciano Aued fue el primer refuerzo de La Gloria<\/span><\/div>\n<p><h2><strong>Posibles formaciones<\/strong><\/h2>\n<\/p>\n<div class=\"custom-text \" readability=\"40\">\n<p><strong>Arsenal<\/strong>: Alejandro Medina; Lucas Souto, N\u00e9stor Breitenbruch, Maximiliano Centuri\u00f3n, Joaqu\u00edn Pombo, Adri\u00e1n Sporle; Braian Rivero, Gonzalo Muscia, Santiago Toloza; Facundo Pons y Flabi\u00e1n Lodo\u00f1o. DT: Federico Vilar.<\/p>\n<\/div>\n<div class=\"custom-text \" readability=\"41\">\n<p><strong>Instituto<\/strong>: Manuel Roffo; Giulano Ceratto, Ezequiel Parnisari, Fernando Alarc\u00f3n, Sebasti\u00e1n Corda; Gabriel Graciani, Roberto Bochi, Gast\u00f3n Lodico, Brahian Cuello, Santiago Rodr\u00edguez y Adri\u00e1n Mart\u00ednez. DT: Diego Dabove.<\/p>\n<\/div>\n<div class=\"sc-a7166897-0 exHLBh\" readability=\"6\">\n<section readability=\"2\"><picture><img alt=\"\u00a1Beltr\u00e1n hizo su debut en la Fiorentina!\" src=\"http:\/\/hoycordobaweb.com\/wp-content\/uploads\/2023\/08\/arsenal-instituto-hora-tv-y-posibles-formaciones-4.jpg\" width=\"290\" height=\"290\" decoding=\"async\" data-nimg=\"future\" loading=\"lazy\"><\/picture>\n<p><span>Mir\u00e1 tambi\u00e9n<\/span><\/p>\n<hr>\n<h3>\u00a1Beltr\u00e1n hizo su debut en la Fiorentina!<\/h3>\n<\/p>\n<\/section>\n<\/div>\n<div class=\"sc-a7166897-0 exHLBh\" readability=\"6\">\n<section readability=\"2\"><picture><img alt=\"El mercado de pases: refuerzos y bajas en medio del comienzo de la Copa de la Liga\" src=\"http:\/\/hoycordobaweb.com\/wp-content\/uploads\/2023\/08\/arsenal-instituto-hora-tv-y-posibles-formaciones-5.jpg\" width=\"290\" height=\"290\" decoding=\"async\" data-nimg=\"future\" loading=\"lazy\"><\/picture>\n<p><span>Mir\u00e1 tambi\u00e9n<\/span><\/p>\n<hr>\n<h3>El mercado de pases: refuerzos y bajas en medio del comienzo de la Copa de la Liga<\/h3>\n<\/p>\n<\/section>\n<\/div>\n<div class=\"sc-a7166897-0 exHLBh\" readability=\"6\">\n<section readability=\"2\"><picture><img alt=\"Video: los hinchas de Independiente coparon el hall y pidieron &quot;que se vayan todos&quot;\" src=\"http:\/\/hoycordobaweb.com\/wp-content\/uploads\/2023\/08\/arsenal-instituto-hora-tv-y-posibles-formaciones-6.jpg\" width=\"290\" height=\"290\" decoding=\"async\" data-nimg=\"future\" loading=\"lazy\"><\/picture>\n<p><span>Mir\u00e1 tambi\u00e9n<\/span><\/p>\n<hr>\n<h3>Video: los hinchas de Independiente coparon el hall y pidieron \u00abque se vayan todos\u00bb<\/h3>\n<\/p>\n<\/section>\n<\/div>\n<\/div>\n","protected":false},"excerpt":{"rendered":"<p>20\/08\/2023 06:00hs. Actualizado al 20\/08\/2023 08:14hs. Arsenal y Instituto se enfrentar\u00e1n por la primera fecha de la Copa de la Liga. Podr\u00e1s seguir el partido a trav\u00e9s de Ol\u00e9, con todo lo que pase minuto a minuto. Despu\u00e9s vas a encontrar el an\u00e1lisis, las declaraciones de los protagonistas, el resumen, las noticias m\u00e1s destacadas y [&hellip;]<\/p>\n","protected":false},"author":1,"featured_media":65233,"comment_status":"open","ping_status":"closed","sticky":false,"template":"","format":"standard","meta":[],"categories":[16],"tags":[],"_links":{"self":[{"href":"http:\/\/hoycordobaweb.com\/index.php\/wp-json\/wp\/v2\/posts\/65232"}],"collection":[{"href":"http:\/\/hoycordobaweb.com\/index.php\/wp-json\/wp\/v2\/posts"}],"about":[{"href":"http:\/\/hoycordobaweb.com\/index.php\/wp-json\/wp\/v2\/types\/post"}],"author":[{"embeddable":true,"href":"http:\/\/hoycordobaweb.com\/index.php\/wp-json\/wp\/v2\/users\/1"}],"replies":[{"embeddable":true,"href":"http:\/\/hoycordobaweb.com\/index.php\/wp-json\/wp\/v2\/comments?post=65232"}],"version-history":[{"count":0,"href":"http:\/\/hoycordobaweb.com\/index.php\/wp-json\/wp\/v2\/posts\/65232\/revisions"}],"wp:featuredmedia":[{"embeddable":true,"href":"http:\/\/hoycordobaweb.com\/index.php\/wp-json\/wp\/v2\/media\/65233"}],"wp:attachment":[{"href":"http:\/\/hoycordobaweb.com\/index.php\/wp-json\/wp\/v2\/media?parent=65232"}],"wp:term":[{"taxonomy":"category","embeddable":true,"href":"http:\/\/hoycordobaweb.com\/index.php\/wp-json\/wp\/v2\/categories?post=65232"},{"taxonomy":"post_tag","embeddable":true,"href":"http:\/\/hoycordobaweb.com\/index.php\/wp-json\/wp\/v2\/tags?post=65232"}],"curies":[{"name":"wp","href":"https:\/\/api.w.org\/{rel}","templated":true}]}}