{"id":65201,"date":"2023-08-19T12:19:00","date_gmt":"2023-08-19T12:19:00","guid":{"rendered":"http:\/\/hoycordobaweb.com\/index.php\/2023\/08\/19\/dos-detenidos-por-robos-de-camionetas-de-alta-gama-para-venderlas-en-paraguay\/"},"modified":"2023-08-19T12:19:00","modified_gmt":"2023-08-19T12:19:00","slug":"dos-detenidos-por-robos-de-camionetas-de-alta-gama-para-venderlas-en-paraguay","status":"publish","type":"post","link":"http:\/\/hoycordobaweb.com\/index.php\/2023\/08\/19\/dos-detenidos-por-robos-de-camionetas-de-alta-gama-para-venderlas-en-paraguay\/","title":{"rendered":"Dos detenidos por robos de camionetas de alta gama para venderlas en Paraguay"},"content":{"rendered":"<p><img src=\"http:\/\/hoycordobaweb.com\/wp-content\/uploads\/2023\/08\/dos-detenidos-por-robos-de-camionetas-de-alta-gama-para-venderlas-en-paraguay.jpg\"><\/p>\n<figure class=\"mb-3\"><img loading=\"lazy\" data-src=\"http:\/\/hoycordobaweb.com\/wp-content\/uploads\/2023\/08\/dos-detenidos-por-robos-de-camionetas-de-alta-gama-para-venderlas-en-paraguay-2.jpg\" src=\"https:\/\/www.telam.com.ar\/assets\/img\/not_image.png\" class=\" lazy \" width=\"100%\" height=\"100%\" alt=\"Hay dos detenidos por robo de camionetas de alta gama Foto polica\"><figcaption> Hay dos detenidos por robo de camionetas de alta gama. \/ Foto: polic\u00eda. <\/figcaption><\/figure>\n<p>Dos delincuentes dedicados al<strong> robo de camionetas de alta gama<\/strong> fueron detenidos luego de ser captados por el sistema de lectora de patentes del municipio bonaerense de <strong>Ituzaing\u00f3 <\/strong>y se estima que los veh\u00edculos eran refaccionados para luego sacarlos del pa\u00eds y venderlos en Paraguay, informaron este s\u00e1bado fuentes policiales y judiciales.<\/p>\n<p>Los informantes indicaron que gracias al Centro de Operaciones Municipal (COM) de Ituzaing\u00f3 se detect\u00f3 el paso de una camioneta marca Chevrolet Onix con pedido de secuestro activo.<\/p>\n<p>Tras ellos, <strong>la Polic\u00eda pudo localizar el veh\u00edculo cuando transitaba por calle Farrel y Colectora Acceso Oeste<\/strong>, donde tras producirse las detenciones se descubri\u00f3 que trasladaban 20 computadoras de veh\u00edculos Toyota, seis tambores de ignici\u00f3n de veh\u00edculos Toyota y cinco llaves de ignici\u00f3n de Toyota.<\/p>\n<figure class=\"mb-3\"><img loading=\"lazy\" data-src=\"http:\/\/hoycordobaweb.com\/wp-content\/uploads\/2023\/08\/dos-detenidos-por-robos-de-camionetas-de-alta-gama-para-venderlas-en-paraguay-3.jpg\" src=\"https:\/\/www.telam.com.ar\/assets\/img\/not_image.png\" class=\" lazy \" width=\"100%\" height=\"100%\" alt=\"Se estima que los vehculos eran refaccionados para luego sacarlos del pas y venderlos en Paraguay Foto polica\"><figcaption> Se estima que los veh\u00edculos eran refaccionados para luego sacarlos del pa\u00eds y venderlos en Paraguay. \/ Foto: polic\u00eda. <\/figcaption><\/figure>\n<p>Tambi\u00e9n ten\u00edan dos cajas de herramientas, seis chapas patente sin secuestro. Y un equipo de comunicaci\u00f3n \u00abhandy\u00bb utilizado para la comunicaci\u00f3n en el momento de los robos, ampli\u00f3 la informaci\u00f3n.<\/p>\n<p>Tras las detenciones en una vivienda de la calle Brandes al 2.600 de Ituzaing\u00f3 norte, se descubri\u00f3 tres camionetas marca Toyota con pedido de secuestro en plena restauraci\u00f3n, y la que estiman los investigadores que eran reformadas para sacarlas del pa\u00eds y venderlas en Paraguay.<\/p>\n<p>Los detenidos se encuentran en la Comisar\u00eda 2da de Ituzaing\u00f3 a disposici\u00f3n de la fiscal\u00eda descentralizada 2 a cargo del fiscal Patricio Ventrichelli, quien<strong> investiga si hay m\u00e1s integrantes de la banda con otras camionetas robadas<\/strong> en domicilios en el oeste del conurbano bonaerense. <\/p>\n","protected":false},"excerpt":{"rendered":"<p>Hay dos detenidos por robo de camionetas de alta gama. \/ Foto: polic\u00eda. Dos delincuentes dedicados al robo de camionetas de alta gama fueron detenidos luego de ser captados por el sistema de lectora de patentes del municipio bonaerense de Ituzaing\u00f3 y se estima que los veh\u00edculos eran refaccionados para luego sacarlos del pa\u00eds y [&hellip;]<\/p>\n","protected":false},"author":1,"featured_media":65202,"comment_status":"open","ping_status":"closed","sticky":false,"template":"","format":"standard","meta":[],"categories":[19],"tags":[],"_links":{"self":[{"href":"http:\/\/hoycordobaweb.com\/index.php\/wp-json\/wp\/v2\/posts\/65201"}],"collection":[{"href":"http:\/\/hoycordobaweb.com\/index.php\/wp-json\/wp\/v2\/posts"}],"about":[{"href":"http:\/\/hoycordobaweb.com\/index.php\/wp-json\/wp\/v2\/types\/post"}],"author":[{"embeddable":true,"href":"http:\/\/hoycordobaweb.com\/index.php\/wp-json\/wp\/v2\/users\/1"}],"replies":[{"embeddable":true,"href":"http:\/\/hoycordobaweb.com\/index.php\/wp-json\/wp\/v2\/comments?post=65201"}],"version-history":[{"count":0,"href":"http:\/\/hoycordobaweb.com\/index.php\/wp-json\/wp\/v2\/posts\/65201\/revisions"}],"wp:featuredmedia":[{"embeddable":true,"href":"http:\/\/hoycordobaweb.com\/index.php\/wp-json\/wp\/v2\/media\/65202"}],"wp:attachment":[{"href":"http:\/\/hoycordobaweb.com\/index.php\/wp-json\/wp\/v2\/media?parent=65201"}],"wp:term":[{"taxonomy":"category","embeddable":true,"href":"http:\/\/hoycordobaweb.com\/index.php\/wp-json\/wp\/v2\/categories?post=65201"},{"taxonomy":"post_tag","embeddable":true,"href":"http:\/\/hoycordobaweb.com\/index.php\/wp-json\/wp\/v2\/tags?post=65201"}],"curies":[{"name":"wp","href":"https:\/\/api.w.org\/{rel}","templated":true}]}}