{"id":65199,"date":"2023-08-19T12:23:00","date_gmt":"2023-08-19T12:23:00","guid":{"rendered":"http:\/\/hoycordobaweb.com\/index.php\/2023\/08\/19\/la-fractura-del-mas-amenaza-la-soberania-boliviana\/"},"modified":"2023-08-19T12:23:00","modified_gmt":"2023-08-19T12:23:00","slug":"la-fractura-del-mas-amenaza-la-soberania-boliviana","status":"publish","type":"post","link":"http:\/\/hoycordobaweb.com\/index.php\/2023\/08\/19\/la-fractura-del-mas-amenaza-la-soberania-boliviana\/","title":{"rendered":"La fractura del MAS amenaza la soberan\u00eda boliviana"},"content":{"rendered":"<p><img src=\"http:\/\/hoycordobaweb.com\/wp-content\/uploads\/2023\/08\/la-fractura-del-mas-amenaza-la-soberania-boliviana.jpg\"><\/p>\n<figure class=\"mb-3\"><img loading=\"lazy\" data-src=\"http:\/\/hoycordobaweb.com\/wp-content\/uploads\/2023\/08\/la-fractura-del-mas-amenaza-la-soberania-boliviana-2.jpg\" src=\"https:\/\/www.telam.com.ar\/assets\/img\/not_image.png\" class=\" lazy \" width=\"100%\" height=\"100%\" alt=\"Evo Morales y Luis Arce antes de la crisis Foto AFP\"><figcaption> Evo Morales y Luis Arce antes de la crisis. Foto: AFP. <\/figcaption><\/figure>\n<p>El narcotr\u00e1fico se ha convertido en un actor pol\u00edtico en todos los pa\u00edses de Am\u00e9rica Latina. Aunque m\u00e1s no sea por su capacidad para deslegitimar a l\u00edderes pol\u00edticos, las redes de traficantes son catalizadores que complican y agudizan los conflictos pol\u00edticos normales en nuestras sociedades. Detr\u00e1s del narcotr\u00e1fico est\u00e1 la DEA estadounidense, sea como reguladora o administradora de este sector de la econom\u00eda. Si, adem\u00e1s, este debilitamiento de la autoridad del Estado se combina con la tendencia de muchos dirigentes a maximizar las diferencias entre ellos, se debilita el poder del Estado, con gran provecho para los proyectos reaccionarios y las potencias extranjeras que acechan para reinstalar el autoritarismo y el coloniaje. \u00c9sta podr\u00eda ser la s\u00edntesis de la crisis boliviana actual.<\/p>\n<p>El exvicepresidente boliviano \u00c1lvaro Garc\u00eda Linera hizo este jueves 17 un llamado al presidente de Bolivia, Luis Arce, y al exmandatario y l\u00edder del Movimiento al Socialismo-Instrumento Pol\u00edtico para la Soberan\u00eda de los Pueblos (MAS-IPSP), Evo Morales, para que resuelvan pac\u00edficamente las crecientes diferencias y tensiones internas entre ellos. Hablando con el diario pace\u00f1o La Raz\u00f3n, Garc\u00eda opin\u00f3 que \u201cesto ya se resuelve s\u00f3lo a nivel de Evo y Luis\u201d y manifest\u00f3 su temor de que la derecha saque r\u00e9dito del enfrentamiento entre el MAS y el gobierno.<\/p>\n<p>La declaraci\u00f3n del exvicepresidente se produjo despu\u00e9s de que este mismo jueves Evo Morales volviera a acusar al gobierno de armar un plan para encarcelarlo, denunciara el hostigamiento y la denigraci\u00f3n contra militantes que le son leales y cuestionara a \u201clos operadores del divisionismo, la traici\u00f3n y el oportunismo\u201d.<\/p>\n<p>Ya el mi\u00e9rcoles 16 la conducci\u00f3n del MAS-IPSP hab\u00eda anunciado que, si Luis Arce pretende buscar su reelecci\u00f3n, deber\u00e1 hacerlo por otra fuerza y renunciar al cargo, para no tener la ventaja de competir desde la presidencia.<\/p>\n<p>Del otro lado, el ministro de Justicia Iv\u00e1n Lima, quien anunci\u00f3 esta semana que llevar\u00e1 a la justicia a Morales acus\u00e1ndolo de \u201cdifamaci\u00f3n\u201d, aclar\u00f3 este jueves que la demanda es \u201cde car\u00e1cter personal y no compromete al gobierno ni al ministerio de Justicia, porque es un tema privado\u201d.<\/p>\n<figure class=\"mb-3\"><img loading=\"lazy\" data-src=\"http:\/\/hoycordobaweb.com\/wp-content\/uploads\/2023\/08\/la-fractura-del-mas-amenaza-la-soberania-boliviana-3.jpg\" src=\"https:\/\/www.telam.com.ar\/assets\/img\/not_image.png\" class=\" lazy \" width=\"100%\" height=\"100%\" alt=\"Presidente Luis Arce Foto AFP\"><figcaption> Presidente Luis Arce. Foto: AFP. <\/figcaption><\/figure>\n<p>La decisi\u00f3n del liderazgo masista \u2013una ruptura definitiva con el gobierno de Luis Arce- se dio al d\u00eda siguiente de que se conociera una carta abierta del narcotraficante uruguayo Sebasti\u00e1n Marset al ministro de Gobierno Eduardo del Castillo. El documento sucedi\u00f3 a la aprehensi\u00f3n el lunes de dos miembros de su banda en ocasi\u00f3n de un allanamiento de la mansi\u00f3n que Marset tiene en Santa Cruz. El criminal, buscado en Argentina, Bolivia, Brasil, Paraguay y Uruguay, escap\u00f3 poco antes del operativo.<\/p>\n<p>En su misiva el narco llam\u00f3 \u201csapo\u201d al ministro, del que dijo que participa en la actividad il\u00edcita bajo el seud\u00f3nimo de \u201cSonia\u201d. \u201cAl sapo se le termin\u00f3 la info y no me encontraste?? BURROOOOOOOO\u201d. \u201cNo quieras quedar bien con tu pueblo porque ya est\u00e1s bien manchado. Ac\u00e1, el \u00fanico falso sos vos, \u00a1que no te decid\u00eds si sos pol\u00edtico o narco!\u201d.<\/p>\n<p>Ya hace un mes el ministro Castillo hab\u00eda sido censurado por la Asamblea Plurinacional Legislativa (APL) con los votos de la oposici\u00f3n y del sector del MAS que responde a Evo Morales. No obstante, el voto parlamentario, empero, el presidente ratific\u00f3 entonces al ministro en su cargo.<\/p>\n<p>En este contexto no contribuye a la pacificaci\u00f3n de los \u00e1nimos que este jueves el fiscal general de La Paz haya enviado a prisi\u00f3n preventiva a Jhony Mamani, gobernador del Departamento de Potos\u00ed, en el sur del pa\u00eds. Seg\u00fan el procurador, se detectaron \u201cmovimientos sospechosos\u201d en las cuentas del gobernador, a quien se acusa de estar involucrado en una maniobra de lavado de dinero relacionada con la introducci\u00f3n irregular a Bolivia de 87 autom\u00f3viles.<\/p>\n<p>Al mismo tiempo el Grupo de Expertos Interdisciplinario, que investig\u00f3 la masacre de Senkata en la que el gobierno golpista de Janine A\u00f1ez asesin\u00f3 en noviembre de 2019 a decenas de personas durante las protestas realizadas en El Alto contra el alzamiento, se quej\u00f3 de que, pasados casi dos a\u00f1os desde los hechos, el gobierno de Luis Arce no ha llevado a juicio a los responsables ni ha reparado a las familias de los muertos.<\/p>\n<p>No obstante, las diferencias, a pesar de la fractura del MAS-IPSP y de las concesiones que el gobierno de Arce ha hecho a la derecha cruce\u00f1a, no hay indicios de que est\u00e9 cambiando su orientaci\u00f3n y acerc\u00e1ndose a EE.UU. Muy por el contrario: seg\u00fan informa Infobae, el 16 de agosto el comandante de las fuerzas armadas de Bolivia, general Hugo Eduardo Arandia, se reuni\u00f3 en Mosc\u00fa con el viceministro de Defensa, Alexandr Fomin, y, de acuerdo a la agencia EFE, ambos ratificaron \u201cla disposici\u00f3n mutua de profundizar el di\u00e1logo y la interacci\u00f3n pr\u00e1ctica, con el fin de llevar a cabo actividades conjuntas de inter\u00e9s mutuo\u201d. Tambi\u00e9n se encontr\u00f3 all\u00ed con el comandante de la Fuerza Armada Nacional Bolivariana (FANB) de Venezuela, Renier Enrique Urb\u00e1ez, para intercambiar experiencias.<\/p>\n<p>Si se tiene en cuenta que el domingo 13 lleg\u00f3 a Bolivia la primera vasija del reactor nuclear experimental que Bolivia compr\u00f3 a Rusia y que se instalar\u00e1 en El Alto, resulta claro que los v\u00ednculos entre ambos pa\u00edses se incrementan d\u00eda a d\u00eda. O sea que el enfrentamiento entre ambas facciones no responde a diferentes enfoques sobre el alineamiento internacional del pa\u00eds.<\/p>\n<figure class=\"mb-3\"><img loading=\"lazy\" data-src=\"http:\/\/hoycordobaweb.com\/wp-content\/uploads\/2023\/08\/la-fractura-del-mas-amenaza-la-soberania-boliviana-4.jpg\" src=\"https:\/\/www.telam.com.ar\/assets\/img\/not_image.png\" class=\" lazy \" width=\"100%\" height=\"100%\" alt=\"El exvicepresidente lvaro Garca Linera hizo un llamado a Luis Arce y Evo Morales para resolver el conflicto\"><figcaption> El exvicepresidente \u00c1lvaro Garc\u00eda Linera hizo un llamado a Luis Arce y Evo Morales para resolver el conflicto. <\/figcaption><\/figure>\n<p>\u00daltimamente Evo Morales est\u00e1 utilizando varias veces por d\u00eda la plataforma X, para atacar al gobierno de Luis Arce. Seg\u00fan el expresidente, el ministro de Justicia Iv\u00e1n Lima, los diputados llamados \u201crenovadores\u201d y un grupo de jueces quieren postergar indefinidamente la elecci\u00f3n de las autoridades superiores del Poder Judicial que reemplazar\u00e1n a los que concluyen su mandato en cuatro meses. Seg\u00fan la Constituci\u00f3n de 2009, las m\u00e1ximas autoridades del Poder Judicial son elegidas por el pueblo por un per\u00edodo de cinco a\u00f1os. La pr\u00f3xima elecci\u00f3n deber\u00eda realizarse en diciembre de 2023. Para justificar la postergaci\u00f3n de esta elecci\u00f3n, argumenta, inician un proceso contra \u00e9l que lo inhibir\u00eda para presentarse a la reelecci\u00f3n en 2025.<\/p>\n<p>El indiscutido l\u00edder del MAS-IPSP acusa, adem\u00e1s, al ministro de que su estudio de abogac\u00eda (ahora regenteado por su hermano) representa a una empresa que procesa contra el Estado por 35 millones de d\u00f3lares. Su furia tambi\u00e9n se dirige contra dos magistrados del Tribunal Constitucional que tratan de impedir el pr\u00f3ximo congreso del MAS-IPSP del 3 al 5 de octubre pr\u00f3ximo en Lauca-\u00d1, en el tr\u00f3pico de Cochabamba.<\/p>\n<p>En junio pasado la dirigencia del MAS, liderada por Morales, hab\u00eda definido realizar all\u00ed su congreso ordinario y elegir a su nueva direcci\u00f3n. Contra esta decisi\u00f3n d\u00edas despu\u00e9s surgieron pedidos de algunos dirigentes del ala arcista, para trasladar el encuentro a El Alto. Este pedido gener\u00f3 una nueva disputa interna en el partido gobernante.<\/p>\n<p>Seg\u00fan afirm\u00f3 el vicepresidente del MAS, Gerardo Garc\u00eda, en el congreso partidario se sancionar\u00e1 al binomio presidencial por \u201cfaltas graves\u201d.<\/p>\n<p>Seg\u00fan el exministro Hugo M\u00f3ldiz, alineado con Arce, la crisis dentro del MAS-IPSP tiene que ver con la ausencia de un espacio de resoluci\u00f3n de las contradicciones y tensiones que se produjeron, porque, por primera vez desde 2005, el liderazgo pol\u00edtico y el del gobierno no coinciden en la misma persona.<\/p>\n<p>Por su parte, el abogado de derechos humanos Nelson Cox, partidario de Evo, sostiene que el entorno de Luis Arce le ha hecho creer que es el nuevo referente de Bolivia y palad\u00edn del MAS y que su v\u00ednculo con Evo Morales lo perjudica.<\/p>\n<p>A su vez, el exministro de Miner\u00eda Isaac Pimentel argumenta que no hay tendencias, son simpat\u00edas e intereses. El MAS-IPSP es un instrumento de las organizaciones sociales, en s\u00ed no es un partido, explica. Paulatinamente, la exigencia de una gesti\u00f3n acelerada y eficiente hizo que los dirigentes de la primera hora fueran sustituidos en el gobierno por profesionales, mientras que los sectores sociales del movimiento se convert\u00edan en beneficiarios, delegando su funci\u00f3n dirigencial. La gesti\u00f3n gubernamental ha tenido un acompa\u00f1amiento de las organizaciones sociales, pero no la orientaci\u00f3n y direcci\u00f3n de las mismas, dice el exministro. Esta falta de reflexi\u00f3n sobre la pr\u00e1ctica, a\u00f1ade, ha dificultado la profundizaci\u00f3n del Proceso de Cambio y que se prevean errores.<\/p>\n<p>Esta retracci\u00f3n de la participaci\u00f3n popular habr\u00eda trasvasado el protagonismo a las elites que, entonces, se encerraron en su mundo y potenciaron sus desavenencias. Lo que al principio eran diferencias de estilo y de temperamento se han ido convirtiendo en diferencias ideol\u00f3gicas y estrat\u00e9gicas.<\/p>\n<p>Ambas facciones dicen ambicionar la unidad, pero se achacan mutuamente haberla roto. Acusaciones mutuas de traici\u00f3n facilitan el camino a la derecha. Hacia las elecciones de 2025 se vislumbra en el oficialismo un escenario de divisi\u00f3n que la derecha s\u00f3lo por ahora no capitaliza, porque tambi\u00e9n est\u00e1 fragmentada. Algunos dirigentes esperan que en esa puja medie la tercera v\u00eda dentro del oficialismo representada por el joven presidente del Senado, Andr\u00f3nico Rodr\u00edguez, un dirigente cocalero del Tr\u00f3pico de Cochabamba y tercero en el orden de sucesi\u00f3n, quien se reconoce en el liderazgo hist\u00f3rico de Evo, aunque trata de hacer equilibrio en la interna, para que el gobierno no termine acorralado por su propio partido.<\/p>\n<p>Ning\u00fan conflicto pol\u00edtico o social se libra en el vac\u00edo. Como ilustra la evasi\u00f3n de Marset, el narcotr\u00e1fico inficiona toda la pol\u00edtica y las sociedades de nuestro continente y detr\u00e1s del narcotr\u00e1fico est\u00e1 la DEA norteamericana, sea como promotora, reguladora o administradora de ese sector de la econom\u00eda mundial. El narcotr\u00e1fico se nutre de la debilidad de los estados latinoamericanos y caribe\u00f1os. Quien debilite la capacidad regulatoria de nuestros estados est\u00e1, por consiguiente, favoreciendo su reca\u00edda en el colonialismo y la dependencia respecto a la mayor potencia del continente.<\/p>\n<li>Las opiniones expresadas son responsabilidad exclusiva del autor\/autora y no representan necesariamente la posici\u00f3n de la agencia.<\/li>\n","protected":false},"excerpt":{"rendered":"<p>Evo Morales y Luis Arce antes de la crisis. Foto: AFP. El narcotr\u00e1fico se ha convertido en un actor pol\u00edtico en todos los pa\u00edses de Am\u00e9rica Latina. Aunque m\u00e1s no sea por su capacidad para deslegitimar a l\u00edderes pol\u00edticos, las redes de traficantes son catalizadores que complican y agudizan los conflictos pol\u00edticos normales en nuestras [&hellip;]<\/p>\n","protected":false},"author":1,"featured_media":65200,"comment_status":"open","ping_status":"closed","sticky":false,"template":"","format":"standard","meta":[],"categories":[19],"tags":[],"_links":{"self":[{"href":"http:\/\/hoycordobaweb.com\/index.php\/wp-json\/wp\/v2\/posts\/65199"}],"collection":[{"href":"http:\/\/hoycordobaweb.com\/index.php\/wp-json\/wp\/v2\/posts"}],"about":[{"href":"http:\/\/hoycordobaweb.com\/index.php\/wp-json\/wp\/v2\/types\/post"}],"author":[{"embeddable":true,"href":"http:\/\/hoycordobaweb.com\/index.php\/wp-json\/wp\/v2\/users\/1"}],"replies":[{"embeddable":true,"href":"http:\/\/hoycordobaweb.com\/index.php\/wp-json\/wp\/v2\/comments?post=65199"}],"version-history":[{"count":0,"href":"http:\/\/hoycordobaweb.com\/index.php\/wp-json\/wp\/v2\/posts\/65199\/revisions"}],"wp:featuredmedia":[{"embeddable":true,"href":"http:\/\/hoycordobaweb.com\/index.php\/wp-json\/wp\/v2\/media\/65200"}],"wp:attachment":[{"href":"http:\/\/hoycordobaweb.com\/index.php\/wp-json\/wp\/v2\/media?parent=65199"}],"wp:term":[{"taxonomy":"category","embeddable":true,"href":"http:\/\/hoycordobaweb.com\/index.php\/wp-json\/wp\/v2\/categories?post=65199"},{"taxonomy":"post_tag","embeddable":true,"href":"http:\/\/hoycordobaweb.com\/index.php\/wp-json\/wp\/v2\/tags?post=65199"}],"curies":[{"name":"wp","href":"https:\/\/api.w.org\/{rel}","templated":true}]}}