{"id":65173,"date":"2023-08-18T21:43:49","date_gmt":"2023-08-18T21:43:49","guid":{"rendered":"https:\/\/ladecimaweb.com\/?p=18802"},"modified":"2023-08-18T21:43:49","modified_gmt":"2023-08-18T21:43:49","slug":"en-las-carceles-el-ganador-de-las-paso-fue-massa","status":"publish","type":"post","link":"http:\/\/hoycordobaweb.com\/index.php\/2023\/08\/18\/en-las-carceles-el-ganador-de-las-paso-fue-massa\/","title":{"rendered":"En las c\u00e1rceles el ganador de las Paso fue Massa"},"content":{"rendered":"<div class=\"boldgrid-section\">\n<div class=\"container\">\n<div class=\"row\">\n<div class=\"col-md-12 col-xs-12 col-sm-12\">\n<p><strong>El postulante presidencial de Uni\u00f3n por la Patria<span>&nbsp;<\/span><a href=\"https:\/\/noticiasargentinas.com\/economia\/massa-y-dura-frase-sobre-el-momento-economico-a-mi-me-toco-tomar-el-tomuer-frio\" target=\"_blank\" rel=\"noopener noreferrer\">Sergio Massa<\/a><span>&nbsp;<\/span>fue el m\u00e1s elegido entre los presos que votaron en las PASO del domingo pasado, mientras que el de la Libertad Avanza Javier Milei qued\u00f3 segundo<\/strong><span>&nbsp;<\/span>y la sumatoria de Juntos por el Cambio (Patricia Bullrich y Horacio Rodr\u00edguez Larreta) consigui\u00f3 el tercer puesto en las c\u00e1rceles del pa\u00eds.<\/p>\n<p>Esto se desprende de los datos del escrutinio definitivo de la C\u00e1mara Nacional Electoral.<strong><span>&nbsp;<\/span>En total, votaron 22.613 personas detenidas, sobre un padr\u00f3n total de 69.520.<\/strong><span>&nbsp;<\/span>De acuerdo al informe, los candidatos oficialistas (Massa y Juan Grabois) recibieron 9.253 votos.<\/p>\n<p><strong>Por su parte, La Libertad Avanza (se postul\u00f3 solo Milei) obtuvo 3.248 y los de Juntos por el Cambio fueron votados por 2.387 presos<\/strong>. Adem\u00e1s hubo 5.052 votos blancos y nulos.<\/p>\n<p>En cuanto a la lista m\u00e1s votada en Uni\u00f3n por la Patria, Celeste y Blanca fue la m\u00e1s elegida con la f\u00f3rmula Sergio Massa-Agust\u00edn Rossi, que tuvo 8.261 votos, frente a los 992 de la boleta de Juan Grabois-Paula Abal Medina. Milei, por su parte, recibi\u00f3 3.248 votos de personas privadas de su libertad. Y en Juntos por el Cambio, Horacio Rodr\u00edguez Larreta-Gerardo Morales consigui\u00f3 1.307 votos, mientras que Patricia Bullrich-Luis Petri fueron elegidos por 1.080 detenidos.<\/p>\n<p class=\"\"><strong>De esta forma, tras las rejas no se vio reflejado el mismo escenario de &#8220;tercios&#8221; que arrojaron las PASO, ya que Massa obtuvo un primer lugar con buena diferencia, Milei qued\u00f3 en un segundo puesto<\/strong>, lejos del dirigente oficialista, y JxC a\u00fan m\u00e1s relegado.<\/p>\n<p>En las PASO de las elecciones legislativas de hace dos a\u00f1os, el resultado de la votaci\u00f3n en las c\u00e1rceles hab\u00eda presentado un dato de color, que hab\u00eda sido la buena performance de la entonces precandidata a diputada por la fuerza Unite por Buenos Aires, la vedette Cinthia Fern\u00e1ndez.<\/p>\n<p class=\"\">La modelo obtuvo el 10% de los votos entre los presos bonaerenses y qued\u00f3 en el segundo lugar, cuando su cosecha de sufragios fuera de las c\u00e1rceles hab\u00eda sido muy magra, sin lograr superar el piso del 1,5% de los votos que exige la ley electoral para poder competir luego en las elecciones generales.<\/p>\n<p>&nbsp;<\/p>\n<p class=\"\">\n<div class=\"ubm_banner\"><a href=\"http:\/\/www.cba.gov.ar\/prevencion-incendios\" target=\"_blank\" rel=\"dofollow noopener noreferrer\"><img src=\"http:\/\/hoycordobaweb.com\/wp-content\/uploads\/2023\/08\/en-las-carceles-el-ganador-de-las-paso-fue-massa.gif\" alt=\"\"><\/a><\/div>\n<\/div>\n<\/div>\n<\/div>\n<\/div>\n<p>La entrada <a rel=\"nofollow\" href=\"https:\/\/ladecimaweb.com\/en-las-carceles-el-ganador-de-las-paso-fue-massa\/\">En las c\u00e1rceles el ganador de las Paso fue Massa<\/a> se public\u00f3 primero en <a rel=\"nofollow\" href=\"https:\/\/ladecimaweb.com\">LaDecima<\/a>.<\/p>\n","protected":false},"excerpt":{"rendered":"<p>El postulante presidencial de Uni\u00f3n por la Patria&nbsp;Sergio Massa&nbsp;fue el m\u00e1s elegido entre los presos que votaron en las PASO del domingo pasado, mientras que el de la Libertad Avanza Javier Milei qued\u00f3 segundo&nbsp;y la sumatoria de Juntos por el Cambio (Patricia Bullrich y Horacio Rodr\u00edguez Larreta) consigui\u00f3 el tercer puesto en las c\u00e1rceles del [&hellip;]<\/p>\n","protected":false},"author":1,"featured_media":65174,"comment_status":"closed","ping_status":"closed","sticky":false,"template":"","format":"standard","meta":[],"categories":[19],"tags":[],"_links":{"self":[{"href":"http:\/\/hoycordobaweb.com\/index.php\/wp-json\/wp\/v2\/posts\/65173"}],"collection":[{"href":"http:\/\/hoycordobaweb.com\/index.php\/wp-json\/wp\/v2\/posts"}],"about":[{"href":"http:\/\/hoycordobaweb.com\/index.php\/wp-json\/wp\/v2\/types\/post"}],"author":[{"embeddable":true,"href":"http:\/\/hoycordobaweb.com\/index.php\/wp-json\/wp\/v2\/users\/1"}],"replies":[{"embeddable":true,"href":"http:\/\/hoycordobaweb.com\/index.php\/wp-json\/wp\/v2\/comments?post=65173"}],"version-history":[{"count":0,"href":"http:\/\/hoycordobaweb.com\/index.php\/wp-json\/wp\/v2\/posts\/65173\/revisions"}],"wp:featuredmedia":[{"embeddable":true,"href":"http:\/\/hoycordobaweb.com\/index.php\/wp-json\/wp\/v2\/media\/65174"}],"wp:attachment":[{"href":"http:\/\/hoycordobaweb.com\/index.php\/wp-json\/wp\/v2\/media?parent=65173"}],"wp:term":[{"taxonomy":"category","embeddable":true,"href":"http:\/\/hoycordobaweb.com\/index.php\/wp-json\/wp\/v2\/categories?post=65173"},{"taxonomy":"post_tag","embeddable":true,"href":"http:\/\/hoycordobaweb.com\/index.php\/wp-json\/wp\/v2\/tags?post=65173"}],"curies":[{"name":"wp","href":"https:\/\/api.w.org\/{rel}","templated":true}]}}