{"id":65145,"date":"2023-08-18T12:14:00","date_gmt":"2023-08-18T12:14:00","guid":{"rendered":"http:\/\/hoycordobaweb.com\/index.php\/2023\/08\/18\/la-policia-bonaerense-detuvo-a-un-hombre-por-violencia-de-genero-y-rescato-a-su-pareja\/"},"modified":"2023-08-18T12:14:00","modified_gmt":"2023-08-18T12:14:00","slug":"la-policia-bonaerense-detuvo-a-un-hombre-por-violencia-de-genero-y-rescato-a-su-pareja","status":"publish","type":"post","link":"http:\/\/hoycordobaweb.com\/index.php\/2023\/08\/18\/la-policia-bonaerense-detuvo-a-un-hombre-por-violencia-de-genero-y-rescato-a-su-pareja\/","title":{"rendered":"La Polic\u00eda bonaerense detuvo a un hombre por violencia de g\u00e9nero y rescat\u00f3 a su pareja"},"content":{"rendered":"<p><img src=\"http:\/\/hoycordobaweb.com\/wp-content\/uploads\/2023\/08\/la-policia-bonaerense-detuvo-a-un-hombre-por-violencia-de-genero-y-rescato-a-su-pareja.jpg\"><\/p>\n<figure class=\"mb-3\"><img loading=\"lazy\" data-src=\"http:\/\/hoycordobaweb.com\/wp-content\/uploads\/2023\/08\/la-policia-bonaerense-detuvo-a-un-hombre-por-violencia-de-genero-y-rescato-a-su-pareja-2.jpg\" src=\"https:\/\/www.telam.com.ar\/assets\/img\/not_image.png\" class=\" lazy \" width=\"100%\" height=\"100%\" alt=\"La joven fue asistida por el hombre y su mujer en un auto Fiat Duna rojo y pasaba por el barrio Captura de video\"><figcaption> La joven fue asistida por el hombre y su mujer en un auto Fiat Duna rojo y pasaba por el barrio. Captura de video <\/figcaption><\/figure>\n<p>Una mujer de 23 a\u00f1os fue rescatada por la polic\u00eda tras lograr saltar de una camioneta en la que su pareja, que fue detenido, la hab\u00eda golpeado.<\/p>\n<p>Todo pas\u00f3 en el partido de Lan\u00fas durante la madrugada de este viernes, luego de que otra pareja que pasaba por la zona alertara a la l\u00ednea de emergencia policial sobre la golpiza del agresor a una mujer en una camioneta Chevrolet S10 cuando iban por la calle Talcahuano y Obon de Lan\u00fas Oeste, donde la mujer pudo bajarse del veh\u00edculo para resguardarse y pedir ayuda a los gritos a los vecinos.<\/p>\n<p>En ese momento, la joven fue asistida por el hombre y su mujer en un auto Fiat Duna rojo y pasaba por el barrio, ampl\u00eda la informaci\u00f3n.<\/p>\n<p>El personal del Centro Operativo de Monitoreo logr\u00f3 ubicar la camioneta cuando iba por Warnes y Osorio, y mediante un operativo cerrojo detuvieron al agresor al que luego trasladaron a la Comisar\u00eda 5\u00aa de Villa Diamante donde fue identificado y puesto a disposici\u00f3n de la justicia.<\/p>\n<p>Por otra parte, la v\u00edctima fue atendida en la Unidad de Primeros Auxilios, donde constataron lesiones en su mano derecha y en el labio causado por golpes.<\/p>\n","protected":false},"excerpt":{"rendered":"<p>La joven fue asistida por el hombre y su mujer en un auto Fiat Duna rojo y pasaba por el barrio. Captura de video Una mujer de 23 a\u00f1os fue rescatada por la polic\u00eda tras lograr saltar de una camioneta en la que su pareja, que fue detenido, la hab\u00eda golpeado. Todo pas\u00f3 en el [&hellip;]<\/p>\n","protected":false},"author":1,"featured_media":65146,"comment_status":"open","ping_status":"closed","sticky":false,"template":"","format":"standard","meta":[],"categories":[19],"tags":[],"_links":{"self":[{"href":"http:\/\/hoycordobaweb.com\/index.php\/wp-json\/wp\/v2\/posts\/65145"}],"collection":[{"href":"http:\/\/hoycordobaweb.com\/index.php\/wp-json\/wp\/v2\/posts"}],"about":[{"href":"http:\/\/hoycordobaweb.com\/index.php\/wp-json\/wp\/v2\/types\/post"}],"author":[{"embeddable":true,"href":"http:\/\/hoycordobaweb.com\/index.php\/wp-json\/wp\/v2\/users\/1"}],"replies":[{"embeddable":true,"href":"http:\/\/hoycordobaweb.com\/index.php\/wp-json\/wp\/v2\/comments?post=65145"}],"version-history":[{"count":0,"href":"http:\/\/hoycordobaweb.com\/index.php\/wp-json\/wp\/v2\/posts\/65145\/revisions"}],"wp:featuredmedia":[{"embeddable":true,"href":"http:\/\/hoycordobaweb.com\/index.php\/wp-json\/wp\/v2\/media\/65146"}],"wp:attachment":[{"href":"http:\/\/hoycordobaweb.com\/index.php\/wp-json\/wp\/v2\/media?parent=65145"}],"wp:term":[{"taxonomy":"category","embeddable":true,"href":"http:\/\/hoycordobaweb.com\/index.php\/wp-json\/wp\/v2\/categories?post=65145"},{"taxonomy":"post_tag","embeddable":true,"href":"http:\/\/hoycordobaweb.com\/index.php\/wp-json\/wp\/v2\/tags?post=65145"}],"curies":[{"name":"wp","href":"https:\/\/api.w.org\/{rel}","templated":true}]}}