{"id":65113,"date":"2023-08-18T00:17:00","date_gmt":"2023-08-18T00:17:00","guid":{"rendered":"https:\/\/ladecimaweb.com\/?p=18761"},"modified":"2023-08-18T00:17:00","modified_gmt":"2023-08-18T00:17:00","slug":"ypf-sube-125-los-combustibles-y-congelan-el-valor-hasta-octubre","status":"publish","type":"post","link":"http:\/\/hoycordobaweb.com\/index.php\/2023\/08\/18\/ypf-sube-125-los-combustibles-y-congelan-el-valor-hasta-octubre\/","title":{"rendered":"YPF sube 12,5% los combustibles y congelan el valor hasta octubre"},"content":{"rendered":"<div class=\"boldgrid-section\">\n<div class=\"container\">\n<div class=\"row\">\n<div class=\"col-md-12 col-xs-12 col-sm-12\">\n<p><span>La petrolera estatal&nbsp;<\/span><strong>YPF aumentar\u00e1 12,5% el precio de sus combustibles a partir de esta medianoche<\/strong><span>.<\/span><\/p>\n<p>Se suma a las otras empresas que ya anunciaron incrementos en sus valores, aunque aclararon que luego se congelar\u00e1 el precio en todas las marcas hasta el 31 de octubre.<\/p>\n<p class=\"\">El pasado martes, a ra\u00edz de la devaluaci\u00f3n impulsada por Sergio Massa tras las PASO, las empresas Shell, AXION y Puma hab\u00edan anunciado subas en sus precios.<\/p>\n<p>En esa oportunidad, la empresa estatal hab\u00eda dicho que &#8220;por ahora&#8221; no tomar\u00eda una decisi\u00f3n similar. Sin embargo, este jueves cambi\u00f3 de opini\u00f3n.<\/p>\n<p class=\"\">&#8220;Este acuerdo implica que el aumento ser\u00e1 el \u00faltimo hasta el 31 de octubre. Entramos en un programa en el que no habr\u00e1 nuevos aumentos de combustibles. Parte de la devaluaci\u00f3n la termina asumiendo el consumidor, una parte las empresas y una parte la termina asumiendo el Estado, que va a resignar parte de los recursos que cobra en impuestos a las empresas de combustibles&#8221;, anunci\u00f3 Sergio Massa a trav\u00e9s de un mensaje grabado.<\/p>\n<p class=\"\">El ministro agreg\u00f3 que &#8220;parte de la ca\u00edda que representa la p\u00e9rdida de exportaciones y de actividad por la sequ\u00eda brutal se ve compensada por el enorme crecimiento del sector de gas y petr\u00f3leo con respecto al a\u00f1o pasado. Y lo importante es que la actividad llega al bolsillo de forma ordenada&#8221;.<\/p>\n<p class=\"\">&#8220;Esto sirve para llevarle certidumbre y tranquilidad a la gente en un momento en que la decisi\u00f3n del Fondo de imponer una devaluaci\u00f3n genera distorsi\u00f3n en muchos de los precios de la econom\u00eda. Este es un precio central, es clave ponerle un rumbo y una certeza de mediano plazo&#8221;, concluy\u00f3.<\/p>\n<p class=\"\"><em>Foto: En los \u00faltimos d\u00edas los consumidores vinieron venir el nuevo aumento y se adelantaron a llenar los tanques.&nbsp;<\/em><\/p>\n<p>&nbsp;<\/p>\n<p class=\"\">\n<div class=\"ubm_banner\"><a href=\"http:\/\/www.cba.gov.ar\/prevencion-incendios\" target=\"_blank\" rel=\"dofollow noopener noreferrer\"><img src=\"http:\/\/hoycordobaweb.com\/wp-content\/uploads\/2023\/08\/ypf-sube-125-los-combustibles-y-congelan-el-valor-hasta-octubre.gif\" alt=\"\"><\/a><\/div>\n<\/div>\n<\/div>\n<\/div>\n<\/div>\n<p>La entrada <a rel=\"nofollow\" href=\"https:\/\/ladecimaweb.com\/ypf-sube-125-los-combustibles-y-congelan-el-valor-hasta-octubre\/\">YPF sube 12,5% los combustibles y congelan el valor hasta octubre<\/a> se public\u00f3 primero en <a rel=\"nofollow\" href=\"https:\/\/ladecimaweb.com\">LaDecima<\/a>.<\/p>\n","protected":false},"excerpt":{"rendered":"<p>La petrolera estatal&nbsp;YPF aumentar\u00e1 12,5% el precio de sus combustibles a partir de esta medianoche. Se suma a las otras empresas que ya anunciaron incrementos en sus valores, aunque aclararon que luego se congelar\u00e1 el precio en todas las marcas hasta el 31 de octubre. El pasado martes, a ra\u00edz de la devaluaci\u00f3n impulsada por [&hellip;]<\/p>\n","protected":false},"author":1,"featured_media":65114,"comment_status":"closed","ping_status":"closed","sticky":false,"template":"","format":"standard","meta":[],"categories":[19],"tags":[],"_links":{"self":[{"href":"http:\/\/hoycordobaweb.com\/index.php\/wp-json\/wp\/v2\/posts\/65113"}],"collection":[{"href":"http:\/\/hoycordobaweb.com\/index.php\/wp-json\/wp\/v2\/posts"}],"about":[{"href":"http:\/\/hoycordobaweb.com\/index.php\/wp-json\/wp\/v2\/types\/post"}],"author":[{"embeddable":true,"href":"http:\/\/hoycordobaweb.com\/index.php\/wp-json\/wp\/v2\/users\/1"}],"replies":[{"embeddable":true,"href":"http:\/\/hoycordobaweb.com\/index.php\/wp-json\/wp\/v2\/comments?post=65113"}],"version-history":[{"count":0,"href":"http:\/\/hoycordobaweb.com\/index.php\/wp-json\/wp\/v2\/posts\/65113\/revisions"}],"wp:featuredmedia":[{"embeddable":true,"href":"http:\/\/hoycordobaweb.com\/index.php\/wp-json\/wp\/v2\/media\/65114"}],"wp:attachment":[{"href":"http:\/\/hoycordobaweb.com\/index.php\/wp-json\/wp\/v2\/media?parent=65113"}],"wp:term":[{"taxonomy":"category","embeddable":true,"href":"http:\/\/hoycordobaweb.com\/index.php\/wp-json\/wp\/v2\/categories?post=65113"},{"taxonomy":"post_tag","embeddable":true,"href":"http:\/\/hoycordobaweb.com\/index.php\/wp-json\/wp\/v2\/tags?post=65113"}],"curies":[{"name":"wp","href":"https:\/\/api.w.org\/{rel}","templated":true}]}}