{"id":65111,"date":"2023-08-18T01:17:00","date_gmt":"2023-08-18T01:17:00","guid":{"rendered":"http:\/\/hoycordobaweb.com\/index.php\/2023\/08\/18\/llego-a-las-costas-turcas-el-carguero-que-zarpo-desde-ucrania-pese-al-bloqueo-ruso\/"},"modified":"2023-08-18T01:17:00","modified_gmt":"2023-08-18T01:17:00","slug":"llego-a-las-costas-turcas-el-carguero-que-zarpo-desde-ucrania-pese-al-bloqueo-ruso","status":"publish","type":"post","link":"http:\/\/hoycordobaweb.com\/index.php\/2023\/08\/18\/llego-a-las-costas-turcas-el-carguero-que-zarpo-desde-ucrania-pese-al-bloqueo-ruso\/","title":{"rendered":"Lleg\u00f3 a las costas turcas el carguero que zarp\u00f3 desde Ucrania pese al bloqueo ruso"},"content":{"rendered":"<p><img src=\"http:\/\/hoycordobaweb.com\/wp-content\/uploads\/2023\/08\/llego-a-las-costas-turcas-el-carguero-que-zarpo-desde-ucrania-pese-al-bloqueo-ruso.jpg\"><\/p>\n<figure class=\"mb-3\"><img loading=\"lazy\" data-src=\"http:\/\/hoycordobaweb.com\/wp-content\/uploads\/2023\/08\/llego-a-las-costas-turcas-el-carguero-que-zarpo-desde-ucrania-pese-al-bloqueo-ruso-2.jpg\" src=\"https:\/\/www.telam.com.ar\/assets\/img\/not_image.png\" class=\" lazy \" width=\"100%\" height=\"100%\" alt=\"Barcos con granos en el Mar Negro Foto AFP\"><figcaption> Barcos con granos en el Mar Negro \/ Foto AFP <\/figcaption><\/figure>\n<p>Un primer barco carguero que zarp\u00f3 de Ucrania <strong>tras el fin del acuerdo de granos y cereales<\/strong> arrib\u00f3 este jueves a Estambul, <strong>desafiando el bloqueo del Kremlin<\/strong>, que aument\u00f3 las tensiones en el mar Negro, donde un nav\u00edo de guerra ruso abri\u00f3 fuego el domingo contra un buque de una compa\u00f1\u00eda turca.<\/p>\n<p>El \u00abJoseph Schulte\u00bb, con bandera de Hong Kong, que parti\u00f3 el mi\u00e9rcoles desde el puerto ucraniano de Odesa, es el primer buque que desoye las advertencias rusas de hundir los cargueros <strong>que ignoren su decisi\u00f3n de poner fin al acuerdo<\/strong> que permit\u00eda hasta julio la exportaci\u00f3n de granos de la exrep\u00fablica sovi\u00e9tica.<\/p>\n<p>Los sitios de seguimiento del tr\u00e1fico mar\u00edtimo mostraron al portacontenedores en el tramo final de su derrotero, que se llev\u00f3 a cabo por aguas controladas por Rumania y Bulgaria &#8211; dos pa\u00edses de la OTAN -, evitando las aguas internacionales.<\/p>\n<blockquote class><p>El \u00abJoseph Schulte\u00bb utiliza \u00abun nuevo corredor humanitario\u00bb, afirm\u00f3 el presidente ucraniano, Volodimir Zelenski.<\/p><\/blockquote>\n<p>El domingo, Rusia efectu\u00f3 varios tiros de advertencia contra el \u00abSukru Okan\u00bb, un carguero con pabell\u00f3n de la Rep\u00fablica de Palau, aunque propiedad de una empresa turca, que se dirig\u00eda a Izmail, un puerto del Danubio en el sur de Ucrania.<\/p>\n<figure class=\"mb-3\"><img loading=\"lazy\" data-src=\"http:\/\/hoycordobaweb.com\/wp-content\/uploads\/2023\/08\/llego-a-las-costas-turcas-el-carguero-que-zarpo-desde-ucrania-pese-al-bloqueo-ruso-3.jpg\" src=\"https:\/\/www.telam.com.ar\/assets\/img\/not_image.png\" class=\" lazy \" width=\"100%\" height=\"100%\" alt=\"Granos en el puerto de Odesa Foto AFP\"><figcaption> Granos en el puerto de Odesa \/ Foto: AFP <\/figcaption><\/figure>\n<p>El gobierno turco rompi\u00f3 este jueves cuatro d\u00edas de silencio, que le hab\u00edan valido cr\u00edticas de la oposici\u00f3n.<\/p>\n<p>\u00abLes hemos advertido adecuadamente a nuestros interlocutores de la Federaci\u00f3n de Rusia que ese tipo de acciones <strong>podr\u00edan provocar una escalada de tensiones en el mar Negro<\/strong>\u00ab, indic\u00f3 la presidencia turca, seg\u00fan reporte de la agencia de noticias AFP.<\/p>\n<p>Mosc\u00fa intensific\u00f3 adem\u00e1s sus ataques contra las infraestructuras portuarias ucranianas del mar Negro y del Danubio desde que se retir\u00f3 del acuerdo vigente desde julio de 2022, cuatro meses despu\u00e9s del inicio de desatarse la guerra.<\/p>\n<p>El pacto, negociado con mediaci\u00f3n de la ONU y Turqu\u00eda, permit\u00eda el transporte de granos ucranianos desde el sur del pa\u00eds.<\/p>\n<figure class=\"mb-3\"><img loading=\"lazy\" data-src=\"http:\/\/hoycordobaweb.com\/wp-content\/uploads\/2023\/08\/llego-a-las-costas-turcas-el-carguero-que-zarpo-desde-ucrania-pese-al-bloqueo-ruso-4.jpg\" src=\"https:\/\/www.telam.com.ar\/assets\/img\/not_image.png\" class=\" lazy \" width=\"100%\" height=\"100%\" alt=\"Puerto ucraniano de Odesa Foto Archivo\"><figcaption> Puerto ucraniano de Odesa \/ Foto: Archivo <\/figcaption><\/figure>\n<p>Ucrania y Rusia <strong>son importantes exportadores de cereales<\/strong> y aceites vegetales.<\/p>\n<p>El acuerdo contribuy\u00f3 a que bajaran los precios mundiales de los alimentos y a garantizarle a Ucrania una importante fuente de ingresos para el gasto b\u00e9lico.<\/p>\n<p>Seg\u00fan el diario Wall Street Journal, responsables estadounidenses est\u00e1n negociando con Turqu\u00eda, Ucrania y sus vecinos para aumentar el tr\u00e1fico por el Danubio, que desemboca en el mar Negro en la frontera entre Ucrania y Rumania.&nbsp; Un funcionario turco del Ministerio de Defensa, sin embargo, pareci\u00f3 descartar esa alternativa.<\/p>\n<p>\u00abNuestros esfuerzos <strong>se centran en la reactivaci\u00f3n del acuerdo<\/strong> sobre los granos\u00bb, aclar\u00f3.<\/p>\n<p>El presidente turco, Recep Tayyip Erdogan, espera reunirse este mes con su par ruso, Vladimir Putin, y se prev\u00e9 <strong>una agenda en la que figure la reanudaci\u00f3n del acuerdo<\/strong> sobre los cereales.<\/p>\n<div class=\"jumbotron pt-4 mt-3\" readability=\"19\">\n<h3 class=\"module-title\">El acuerdo de granos<\/h3>\n<p>El acuerdo de granos del Mar Negro es un pacto auspiciado por la ONU que tiene el objetivo de abastecer a los mercados de alimentos y fertilizantes en medio de la escasez mundial y el aumento de los precios, exacerbados por la guerra de Ucrania iniciada el 24 de febrero de 2022.<\/p>\n<p>Ucrania y Rusia firmaron el acuerdo para permitir la exportaci\u00f3n de m\u00e1s de 20 millones de toneladas de grano ucraniano bloqueado en los puertos del Mar Negro.<\/p>\n<p>El 17 de julio de 2023, Rusia suspendi\u00f3 el acuerdo tras un ataque ucraniano al puente de Crimea y tras constatar que no se han cumplido los compromisos tomados con la parte rusa.<\/p>\n<p>Los precios del ma\u00edz y el trigo aumentaron tras la retirada rusa.<\/p>\n<\/p><\/div>\n<p>Tras su retiro, Mosc\u00fa solicit\u00f3 ayuda a Turqu\u00eda para exportar sus propios cereales a los pa\u00edses africanos, dejando a Ucrania de lado.<\/p>\n<p>A partir de all\u00ed, <strong>\u00c1frica se convirti\u00f3 en teatro de una batalla diplom\u00e1tica entre ambos beligerantes<\/strong>.<\/p>\n<p>Los intentos de Rusia para controlar las rutas mar\u00edtimas del mar Negro coinciden con la contraofensiva lanzada en junio por Ucrania, <strong>con fuerte apoyo de material militar occidental,<\/strong> para liberar territorios ocupados por el Kremlin.<\/p>\n<p>Esta semana, Kiev anunci\u00f3 que hab\u00eda recuperado Urozhain, una peque\u00f1a localidad del frente sur.<\/p>\n<p>Sin embargo, <strong>los avances de Ucrania no parecen ser significativos<\/strong> y su ej\u00e9rcito se encuentra en una situaci\u00f3n dif\u00edcil en el nordeste, cerca del nudo ferroviario de Kupiansk.<\/p>\n<blockquote class><p>El secretario general de la OTAN, Jens Stoltenberg, afirm\u00f3 que solo Ucrania decidir\u00e1 sobre la apertura de una eventual negociaci\u00f3n de paz con Rusia.<\/p><\/blockquote>\n<p>Hace dos d\u00edas, su director de gabinete, Stian Jenssen, enoj\u00f3 a Kiev al dar a entender que una v\u00eda de salida del conflicto podr\u00eda consistir en que Ucrania ceda territorios a Rusia en contrapartida de su adhesi\u00f3n a la OTAN. <\/p>\n","protected":false},"excerpt":{"rendered":"<p>Barcos con granos en el Mar Negro \/ Foto AFP Un primer barco carguero que zarp\u00f3 de Ucrania tras el fin del acuerdo de granos y cereales arrib\u00f3 este jueves a Estambul, desafiando el bloqueo del Kremlin, que aument\u00f3 las tensiones en el mar Negro, donde un nav\u00edo de guerra ruso abri\u00f3 fuego el domingo [&hellip;]<\/p>\n","protected":false},"author":1,"featured_media":65112,"comment_status":"open","ping_status":"closed","sticky":false,"template":"","format":"standard","meta":[],"categories":[24],"tags":[],"_links":{"self":[{"href":"http:\/\/hoycordobaweb.com\/index.php\/wp-json\/wp\/v2\/posts\/65111"}],"collection":[{"href":"http:\/\/hoycordobaweb.com\/index.php\/wp-json\/wp\/v2\/posts"}],"about":[{"href":"http:\/\/hoycordobaweb.com\/index.php\/wp-json\/wp\/v2\/types\/post"}],"author":[{"embeddable":true,"href":"http:\/\/hoycordobaweb.com\/index.php\/wp-json\/wp\/v2\/users\/1"}],"replies":[{"embeddable":true,"href":"http:\/\/hoycordobaweb.com\/index.php\/wp-json\/wp\/v2\/comments?post=65111"}],"version-history":[{"count":0,"href":"http:\/\/hoycordobaweb.com\/index.php\/wp-json\/wp\/v2\/posts\/65111\/revisions"}],"wp:featuredmedia":[{"embeddable":true,"href":"http:\/\/hoycordobaweb.com\/index.php\/wp-json\/wp\/v2\/media\/65112"}],"wp:attachment":[{"href":"http:\/\/hoycordobaweb.com\/index.php\/wp-json\/wp\/v2\/media?parent=65111"}],"wp:term":[{"taxonomy":"category","embeddable":true,"href":"http:\/\/hoycordobaweb.com\/index.php\/wp-json\/wp\/v2\/categories?post=65111"},{"taxonomy":"post_tag","embeddable":true,"href":"http:\/\/hoycordobaweb.com\/index.php\/wp-json\/wp\/v2\/tags?post=65111"}],"curies":[{"name":"wp","href":"https:\/\/api.w.org\/{rel}","templated":true}]}}