{"id":65043,"date":"2023-08-16T21:52:00","date_gmt":"2023-08-16T21:52:00","guid":{"rendered":"http:\/\/hoycordobaweb.com\/index.php\/2023\/08\/16\/manchester-city-campeon-de-la-supercopa-derroto-a-sevilla-en-la-definicion-por-penales\/"},"modified":"2023-08-16T21:52:00","modified_gmt":"2023-08-16T21:52:00","slug":"manchester-city-campeon-de-la-supercopa-derroto-a-sevilla-en-la-definicion-por-penales","status":"publish","type":"post","link":"http:\/\/hoycordobaweb.com\/index.php\/2023\/08\/16\/manchester-city-campeon-de-la-supercopa-derroto-a-sevilla-en-la-definicion-por-penales\/","title":{"rendered":"Manchester City, campe\u00f3n de la Supercopa: derrot\u00f3 a Sevilla en la definici\u00f3n por penales"},"content":{"rendered":"<p><img src=\"http:\/\/hoycordobaweb.com\/wp-content\/uploads\/2023\/08\/manchester-city-campeon-de-la-supercopa-derroto-a-sevilla-en-la-definicion-por-penales.jpg\"><\/p>\n<figure class=\"mb-3\"><img loading=\"lazy\" data-src=\"http:\/\/hoycordobaweb.com\/wp-content\/uploads\/2023\/08\/manchester-city-campeon-de-la-supercopa-derroto-a-sevilla-en-la-definicion-por-penales-2.jpg\" src=\"https:\/\/www.telam.com.ar\/assets\/img\/not_image.png\" class=\" lazy \" width=\"100%\" height=\"100%\" alt=\"El podio con Pep y sus campeones Foto TW ManchesterCity\"><figcaption> El podio con Pep y sus campeones. (Foto: TW ManchesterCity) <\/figcaption><\/figure>\n<p>Manchester City, de Inglaterra, con el ingreso del campe\u00f3n del mundo Juli\u00e1n \u00c1lvarez, se consagr\u00f3 este mi\u00e9rcoles campe\u00f3n de la Supercopa de Europa al vencer por penales al Sevilla, de Espa\u00f1a, (5-4), luego del empate 1-1.<\/p>\n<p>El marroqu\u00ed Youssef En-Nesyri (PT 25m) abri\u00f3 el marcador y el ingl\u00e9s Cole Palmer (ST 18m) se\u00f1al\u00f3 la igualdad en el estadio Georgios Karaiskakis, en la ciudad de El Pireo, en Grecia.<\/p>\n<p>Manchester City, campe\u00f3n por primera vez en su historia de la Champions League, y Sevilla, m\u00e1ximo ganador de la Europa League con siete trofeos, disputaron el primer t\u00edtulo de la temporada europea 2023\/2024.<\/p>\n<p><strong>La definici\u00f3n tuvo presencia argentina <\/strong>con el exRiver Plate en Manchester City, mientras que para Sevilla jugaron como titulares otro campe\u00f3n del mundo como Marcos Acu\u00f1a, Lucas Ocampos y Erik Lamela.<\/p>\n<p>En tanto, Gonzalo Montiel, autor del penal que marc\u00f3 la consagraci\u00f3n argentina en Qatar 2022, ingres\u00f3 en los minutos finales del segundo tiempo y fue uno de los elegidos para para definir desde los \u00ab12 pasos\u00bb. Federico Gattoni y Alejandro G\u00f3mez fueron suplentes.<\/p>\n<p>Juli\u00e1n \u00c1lvarez, quien ingres\u00f3 a los 39 minutos de la segunda etapa por Palmer, convirti\u00f3 en la tanda de penales, donde el City fue contundente. El serbio Nemanja Gudelj estrell\u00f3 su remate en el travesa\u00f1o y provoc\u00f3 la derrota de Sevilla.<\/p>\n<blockquote class><p>La \u00abAra\u00f1a\u00bb, a los 23 a\u00f1os, sum\u00f3 su 14to. t\u00edtulo e igual\u00f3 la marca de Lionel Messi, quien hab\u00eda alcanzado ese r\u00e9cord a esa misma edad.<\/p><\/blockquote>\n<figure class=\"mb-3\"><img loading=\"lazy\" data-src=\"http:\/\/hoycordobaweb.com\/wp-content\/uploads\/2023\/08\/manchester-city-campeon-de-la-supercopa-derroto-a-sevilla-en-la-definicion-por-penales-3.jpg\" src=\"https:\/\/www.telam.com.ar\/assets\/img\/not_image.png\" class=\" lazy \" width=\"100%\" height=\"100%\" alt=\"Julin lvarez en los festejos tras el ltimo penal Foto TW ManchesterCity\"><figcaption> Juli\u00e1n \u00c1lvarez, en los festejos tras el \u00faltimo penal. (Foto: TW ManchesterCity) <\/figcaption><\/figure>\n<p>A su vez, \u00c1lvarez gan\u00f3 por und\u00e9cima vez un trofeo en su primera participaci\u00f3n: Copa Libertadores 2018, Recopa Sudamericana 2019, Copa Argentina 2019, Trofeo de Campeones 2021 (River); Copa Am\u00e9rica 2021, Final\u00edsima 2022, Copa del Mundo 2022 (Argentina); Premier League 2022\/2023, FA Cup 2023, Liga de Campeones 2022\/2023 y Supercopa de Europa 2023 (M. City).<\/p>\n<p><strong>El conjunto andaluz perdi\u00f3 las \u00faltimas seis finales de la Supercopa <\/strong>y solo pudo alzar este trofeo en 2006 cuando gole\u00f3 a Barcelona, de Espa\u00f1a, por 3-0 en M\u00f3naco, la antigua sede \u00fanica de la final.<\/p>\n<p>Para el DT espa\u00f1ol Guardiola signific\u00f3 su t\u00edtulo n\u00famero 36 (y la cuarta Supercopa, dos con Barcelona y una con Bayern M\u00fanich, de Alemania) y se afianz\u00f3 como el segundo entrenador m\u00e1s ganador de la historia solo por detr\u00e1s de Sir Alex Ferguson (49), al superar al rumano Mircea Lucescu, de 78 a\u00f1os, y actual DT de Dinamo de Kiev.<\/p>\n","protected":false},"excerpt":{"rendered":"<p>El podio con Pep y sus campeones. (Foto: TW ManchesterCity) Manchester City, de Inglaterra, con el ingreso del campe\u00f3n del mundo Juli\u00e1n \u00c1lvarez, se consagr\u00f3 este mi\u00e9rcoles campe\u00f3n de la Supercopa de Europa al vencer por penales al Sevilla, de Espa\u00f1a, (5-4), luego del empate 1-1. El marroqu\u00ed Youssef En-Nesyri (PT 25m) abri\u00f3 el marcador [&hellip;]<\/p>\n","protected":false},"author":1,"featured_media":65044,"comment_status":"open","ping_status":"closed","sticky":false,"template":"","format":"standard","meta":[],"categories":[16],"tags":[],"_links":{"self":[{"href":"http:\/\/hoycordobaweb.com\/index.php\/wp-json\/wp\/v2\/posts\/65043"}],"collection":[{"href":"http:\/\/hoycordobaweb.com\/index.php\/wp-json\/wp\/v2\/posts"}],"about":[{"href":"http:\/\/hoycordobaweb.com\/index.php\/wp-json\/wp\/v2\/types\/post"}],"author":[{"embeddable":true,"href":"http:\/\/hoycordobaweb.com\/index.php\/wp-json\/wp\/v2\/users\/1"}],"replies":[{"embeddable":true,"href":"http:\/\/hoycordobaweb.com\/index.php\/wp-json\/wp\/v2\/comments?post=65043"}],"version-history":[{"count":0,"href":"http:\/\/hoycordobaweb.com\/index.php\/wp-json\/wp\/v2\/posts\/65043\/revisions"}],"wp:featuredmedia":[{"embeddable":true,"href":"http:\/\/hoycordobaweb.com\/index.php\/wp-json\/wp\/v2\/media\/65044"}],"wp:attachment":[{"href":"http:\/\/hoycordobaweb.com\/index.php\/wp-json\/wp\/v2\/media?parent=65043"}],"wp:term":[{"taxonomy":"category","embeddable":true,"href":"http:\/\/hoycordobaweb.com\/index.php\/wp-json\/wp\/v2\/categories?post=65043"},{"taxonomy":"post_tag","embeddable":true,"href":"http:\/\/hoycordobaweb.com\/index.php\/wp-json\/wp\/v2\/tags?post=65043"}],"curies":[{"name":"wp","href":"https:\/\/api.w.org\/{rel}","templated":true}]}}