{"id":64999,"date":"2023-08-16T03:12:09","date_gmt":"2023-08-16T03:12:09","guid":{"rendered":"http:\/\/hoycordobaweb.com\/index.php\/2023\/08\/16\/axel-werner-vuelve-al-futbol-argentino-diario-la-opinion-de-rafaela\/"},"modified":"2023-08-16T03:12:09","modified_gmt":"2023-08-16T03:12:09","slug":"axel-werner-vuelve-al-futbol-argentino-diario-la-opinion-de-rafaela","status":"publish","type":"post","link":"http:\/\/hoycordobaweb.com\/index.php\/2023\/08\/16\/axel-werner-vuelve-al-futbol-argentino-diario-la-opinion-de-rafaela\/","title":{"rendered":"Axel Werner vuelve al <b>f\u00fatbol argentino<\/b> &#8211; Diario La Opini\u00f3n de Rafaela"},"content":{"rendered":"<p>Axel Werner vuelve al <b>f\u00fatbol argentino<\/b>. Deportes 16 de agosto de 2023 Por Redacci\u00f3n. El arquero rafaelino, surgido de Atl\u00e9tico de Rafaela,&nbsp;&#8230; <\/p>\n","protected":false},"excerpt":{"rendered":"<p>Axel Werner vuelve al f\u00fatbol argentino. Deportes 16 de agosto de 2023 Por Redacci\u00f3n. El arquero rafaelino, surgido de Atl\u00e9tico de Rafaela,&nbsp;&#8230;<\/p>\n","protected":false},"author":1,"featured_media":0,"comment_status":"closed","ping_status":"closed","sticky":false,"template":"","format":"standard","meta":[],"categories":[22],"tags":[],"_links":{"self":[{"href":"http:\/\/hoycordobaweb.com\/index.php\/wp-json\/wp\/v2\/posts\/64999"}],"collection":[{"href":"http:\/\/hoycordobaweb.com\/index.php\/wp-json\/wp\/v2\/posts"}],"about":[{"href":"http:\/\/hoycordobaweb.com\/index.php\/wp-json\/wp\/v2\/types\/post"}],"author":[{"embeddable":true,"href":"http:\/\/hoycordobaweb.com\/index.php\/wp-json\/wp\/v2\/users\/1"}],"replies":[{"embeddable":true,"href":"http:\/\/hoycordobaweb.com\/index.php\/wp-json\/wp\/v2\/comments?post=64999"}],"version-history":[{"count":0,"href":"http:\/\/hoycordobaweb.com\/index.php\/wp-json\/wp\/v2\/posts\/64999\/revisions"}],"wp:attachment":[{"href":"http:\/\/hoycordobaweb.com\/index.php\/wp-json\/wp\/v2\/media?parent=64999"}],"wp:term":[{"taxonomy":"category","embeddable":true,"href":"http:\/\/hoycordobaweb.com\/index.php\/wp-json\/wp\/v2\/categories?post=64999"},{"taxonomy":"post_tag","embeddable":true,"href":"http:\/\/hoycordobaweb.com\/index.php\/wp-json\/wp\/v2\/tags?post=64999"}],"curies":[{"name":"wp","href":"https:\/\/api.w.org\/{rel}","templated":true}]}}