{"id":64973,"date":"2023-08-15T10:42:21","date_gmt":"2023-08-15T10:42:21","guid":{"rendered":"https:\/\/www.mujerhoy.com\/moda\/no-te-pierdas\/sfera-vestidos-largos-baratos-otono-look-botas-20230815124210-nt.html"},"modified":"2023-08-15T10:42:21","modified_gmt":"2023-08-15T10:42:21","slug":"sfera-ya-tiene-los-vestidos-largos-que-mas-vas-a-llevar-en-otono-con-botas","status":"publish","type":"post","link":"http:\/\/hoycordobaweb.com\/index.php\/2023\/08\/15\/sfera-ya-tiene-los-vestidos-largos-que-mas-vas-a-llevar-en-otono-con-botas\/","title":{"rendered":"Sfera ya tiene los vestidos largos que m\u00e1s vas a llevar en oto\u00f1o con botas"},"content":{"rendered":"<p><!-- AUTHOR --><\/p>\n<div class=\"voc-author-timesocial \"><!-- AUTHOR --><\/p>\n<div class=\"voc-author-timesocial__signature\"><!-- IMAGE AUTHOR --><picture class=\"voc-image-signature\"><img class=\"voc-image-signature__img\" src=\"http:\/\/hoycordobaweb.com\/wp-content\/uploads\/2023\/08\/sfera-ya-tiene-los-vestidos-largos-que-mas-vas-a-llevar-en-otono-con-botas.jpg\" alt=\"Raquel Rodr\u00edguez\"><\/picture><!-- INFO AUTHOR --><\/div>\n<\/div>\n<p><!-- COMPONENTS --><\/p>\n<p class=\"voc-paragraph\">Todav\u00eda queda mucho verano y sabemos que es complicado poner al mente en la vuelta a la rutina y en ese momento en el que el fr\u00edo vuelva a ser protagonista. Pero mujer previosa vale por dos, por lo que aqu\u00ed te dejamos algunas prendas que hemos encontrado en <a data-voc-vtm-id=\"in-text-traffic\" href=\"https:\/\/www.mujerhoy.com\/moda\/no-te-pierdas\/novedades-vestidos-midi-sfera-basicos-baratos-verano-2023-20230805082922-nt.html\" title=\"www.mujerhoy.com\">las novedades de Sfera<\/a> y que te van a ayudar a completar un<br \/>\n<strong> armario de oto\u00f1o <\/strong>perfecto.\n<\/p>\n<p class=\"voc-paragraph\">Te hemos hablado de tendencias como <a data-voc-vtm-id=\"in-text-traffic\" href=\"https:\/\/www.mujerhoy.com\/moda\/no-te-pierdas\/bailarinas-tachuelas-hebillas-zapatos-comodos-tendencia-otono-20230806132157-nt.html\" title=\"www.mujerhoy.com\">las bailarinas de tachuelas<\/a>, <a data-voc-vtm-id=\"in-text-traffic\" href=\"https:\/\/www.mujerhoy.com\/moda\/no-te-pierdas\/prendas-asequibles-primark-perfectas-otono-20230801132538-nt.html\" title=\"www.mujerhoy.com\">las prendas de Primark<\/a> que merecen la pena para la pr\u00f3xima temporada e incluso de <a data-voc-vtm-id=\"in-text-traffic\" href=\"https:\/\/www.mujerhoy.com\/moda\/no-te-pierdas\/mejores-vestidos-zara-nueva-coleccion-lucir-temporada-otono-20230728113224-nt.html\" title=\"www.mujerhoy.com\">estos vestidos de Zara<\/a> que vas poder llevar en unos meses. Una lista a la que vamos a a\u00f1adir estos dos <strong>vestidos de Sfera<\/strong>.\n<\/p>\n<p class=\"voc-paragraph\">La firma low cost ha actualizado su<br \/>\n<strong> nueva colecci\u00f3n<\/strong> y con ella ha demostrado que ha dejado a un lado el verano para dar paso a la nueva temporada: el oto\u00f1o. Sus novedades est\u00e1n repletas de piezas ideales para el regreso de las bajas temperaturas y han conseguido que incluso tengamos ganas de ello.\n<\/p>\n<p class=\"voc-paragraph\">Sfera ha provocado que, a pesar de que quedan muchos d\u00edas de calor por delante, ya tengamos la mirada puesta en esos d\u00edas todoterreno en los que necesitamos <strong>looks calentitos, c\u00f3modos y estilosos<\/strong>. Un todo en uno que puedes tener gracias a dos vestidos largos ideales.\n<\/p>\n<div class=\"voc-detail-photo-zoom\"><picture data-toggle=\"modal\" data-target=\"#photoZoomModal-246\" target=\"modal\">\n<div class=\"voc-img-icon-link\"><img loading=\"lazy\" data-original=\"\/\/static3.mujerhoy.com\/www\/multimedia\/202308\/09\/media\/cortadas\/vestido-estampado-sfera-keAB--460x637@MujerHoy.jpg\" class=\"lazy adsviu_analyse\" alt=\"El vestido largo de flores de Sfera.\"><noscript><img src=\"http:\/\/hoycordobaweb.com\/wp-content\/uploads\/2023\/08\/sfera-ya-tiene-los-vestidos-largos-que-mas-vas-a-llevar-en-otono-con-botas-1.jpg\" alt=\"El vestido largo de flores de Sfera.\"><\/noscript><i class=\"voc-icons zoom voc-multimedia-box voc-ico-l\"><\/i><\/div><figcaption class=\"figure-caption\">El vestido largo de flores de Sfera.<\/figcaption><\/picture><\/div>\n<div id=\"photoZoomModal-246\" class=\"voc-lightbox modal fade voc-lightbox--photo-zoom\" role=\"dialog\" data-voc-photozoom-lightbox>\n<div class=\"voc-lightbox__dialog\" role=\"document\">\n<div class=\"voc-lightbox__content\"><!-- Modal header --><!-- Modal content --><\/p>\n<div class=\"voc-lightbox__photo-container\"><picture class><img loading=\"lazy\" data-original=\"\/\/static3.mujerhoy.com\/www\/multimedia\/202308\/09\/media\/cortadas\/vestido-estampado-sfera-keAB--460x637@MujerHoy.jpg\" alt=\"El vestido largo de flores de Sfera.\" class=\"lazy\"><noscript><img src=\"http:\/\/hoycordobaweb.com\/wp-content\/uploads\/2023\/08\/sfera-ya-tiene-los-vestidos-largos-que-mas-vas-a-llevar-en-otono-con-botas-1.jpg\" alt=\"El vestido largo de flores de Sfera.\"><\/noscript><\/picture><\/div>\n<\/div>\n<\/div>\n<\/div>\n<p class=\"voc-paragraph\">El primer modelo es un vestido protagonizado por un<br \/>\n<strong> estampado floral<\/strong> discreto que combina el color granate, con el blanco y el negro. Una f\u00f3rmula qe no puede ser m\u00e1s oto\u00f1al y que est\u00e1 en un dise\u00f1o con el bajo asim\u00e9trico y una falda de vuelo.\n<\/p>\n<p class=\"voc-paragraph\">El resto de la prenda tiene el cuello caja, un cuerpo ajustado con corte a la cintura y una media manga confruncidos en el bajo y en los hombros. Un dise\u00f1o ideal que queda de maravilla con botas, que peudes comprar por <strong>59,99 euros<\/strong> y que ha gustado tanto que ya aparece como <strong>agotado <\/strong>en la web de la marca.\n<\/p>\n<div class=\"voc-detail-photo-zoom\"><picture data-toggle=\"modal\" data-target=\"#photoZoomModal-683\" target=\"modal\">\n<div class=\"voc-img-icon-link\"><img loading=\"lazy\" data-original=\"\/\/static1.mujerhoy.com\/www\/multimedia\/202308\/09\/media\/cortadas\/vestido-flores-sfera-keAB--460x637@MujerHoy.jpg\" class=\"lazy adsviu_analyse\" alt=\"El vestido boho de Sfera.\"><noscript><img src=\"http:\/\/hoycordobaweb.com\/wp-content\/uploads\/2023\/08\/sfera-ya-tiene-los-vestidos-largos-que-mas-vas-a-llevar-en-otono-con-botas.png\" alt=\"El vestido boho de Sfera.\"><\/noscript><i class=\"voc-icons zoom voc-multimedia-box voc-ico-l\"><\/i><\/div><figcaption class=\"figure-caption\">El vestido boho de Sfera.<\/figcaption><\/picture><\/div>\n<div id=\"photoZoomModal-683\" class=\"voc-lightbox modal fade voc-lightbox--photo-zoom\" role=\"dialog\" data-voc-photozoom-lightbox>\n<div class=\"voc-lightbox__dialog\" role=\"document\">\n<div class=\"voc-lightbox__content\"><!-- Modal header --><!-- Modal content --><\/p>\n<div class=\"voc-lightbox__photo-container\"><picture class><img loading=\"lazy\" data-original=\"\/\/static1.mujerhoy.com\/www\/multimedia\/202308\/09\/media\/cortadas\/vestido-flores-sfera-keAB--460x637@MujerHoy.jpg\" alt=\"El vestido boho de Sfera.\" class=\"lazy\"><noscript><img src=\"http:\/\/hoycordobaweb.com\/wp-content\/uploads\/2023\/08\/sfera-ya-tiene-los-vestidos-largos-que-mas-vas-a-llevar-en-otono-con-botas.png\" alt=\"El vestido boho de Sfera.\"><\/noscript><\/picture><\/div>\n<\/div>\n<\/div>\n<\/div>\n<p class=\"voc-paragraph\">La segunda propuesta es una que confirma que el<br \/>\n<strong> estilo boho<\/strong> tambi\u00e9n va a ser protagonista en lapr\u00f3xima temporada. Es un vestido de caracter\u00edsticas similares al anterior, con un estampado de flores, tonos rojos y rosas y un dise\u00f1o con cuello caja y manga larga.\n<\/p>\n<p class=\"voc-paragraph\">En este caso, este dise\u00f1o es mucho m\u00e1s fluido y, como consecuencia, m\u00e1s c\u00f3modo. La falda est\u00e1 formada por volantes grandes, lleva el detalle forntal de botones y las mangas son abullonadas. Tambi\u00e9n queda de lujo con botas y cuesta un poco menos, <strong>49,99 euros<\/strong>. \u00bfCon cu\u00e1l te quedas?\n<\/p>\n<p><!-- TOPICS --><\/p>\n","protected":false},"excerpt":{"rendered":"<p>Todav\u00eda queda mucho verano y sabemos que es complicado poner al mente en la vuelta a la rutina y en ese momento en el que el fr\u00edo vuelva a ser protagonista. Pero mujer previosa vale por dos, por lo que aqu\u00ed te dejamos algunas prendas que hemos encontrado en las novedades de Sfera y que [&hellip;]<\/p>\n","protected":false},"author":1,"featured_media":64974,"comment_status":"closed","ping_status":"closed","sticky":false,"template":"","format":"standard","meta":[],"categories":[1],"tags":[],"_links":{"self":[{"href":"http:\/\/hoycordobaweb.com\/index.php\/wp-json\/wp\/v2\/posts\/64973"}],"collection":[{"href":"http:\/\/hoycordobaweb.com\/index.php\/wp-json\/wp\/v2\/posts"}],"about":[{"href":"http:\/\/hoycordobaweb.com\/index.php\/wp-json\/wp\/v2\/types\/post"}],"author":[{"embeddable":true,"href":"http:\/\/hoycordobaweb.com\/index.php\/wp-json\/wp\/v2\/users\/1"}],"replies":[{"embeddable":true,"href":"http:\/\/hoycordobaweb.com\/index.php\/wp-json\/wp\/v2\/comments?post=64973"}],"version-history":[{"count":0,"href":"http:\/\/hoycordobaweb.com\/index.php\/wp-json\/wp\/v2\/posts\/64973\/revisions"}],"wp:featuredmedia":[{"embeddable":true,"href":"http:\/\/hoycordobaweb.com\/index.php\/wp-json\/wp\/v2\/media\/64974"}],"wp:attachment":[{"href":"http:\/\/hoycordobaweb.com\/index.php\/wp-json\/wp\/v2\/media?parent=64973"}],"wp:term":[{"taxonomy":"category","embeddable":true,"href":"http:\/\/hoycordobaweb.com\/index.php\/wp-json\/wp\/v2\/categories?post=64973"},{"taxonomy":"post_tag","embeddable":true,"href":"http:\/\/hoycordobaweb.com\/index.php\/wp-json\/wp\/v2\/tags?post=64973"}],"curies":[{"name":"wp","href":"https:\/\/api.w.org\/{rel}","templated":true}]}}