{"id":64897,"date":"2023-08-14T01:32:50","date_gmt":"2023-08-14T01:32:50","guid":{"rendered":"https:\/\/ladecimaweb.com\/?p=18507"},"modified":"2023-08-14T01:32:50","modified_gmt":"2023-08-14T01:32:50","slug":"conseguimos-superar-a-las-dos-expresiones-de-la-grieta","status":"publish","type":"post","link":"http:\/\/hoycordobaweb.com\/index.php\/2023\/08\/14\/conseguimos-superar-a-las-dos-expresiones-de-la-grieta\/","title":{"rendered":"\u201cConseguimos superar a las dos expresiones de la grieta\u201d"},"content":{"rendered":"<div class=\"boldgrid-section\">\n<div class=\"container\">\n<div class=\"row\">\n<div class=\"col-md-12 col-xs-12 col-sm-12\">\n<p>Antes de la oficializaci\u00f3n de los resultados, el gobernador y precandidato a presidente Juan Schiaretti felicit\u00f3 al libertario Javier Milei por el triunfo obtenido en C\u00f3rdoba en la elecci\u00f3n Paso.&nbsp;<\/p>\n<p class=\"\">&#8220;Quiero felicitar a Milei que fue el m\u00e1s votado en C\u00f3rdoba&#8221;, dijo Schiaretti desde el b\u00fanker en la zona norte de la ciudad. &#8220;Milei fue el que mejor consigui\u00f3 expresar la bronca&#8221;, reflexion\u00f3.&nbsp;<\/p>\n<p class=\"\">Sobre su desempe\u00f1o, manifest\u00f3 estar satisfecho por el segundo lugar porque dijo que &#8220;conseguimos superar a las dos expresiones de la grieta&#8221;, refiri\u00e9ndose a Juntos por el Cambio y el kirchnerismo que salieron rezagados en el escrutinio.&nbsp;<\/p>\n<p class=\"\">&#8220;El kirchnerismo&nbsp; no llega al 10 por ciento en la provincia porque C\u00f3rdoba no quiere saber nada con el autoritarismo&#8221;, afirm\u00f3 Schiaretti gui\u00e1ndose por los resultados de las mesas testigos del PJ. Seg\u00fan esos guarismos, Milei gan\u00f3 por el 33 por ciento, Schiaretti obtuvo el 28 por ciento, Juntos por el Cambio 26 por ciento (entre Bullrich y Larreta) y Sergio Massa 8 por ciento.&nbsp;&nbsp;<\/p>\n<p class=\"\">&#8220;Esto nos tonifica para continuar&#8221;, dijo Schiaretti, pensando en la elecci\u00f3n general de octubre.&nbsp;&nbsp;<\/p>\n<p class=\"\">El precandidato de Hacemos por Nuestro Pa\u00eds hizo una fuerte inversi\u00f3n publicitaria para al menos ganar C\u00f3rdoba y superar el piso del 1,5 por ciento de los votos en todo el pa\u00eds. Milei, en cambio, con total austeridad y casi sin hacer campa\u00f1a en C\u00f3rdoba se impuso en una provincia donde el PJ y Juntos por el Cambio se alternaron los triunfos en los \u00faltimos a\u00f1os.&nbsp;<\/p>\n<p>&nbsp;<\/p>\n<div class=\"ubm_banner\"><a href=\"http:\/\/www.cba.gov.ar\/prevencion-incendios\" target=\"_blank\" rel=\"dofollow noopener noreferrer\"><img src=\"http:\/\/hoycordobaweb.com\/wp-content\/uploads\/2023\/08\/conseguimos-superar-a-las-dos-expresiones-de-la-grieta.gif\" alt=\"\"><\/a><\/div>\n<\/div>\n<\/div>\n<\/div>\n<\/div>\n<p>La entrada <a rel=\"nofollow\" href=\"https:\/\/ladecimaweb.com\/conseguimos-superar-a-las-dos-expresiones-de-la-grieta\/\">&#8220;Conseguimos superar a las dos expresiones de la grieta&#8221;<\/a> se public\u00f3 primero en <a rel=\"nofollow\" href=\"https:\/\/ladecimaweb.com\">LaDecima<\/a>.<\/p>\n","protected":false},"excerpt":{"rendered":"<p>Antes de la oficializaci\u00f3n de los resultados, el gobernador y precandidato a presidente Juan Schiaretti felicit\u00f3 al libertario Javier Milei por el triunfo obtenido en C\u00f3rdoba en la elecci\u00f3n Paso.&nbsp; &#8220;Quiero felicitar a Milei que fue el m\u00e1s votado en C\u00f3rdoba&#8221;, dijo Schiaretti desde el b\u00fanker en la zona norte de la ciudad. &#8220;Milei fue [&hellip;]<\/p>\n","protected":false},"author":1,"featured_media":64898,"comment_status":"closed","ping_status":"closed","sticky":false,"template":"","format":"standard","meta":[],"categories":[19],"tags":[],"_links":{"self":[{"href":"http:\/\/hoycordobaweb.com\/index.php\/wp-json\/wp\/v2\/posts\/64897"}],"collection":[{"href":"http:\/\/hoycordobaweb.com\/index.php\/wp-json\/wp\/v2\/posts"}],"about":[{"href":"http:\/\/hoycordobaweb.com\/index.php\/wp-json\/wp\/v2\/types\/post"}],"author":[{"embeddable":true,"href":"http:\/\/hoycordobaweb.com\/index.php\/wp-json\/wp\/v2\/users\/1"}],"replies":[{"embeddable":true,"href":"http:\/\/hoycordobaweb.com\/index.php\/wp-json\/wp\/v2\/comments?post=64897"}],"version-history":[{"count":0,"href":"http:\/\/hoycordobaweb.com\/index.php\/wp-json\/wp\/v2\/posts\/64897\/revisions"}],"wp:featuredmedia":[{"embeddable":true,"href":"http:\/\/hoycordobaweb.com\/index.php\/wp-json\/wp\/v2\/media\/64898"}],"wp:attachment":[{"href":"http:\/\/hoycordobaweb.com\/index.php\/wp-json\/wp\/v2\/media?parent=64897"}],"wp:term":[{"taxonomy":"category","embeddable":true,"href":"http:\/\/hoycordobaweb.com\/index.php\/wp-json\/wp\/v2\/categories?post=64897"},{"taxonomy":"post_tag","embeddable":true,"href":"http:\/\/hoycordobaweb.com\/index.php\/wp-json\/wp\/v2\/tags?post=64897"}],"curies":[{"name":"wp","href":"https:\/\/api.w.org\/{rel}","templated":true}]}}