{"id":64849,"date":"2023-08-13T02:13:16","date_gmt":"2023-08-13T02:13:16","guid":{"rendered":"https:\/\/www.ole.com.ar\/ecuador\/internacional\/enner-valencia-derrota-internacional-botafogo-brasileirao_0_ZstkBtFbwN.html"},"modified":"2023-08-13T02:13:16","modified_gmt":"2023-08-13T02:13:16","slug":"sin-semana-perfecta-el-inter-de-enner-valencia-perdio-por-el-brasileirao","status":"publish","type":"post","link":"http:\/\/hoycordobaweb.com\/index.php\/2023\/08\/13\/sin-semana-perfecta-el-inter-de-enner-valencia-perdio-por-el-brasileirao\/","title":{"rendered":"Sin semana perfecta: el Inter de Enner Valencia perdi\u00f3 por el Brasileirao&#8230;"},"content":{"rendered":"<p><img src=\"http:\/\/hoycordobaweb.com\/wp-content\/uploads\/2023\/08\/sin-semana-perfecta-el-inter-de-enner-valencia-perdio-por-el-brasileirao.jpg\"><\/p>\n<p><time class=\"createDate\" datetime=\"2023-08-12T23:13:16-03:00\">12\/08\/2023 23:13hs.<\/time><time class=\"modificatedDate\" datetime=\"2023-08-12T23:13:16-03:00\"><\/time><\/p>\n<div id=\"storyBody\">\n<div class=\"custom-text \" readability=\"24.857142857143\">\n<p><strong>La alegr\u00eda no fue completa para <a href=\"https:\/\/www.ole.com.ar\/tema\/internacional-de-porto-alegre.html\" title=\"Internacional de Porto Alegre\" alt=\"Internacional de Porto Alegre\" class=\"slug\">Internacional de Porto Alegre<\/a><\/strong>. <a href=\"https:\/\/undefined\">Tras eliminar por penales a River en los octavos de final de la Copa Libertadores<\/a>, el equipo de <strong><a href=\"https:\/\/www.ole.com.ar\/tema\/enner-valencia.html\" title=\"Enner Valencia\" alt=\"Enner Valencia\" class=\"slug\">Enner Valencia<\/a><\/strong> volvi\u00f3 a la dura realidad que vive en el Brasileirao: <strong>hace siete partidos que no gana<\/strong>. Este s\u00e1bado, en R\u00edo de Janeiro,<strong> cay\u00f3 ante <a href=\"https:\/\/www.ole.com.ar\/tema\/botafogo.html\" target=\"_blank\" title=\"botafogo\" alt=\"botafogo\" class=\"slug\" rel=\"noopener noreferrer\">Botafogo<\/a>, el l\u00edder y gran favorito que tiene el torneo.<\/strong><\/p>\n<\/div>\n<div class=\"custom-text \" readability=\"33.335329341317\">\n<p>Con la moral alta luego del partido contra el Millonario, el Colorado arranc\u00f3 bien y tuvo fortuna. Se puso en ventaja a los 18 minutos por un gol de Mauricio tras u<a href=\"https:\/\/undefined\" target=\"_blank\" rel=\"noopener noreferrer\">n error ins\u00f3lito del arquero Lucas Perri<\/a>, que perdi\u00f3 de vista la pelota. En un cotejo muy intenso, los del Chacho Coudet fueron merecedores de irse arriba al descanso.<\/p>\n<\/div>\n<div class=\"custom-text \" readability=\"38\">\n<p>Como ante River, <strong>Valencia fue un dolor de cabeza para los defensores del Botafogo<\/strong>. Como extremo izquierdo fue imparable para Leonel Di Pl\u00e1cido, lateral derecho de los locales. Adem\u00e1s, casi hace un golazo desde fuera del \u00e1rea, pero su remate.<\/p>\n<\/div>\n<div class=\"custom-text \" readability=\"35\">\n<p>Pero al ecuatoriano le pas\u00f3 lo mismo que a su equipo<strong>: se fue apagando con el correr de los minutos<\/strong>. Y los due\u00f1os de casa dieron vuelta la historia: lo ganaron 3-1 con goles de<strong> Joao Victor, Nicol\u00e1s Hern\u00e1ndez (en contra) y Luis Henrique.<\/strong><\/p>\n<\/div>\n<div class=\"custom-text \" readability=\"36\">\n<p>Ya con Inter perdiendo 3-1, Coudet decidi\u00f3 darle descanso a Valencia, que ven\u00eda de jugar todo el cotejo por la Libertadores (hizo uno de los penales en la tanda) y<strong> lo reemplaz\u00f3 por Luiz Adriano cuando iban 76 minutos en el Estadio Nilton Santos.<\/strong><\/p>\n<\/div>\n<div class=\"sc-e7b891c4-0 jPbnQF\"><img alt=\"Enner a\u00fan no hizo goles por el Brasileirao.\" src=\"http:\/\/hoycordobaweb.com\/wp-content\/uploads\/2023\/08\/sin-semana-perfecta-el-inter-de-enner-valencia-perdio-por-el-brasileirao-2.jpg\" width=\"720\" height=\"100\" decoding=\"async\" data-nimg=\"future\" loading=\"lazy\"><span class=\"epigraphe\">Enner a\u00fan no hizo goles por el Brasileirao.<\/span><\/div>\n<div class=\"sc-a7166897-0 exHLBh\" readability=\"6\">\n<section readability=\"2\"><picture><img alt=\"El blooper del a\u00f1o en Brasil: ins\u00f3lito regalo del arquero del Botafogo\" src=\"http:\/\/hoycordobaweb.com\/wp-content\/uploads\/2023\/08\/sin-semana-perfecta-el-inter-de-enner-valencia-perdio-por-el-brasileirao-3.jpg\" width=\"290\" height=\"290\" decoding=\"async\" data-nimg=\"future\" loading=\"lazy\"><\/picture>\n<p><span>Mir\u00e1 tambi\u00e9n<\/span><\/p>\n<hr>\n<h3>El blooper del a\u00f1o en Brasil: ins\u00f3lito regalo del arquero del Botafogo<\/h3>\n<\/p>\n<\/section>\n<\/div>\n<div class=\"sc-a7166897-0 exHLBh\" readability=\"6\">\n<section readability=\"2\"><picture><img alt=\"El furor por el Inter Miami de Messi tambi\u00e9n lleg\u00f3 a Ecuador\" src=\"http:\/\/hoycordobaweb.com\/wp-content\/uploads\/2023\/08\/sin-semana-perfecta-el-inter-de-enner-valencia-perdio-por-el-brasileirao-4.jpg\" width=\"290\" height=\"290\" decoding=\"async\" data-nimg=\"future\" loading=\"lazy\"><\/picture>\n<p><span>Mir\u00e1 tambi\u00e9n<\/span><\/p>\n<hr>\n<h3>El furor por el Inter Miami de Messi tambi\u00e9n lleg\u00f3 a Ecuador<\/h3>\n<\/p>\n<\/section>\n<\/div>\n<div class=\"sc-a7166897-0 exHLBh\" readability=\"6.5\">\n<section readability=\"3\"><picture><img alt=\"F\u00e9lix S\u00e1nchez Bas no descarta a Piero Hincapi\u00e9 para enfrentar a Argentina y Uruguay\" src=\"http:\/\/hoycordobaweb.com\/wp-content\/uploads\/2023\/08\/sin-semana-perfecta-el-inter-de-enner-valencia-perdio-por-el-brasileirao-5.jpg\" width=\"290\" height=\"290\" decoding=\"async\" data-nimg=\"future\" loading=\"lazy\"><\/picture>\n<p><span>Mir\u00e1 tambi\u00e9n<\/span><\/p>\n<hr>\n<h3>F\u00e9lix S\u00e1nchez Bas no descarta a Piero Hincapi\u00e9 para enfrentar a Argentina y Uruguay<\/h3>\n<\/p>\n<\/section>\n<\/div>\n<div class=\"sc-a7166897-0 exHLBh\" readability=\"6\">\n<section readability=\"2\"><picture><img alt=\"Primer triunfo de Sarmiento en el West Brom\" src=\"http:\/\/hoycordobaweb.com\/wp-content\/uploads\/2023\/08\/sin-semana-perfecta-el-inter-de-enner-valencia-perdio-por-el-brasileirao-6.jpg\" width=\"290\" height=\"290\" decoding=\"async\" data-nimg=\"future\" loading=\"lazy\"><\/picture>\n<p><span>Mir\u00e1 tambi\u00e9n<\/span><\/p>\n<hr>\n<h3>Primer triunfo de Sarmiento en el West Brom<\/h3>\n<\/p>\n<\/section>\n<\/div>\n<div class=\"sc-a7166897-0 exHLBh\" readability=\"6\">\n<section readability=\"2\"><picture><img alt=\"\u00bfHasta cu\u00e1ndo ser\u00eda el contrato de Mois\u00e9s Caicedo con el Chelsea?\" src=\"http:\/\/hoycordobaweb.com\/wp-content\/uploads\/2023\/08\/sin-semana-perfecta-el-inter-de-enner-valencia-perdio-por-el-brasileirao-7.jpg\" width=\"290\" height=\"290\" decoding=\"async\" data-nimg=\"future\" loading=\"lazy\"><\/picture>\n<p><span>Mir\u00e1 tambi\u00e9n<\/span><\/p>\n<hr>\n<h3>\u00bfHasta cu\u00e1ndo ser\u00eda el contrato de Mois\u00e9s Caicedo con el Chelsea?<\/h3>\n<\/p>\n<\/section>\n<\/div>\n<\/div>\n","protected":false},"excerpt":{"rendered":"<p>12\/08\/2023 23:13hs. La alegr\u00eda no fue completa para Internacional de Porto Alegre. Tras eliminar por penales a River en los octavos de final de la Copa Libertadores, el equipo de Enner Valencia volvi\u00f3 a la dura realidad que vive en el Brasileirao: hace siete partidos que no gana. Este s\u00e1bado, en R\u00edo de Janeiro, cay\u00f3 [&hellip;]<\/p>\n","protected":false},"author":1,"featured_media":64850,"comment_status":"open","ping_status":"closed","sticky":false,"template":"","format":"standard","meta":[],"categories":[16],"tags":[],"_links":{"self":[{"href":"http:\/\/hoycordobaweb.com\/index.php\/wp-json\/wp\/v2\/posts\/64849"}],"collection":[{"href":"http:\/\/hoycordobaweb.com\/index.php\/wp-json\/wp\/v2\/posts"}],"about":[{"href":"http:\/\/hoycordobaweb.com\/index.php\/wp-json\/wp\/v2\/types\/post"}],"author":[{"embeddable":true,"href":"http:\/\/hoycordobaweb.com\/index.php\/wp-json\/wp\/v2\/users\/1"}],"replies":[{"embeddable":true,"href":"http:\/\/hoycordobaweb.com\/index.php\/wp-json\/wp\/v2\/comments?post=64849"}],"version-history":[{"count":0,"href":"http:\/\/hoycordobaweb.com\/index.php\/wp-json\/wp\/v2\/posts\/64849\/revisions"}],"wp:featuredmedia":[{"embeddable":true,"href":"http:\/\/hoycordobaweb.com\/index.php\/wp-json\/wp\/v2\/media\/64850"}],"wp:attachment":[{"href":"http:\/\/hoycordobaweb.com\/index.php\/wp-json\/wp\/v2\/media?parent=64849"}],"wp:term":[{"taxonomy":"category","embeddable":true,"href":"http:\/\/hoycordobaweb.com\/index.php\/wp-json\/wp\/v2\/categories?post=64849"},{"taxonomy":"post_tag","embeddable":true,"href":"http:\/\/hoycordobaweb.com\/index.php\/wp-json\/wp\/v2\/tags?post=64849"}],"curies":[{"name":"wp","href":"https:\/\/api.w.org\/{rel}","templated":true}]}}