{"id":64809,"date":"2023-08-12T11:17:02","date_gmt":"2023-08-12T11:17:02","guid":{"rendered":"https:\/\/www.mujerhoy.com\/moda\/no-te-pierdas\/chollos-ultimas-rebajas-massimo-dutti-vestido-reina-letizia-eugenia-silva-20230812130207-nt.html"},"modified":"2023-08-12T11:17:02","modified_gmt":"2023-08-12T11:17:02","slug":"chollos-de-las-ultimas-rebajas-de-massimo-dutti-vestidos-para-ser-tan-elegante-como-eugenia-silva-o-la-reina-letizia","status":"publish","type":"post","link":"http:\/\/hoycordobaweb.com\/index.php\/2023\/08\/12\/chollos-de-las-ultimas-rebajas-de-massimo-dutti-vestidos-para-ser-tan-elegante-como-eugenia-silva-o-la-reina-letizia\/","title":{"rendered":"Chollos de las \u00faltimas rebajas de Massimo Dutti: vestidos para ser tan elegante como Eugenia Silva o la reina Letizia"},"content":{"rendered":"<p><!-- AUTHOR --><\/p>\n<div class=\"voc-author-timesocial \"><!-- AUTHOR --><\/p>\n<div class=\"voc-author-timesocial__signature\"><!-- IMAGE AUTHOR --><picture class=\"voc-image-signature\"><img class=\"voc-image-signature__img\" src=\"http:\/\/hoycordobaweb.com\/wp-content\/uploads\/2023\/08\/chollos-de-las-ultimas-rebajas-de-massimo-dutti-vestidos-para-ser-tan-elegante-como-eugenia-silva-o-la-reina-letizia.jpg\" alt=\"Raquel Rodr\u00edguez\"><\/picture><!-- INFO AUTHOR --><\/div>\n<\/div>\n<p><!-- COMPONENTS --><\/p>\n<p class=\"voc-paragraph\">Si te gustaron los \u00faltimos <a data-voc-vtm-id=\"in-text-traffic\" href=\"https:\/\/www.mujerhoy.com\/moda\/no-te-pierdas\/chollos-rebajas-zara-baratos-disponibles-todas-tallas-20230801132507-nt.html\" title=\"www.mujerhoy.com\">chollos de las rebajas de Zara<\/a>, espera a ver lo que hemos encontrado en <strong>Massimo Dutti<\/strong>. Buscando las prendas que m\u00e1s merecen la pena de este verano, nos hemos dado cuenta de que en la firma m\u00e1s lujosa de Inditex hay unas opciones con las que puedes copiar el estilo de algunas de las mujeres m\u00e1s estilosas de nuestro pa\u00eds.\n<\/p>\n<p class=\"voc-paragraph\">S\u00ed, hemos dado con dos prendas que son id\u00e9nticas a looks que han llevado <a data-voc-vtm-id=\"in-text-traffic\" href=\"https:\/\/www.mujerhoy.com\/temas\/personajes\/eugenia-silva.html\" title=\"www.mujerhoy.com\">Eugenia Silva<\/a> y <a data-voc-vtm-id=\"in-text-traffic\" href=\"https:\/\/www.mujerhoy.com\/temas\/personajes\/reina-dona-letizia.html\" title=\"www.mujerhoy.com\">la reina Letizia<\/a>. Y lo mejor de todo es que ambas se encuentran protagonizando la<br \/>\n<strong> secci\u00f3n de rebajas<\/strong> de la marca. As\u00ed, pues, si te gusta el saber hacer estil\u00edstico de ambas, ficha estas dos piezas que hemos encontrado.\n<\/p>\n<p class=\"voc-paragraph\">Si pensamos en los <strong>vestidos favoritos de la reina Letizia<\/strong>, se nos vienen a la cabeza muchos, pero lo cierto es que hay uno que ha usado infinidad de veces. S\u00ed, la monarca es dada a repetir prendas y ense\u00f1a siempre c\u00f3mo dar una segunda (e incluso tercera y cuarta) vida a algunas de las piezas de su armario. Y el <a data-voc-vtm-id=\"in-text-traffic\" href=\"https:\/\/www.mujerhoy.com\/moda\/no-te-pierdas\/reina-letizia-vestido-negro-efecto-piel-sfera-nueva-coleccion-look-otono-elegante-barato-20220914142104-nt.html\" title=\"www.mujerhoy.com\">vestido de piel de &amp;Other Stories<\/a> es un claro ejemplo.\n<\/p>\n<div class=\"voc-detail-photo-zoom\"><picture data-toggle=\"modal\" data-target=\"#photoZoomModal-583\" target=\"modal\">\n<div class=\"voc-img-icon-link\"><img loading=\"lazy\" data-original=\"\/\/static3.mujerhoy.com\/www\/multimedia\/202308\/08\/media\/cortadas\/letizia-vestido-barato-kDZC--460x637@MujerHoy.jpg\" class=\"lazy adsviu_analyse\" alt=\"La reina Letizia con el vestido de &amp;Other Stories. \/ GTRES\"><noscript><img src=\"http:\/\/hoycordobaweb.com\/wp-content\/uploads\/2023\/08\/chollos-de-las-ultimas-rebajas-de-massimo-dutti-vestidos-para-ser-tan-elegante-como-eugenia-silva-o-la-reina-letizia-1.jpg\" alt=\"La reina Letizia con el vestido de &amp;Other Stories. \/ GTRES\"><\/noscript><i class=\"voc-icons zoom voc-multimedia-box voc-ico-l\"><\/i><\/div><figcaption class=\"figure-caption\">La reina Letizia con el vestido de &amp;Other Stories. \/ GTRES<\/figcaption><\/picture><\/div>\n<div id=\"photoZoomModal-583\" class=\"voc-lightbox modal fade voc-lightbox--photo-zoom\" role=\"dialog\" data-voc-photozoom-lightbox>\n<div class=\"voc-lightbox__dialog\" role=\"document\">\n<div class=\"voc-lightbox__content\"><!-- Modal header --><!-- Modal content --><\/p>\n<div class=\"voc-lightbox__photo-container\"><picture class><img loading=\"lazy\" data-original=\"\/\/static3.mujerhoy.com\/www\/multimedia\/202308\/08\/media\/cortadas\/letizia-vestido-barato-kDZC--460x637@MujerHoy.jpg\" alt=\"La reina Letizia con el vestido de &amp;Other Stories. \/ GTRES\" class=\"lazy\"><noscript><img src=\"http:\/\/hoycordobaweb.com\/wp-content\/uploads\/2023\/08\/chollos-de-las-ultimas-rebajas-de-massimo-dutti-vestidos-para-ser-tan-elegante-como-eugenia-silva-o-la-reina-letizia-1.jpg\" alt=\"La reina Letizia con el vestido de &amp;Other Stories. \/ GTRES\"><\/noscript><\/picture><\/div>\n<\/div>\n<\/div>\n<\/div>\n<p class=\"voc-paragraph\">Hablamos de un vestido en color negro y confeccionado en un tejido de piel que <strong>estren\u00f3 en la edici\u00f3n de 2019 de la Feria ARCO<\/strong>. Un look que caus\u00f3 sensanci\u00f3n y que combin\u00f3 con un sofisticado peinado con coleta y raya al lado. A\u00f1os despu\u00e9s, ha ido volviendo a lucir esta pieza de diferentes maneras demostrando que est\u00e1 entre sus favoritas.\n<\/p>\n<div class=\"voc-detail-photo-zoom\"><picture data-toggle=\"modal\" data-target=\"#photoZoomModal-870\" target=\"modal\">\n<div class=\"voc-img-icon-link\"><img loading=\"lazy\" data-original=\"\/\/static2.mujerhoy.com\/www\/multimedia\/202308\/08\/media\/cortadas\/vestido-piel-negro-massimo-dutti-kDZC--460x637@MujerHoy.jpg\" class=\"lazy adsviu_analyse\" alt=\"El vestido de piel de Massimo Dutti.\"><noscript><img src=\"http:\/\/hoycordobaweb.com\/wp-content\/uploads\/2023\/08\/chollos-de-las-ultimas-rebajas-de-massimo-dutti-vestidos-para-ser-tan-elegante-como-eugenia-silva-o-la-reina-letizia.png\" alt=\"El vestido de piel de Massimo Dutti.\"><\/noscript><i class=\"voc-icons zoom voc-multimedia-box voc-ico-l\"><\/i><\/div><figcaption class=\"figure-caption\">El vestido de piel de Massimo Dutti.<\/figcaption><\/picture><\/div>\n<div id=\"photoZoomModal-870\" class=\"voc-lightbox modal fade voc-lightbox--photo-zoom\" role=\"dialog\" data-voc-photozoom-lightbox>\n<div class=\"voc-lightbox__dialog\" role=\"document\">\n<div class=\"voc-lightbox__content\"><!-- Modal header --><!-- Modal content --><\/p>\n<div class=\"voc-lightbox__photo-container\"><picture class><img loading=\"lazy\" data-original=\"\/\/static2.mujerhoy.com\/www\/multimedia\/202308\/08\/media\/cortadas\/vestido-piel-negro-massimo-dutti-kDZC--460x637@MujerHoy.jpg\" alt=\"El vestido de piel de Massimo Dutti.\" class=\"lazy\"><noscript><img src=\"http:\/\/hoycordobaweb.com\/wp-content\/uploads\/2023\/08\/chollos-de-las-ultimas-rebajas-de-massimo-dutti-vestidos-para-ser-tan-elegante-como-eugenia-silva-o-la-reina-letizia.png\" alt=\"El vestido de piel de Massimo Dutti.\"><\/noscript><\/picture><\/div>\n<\/div>\n<\/div>\n<\/div>\n<p class=\"voc-paragraph\">Y s\u00ed, en las rebajas de Massimo Dutti hay un dise\u00f1o que es casi id\u00e9ntico. Con la misma manga corta ancha, de largo midi y confeccionadao en piel ovina, es un vestido que se diferencia en que es ligeramente m\u00e1s ajustado y tiene un corte recto. \u00bfLo mejor? Que costaba 299 euros y ahora lo puedes comprar por<br \/>\n<strong> 129 euros<\/strong>. \u00a1No est\u00e1 nada mal!\n<\/p>\n<div class=\"voc-detail-photo-zoom\"><picture data-toggle=\"modal\" data-target=\"#photoZoomModal-647\" target=\"modal\">\n<div class=\"voc-img-icon-link\"><img loading=\"lazy\" data-original=\"\/\/static1.mujerhoy.com\/www\/multimedia\/202308\/08\/media\/cortadas\/eugenia-silva-vestido-blanco-verano-kDZC--460x637@MujerHoy.jpg\" class=\"lazy adsviu_analyse\" alt=\"Eugenia Silva con un vestido de punto.\"><noscript><img src=\"http:\/\/hoycordobaweb.com\/wp-content\/uploads\/2023\/08\/chollos-de-las-ultimas-rebajas-de-massimo-dutti-vestidos-para-ser-tan-elegante-como-eugenia-silva-o-la-reina-letizia-2.jpg\" alt=\"Eugenia Silva con un vestido de punto.\"><\/noscript><i class=\"voc-icons zoom voc-multimedia-box voc-ico-l\"><\/i><\/div><figcaption class=\"figure-caption\">Eugenia Silva con un vestido de punto.<\/figcaption><\/picture><\/div>\n<div id=\"photoZoomModal-647\" class=\"voc-lightbox modal fade voc-lightbox--photo-zoom\" role=\"dialog\" data-voc-photozoom-lightbox>\n<div class=\"voc-lightbox__dialog\" role=\"document\">\n<div class=\"voc-lightbox__content\"><!-- Modal header --><!-- Modal content --><\/p>\n<div class=\"voc-lightbox__photo-container\"><picture class><img loading=\"lazy\" data-original=\"\/\/static1.mujerhoy.com\/www\/multimedia\/202308\/08\/media\/cortadas\/eugenia-silva-vestido-blanco-verano-kDZC--460x637@MujerHoy.jpg\" alt=\"Eugenia Silva con un vestido de punto.\" class=\"lazy\"><noscript><img src=\"http:\/\/hoycordobaweb.com\/wp-content\/uploads\/2023\/08\/chollos-de-las-ultimas-rebajas-de-massimo-dutti-vestidos-para-ser-tan-elegante-como-eugenia-silva-o-la-reina-letizia-2.jpg\" alt=\"Eugenia Silva con un vestido de punto.\"><\/noscript><\/picture><\/div>\n<\/div>\n<\/div>\n<\/div>\n<p class=\"voc-paragraph\">Pero si prefieres algo m\u00e1s veraniego, atenta a la propuesta que le hemos encontrado a Eugenia Silva. La modelo ha lucido recientemente en su perfil de Instagram un <strong>vestido de punto<\/strong> que no puede ser m\u00e1s ideal para verano. Un vestido precioso y elegante que se lleva much\u00edsimo.\n<\/p>\n<p class=\"voc-paragraph\">Era una pieza ajustada, de largo midi, con escote halter y tirantes finos que <strong>combin\u00f3 con un bikini<\/strong>. Un look playero que se puede versionar para el d\u00eda a d\u00eda y que confirma la tendencia de los vestidos de punto calado. Un lookazo en toda regla que puedes comprar en las rebajas de Massimo Dutti.\n<\/p>\n<div class=\"voc-detail-photo-zoom\"><picture data-toggle=\"modal\" data-target=\"#photoZoomModal-340\" target=\"modal\">\n<div class=\"voc-img-icon-link\"><img loading=\"lazy\" data-original=\"\/\/static2.mujerhoy.com\/www\/multimedia\/202308\/08\/media\/cortadas\/vestido-crochet-massimo-dutti-kDZC--460x637@MujerHoy.jpg\" class=\"lazy adsviu_analyse\" alt=\"El vestido de corchet de Massimo Dutti.\"><noscript><img src=\"http:\/\/hoycordobaweb.com\/wp-content\/uploads\/2023\/08\/chollos-de-las-ultimas-rebajas-de-massimo-dutti-vestidos-para-ser-tan-elegante-como-eugenia-silva-o-la-reina-letizia-1.png\" alt=\"El vestido de corchet de Massimo Dutti.\"><\/noscript><i class=\"voc-icons zoom voc-multimedia-box voc-ico-l\"><\/i><\/div><figcaption class=\"figure-caption\">El vestido de corchet de Massimo Dutti.<\/figcaption><\/picture><\/div>\n<div id=\"photoZoomModal-340\" class=\"voc-lightbox modal fade voc-lightbox--photo-zoom\" role=\"dialog\" data-voc-photozoom-lightbox>\n<div class=\"voc-lightbox__dialog\" role=\"document\">\n<div class=\"voc-lightbox__content\"><!-- Modal header --><!-- Modal content --><\/p>\n<div class=\"voc-lightbox__photo-container\"><picture class><img loading=\"lazy\" data-original=\"\/\/static2.mujerhoy.com\/www\/multimedia\/202308\/08\/media\/cortadas\/vestido-crochet-massimo-dutti-kDZC--460x637@MujerHoy.jpg\" alt=\"El vestido de corchet de Massimo Dutti.\" class=\"lazy\"><noscript><img src=\"http:\/\/hoycordobaweb.com\/wp-content\/uploads\/2023\/08\/chollos-de-las-ultimas-rebajas-de-massimo-dutti-vestidos-para-ser-tan-elegante-como-eugenia-silva-o-la-reina-letizia-1.png\" alt=\"El vestido de corchet de Massimo Dutti.\"><\/noscript><\/picture><\/div>\n<\/div>\n<\/div>\n<\/div>\n<p class=\"voc-paragraph\">En la secci\u00f3n de descuentos hay un modelo muy parecido que no nos puedes gustar m\u00e1s. Se trata de un vestido de crochet en color blanco, de tirantes, escote a la espalda y de largo midi. Un dise\u00f1o para llevar con la ropa de ba\u00f1o, pero tambi\u00e9n paradar un paseo, que est\u00e1 rebajado a <strong>59,95 euros<\/strong>. \u00a1Lo queremos!\n<\/p>\n<p><!-- TOPICS --><\/p>\n","protected":false},"excerpt":{"rendered":"<p>Si te gustaron los \u00faltimos chollos de las rebajas de Zara, espera a ver lo que hemos encontrado en Massimo Dutti. Buscando las prendas que m\u00e1s merecen la pena de este verano, nos hemos dado cuenta de que en la firma m\u00e1s lujosa de Inditex hay unas opciones con las que puedes copiar el estilo [&hellip;]<\/p>\n","protected":false},"author":1,"featured_media":64810,"comment_status":"closed","ping_status":"closed","sticky":false,"template":"","format":"standard","meta":[],"categories":[1],"tags":[],"_links":{"self":[{"href":"http:\/\/hoycordobaweb.com\/index.php\/wp-json\/wp\/v2\/posts\/64809"}],"collection":[{"href":"http:\/\/hoycordobaweb.com\/index.php\/wp-json\/wp\/v2\/posts"}],"about":[{"href":"http:\/\/hoycordobaweb.com\/index.php\/wp-json\/wp\/v2\/types\/post"}],"author":[{"embeddable":true,"href":"http:\/\/hoycordobaweb.com\/index.php\/wp-json\/wp\/v2\/users\/1"}],"replies":[{"embeddable":true,"href":"http:\/\/hoycordobaweb.com\/index.php\/wp-json\/wp\/v2\/comments?post=64809"}],"version-history":[{"count":0,"href":"http:\/\/hoycordobaweb.com\/index.php\/wp-json\/wp\/v2\/posts\/64809\/revisions"}],"wp:featuredmedia":[{"embeddable":true,"href":"http:\/\/hoycordobaweb.com\/index.php\/wp-json\/wp\/v2\/media\/64810"}],"wp:attachment":[{"href":"http:\/\/hoycordobaweb.com\/index.php\/wp-json\/wp\/v2\/media?parent=64809"}],"wp:term":[{"taxonomy":"category","embeddable":true,"href":"http:\/\/hoycordobaweb.com\/index.php\/wp-json\/wp\/v2\/categories?post=64809"},{"taxonomy":"post_tag","embeddable":true,"href":"http:\/\/hoycordobaweb.com\/index.php\/wp-json\/wp\/v2\/tags?post=64809"}],"curies":[{"name":"wp","href":"https:\/\/api.w.org\/{rel}","templated":true}]}}