{"id":64789,"date":"2023-08-11T21:51:35","date_gmt":"2023-08-11T21:51:35","guid":{"rendered":"https:\/\/ladecimaweb.com\/?p=18421"},"modified":"2023-08-11T21:51:35","modified_gmt":"2023-08-11T21:51:35","slug":"conectan-el-servicio-de-agua-a-mas-de-1000-vecinos-de-la-felipe-varela","status":"publish","type":"post","link":"http:\/\/hoycordobaweb.com\/index.php\/2023\/08\/11\/conectan-el-servicio-de-agua-a-mas-de-1000-vecinos-de-la-felipe-varela\/","title":{"rendered":"Conectan el servicio de agua a m\u00e1s de 1000 vecinos de la Felipe Varela"},"content":{"rendered":"<div class=\"boldgrid-section\">\n<div class=\"container\">\n<div class=\"row\">\n<div class=\"col-md-12 col-xs-12 col-sm-12\">\n<p class=\"\">En el marco del programa \u201cM\u00e1s Agua, M\u00e1s Salud\u201d, la Municipalidad de C\u00f3rdoba ampl\u00eda el servicio de agua para dar cobertura a 1.010 vecinos que residen en Cooperativa Felipe Varela.<\/p>\n<p>La extensi\u00f3n de la red en la barriada de la zona sur ya fue confeccionada.<\/p>\n<p class=\"\">Ahora son los servidores urbanos los que realizan las \u00faltimas tareas, tendientes a enlazar la red externa con la interna de las viviendas y que pueda ser utilizada para los usuarios.<\/p>\n<p>El final de obra es posible gracias al programa \u201cConexiones urbanas\u201d, mediante el cual se capacitaron a servidores urbanos en Termofusi\u00f3n a trav\u00e9s de la UOCRA.<\/p>\n<p>La inversi\u00f3n destinada a garantizar el derecho b\u00e1sico y universal al agua potable en Felipe Varela fue superior a los $36 millones.<\/p>\n<p>Una vez conectados, los vecinos podr\u00e1n incorporarse a la tarifa social, una acci\u00f3n planificada junto al Ministerio de Desarrollo Social de la Provincia de C\u00f3rdoba.<\/p>\n<p class=\"\">La barriada se encuentra ubicada al sur de Comercial y al este de Valle Cercano, a metros de la Av. V\u00e9lez S\u00e1rsfield.<\/p>\n<p class=\"\">&nbsp;<\/p>\n<p class=\"\">\n<div class=\"ubm_banner\"><a href=\"http:\/\/www.cba.gov.ar\/prevencion-incendios\" target=\"_blank\" rel=\"dofollow noopener noreferrer\"><img src=\"http:\/\/hoycordobaweb.com\/wp-content\/uploads\/2023\/08\/conectan-el-servicio-de-agua-a-mas-de-1000-vecinos-de-la-felipe-varela.gif\" alt=\"\"><\/a><\/div>\n<\/div>\n<\/div>\n<\/div>\n<\/div>\n<p>La entrada <a rel=\"nofollow\" href=\"https:\/\/ladecimaweb.com\/conectan-el-servicio-de-agua-a-mas-de-1000-vecinos-de-la-felipe-varela\/\">Conectan el servicio de agua a m\u00e1s de 1000 vecinos de la Felipe Varela<\/a> se public\u00f3 primero en <a rel=\"nofollow\" href=\"https:\/\/ladecimaweb.com\">LaDecima<\/a>.<\/p>\n","protected":false},"excerpt":{"rendered":"<p>En el marco del programa \u201cM\u00e1s Agua, M\u00e1s Salud\u201d, la Municipalidad de C\u00f3rdoba ampl\u00eda el servicio de agua para dar cobertura a 1.010 vecinos que residen en Cooperativa Felipe Varela. La extensi\u00f3n de la red en la barriada de la zona sur ya fue confeccionada. Ahora son los servidores urbanos los que realizan las \u00faltimas [&hellip;]<\/p>\n","protected":false},"author":1,"featured_media":64790,"comment_status":"closed","ping_status":"closed","sticky":false,"template":"","format":"standard","meta":[],"categories":[19],"tags":[],"_links":{"self":[{"href":"http:\/\/hoycordobaweb.com\/index.php\/wp-json\/wp\/v2\/posts\/64789"}],"collection":[{"href":"http:\/\/hoycordobaweb.com\/index.php\/wp-json\/wp\/v2\/posts"}],"about":[{"href":"http:\/\/hoycordobaweb.com\/index.php\/wp-json\/wp\/v2\/types\/post"}],"author":[{"embeddable":true,"href":"http:\/\/hoycordobaweb.com\/index.php\/wp-json\/wp\/v2\/users\/1"}],"replies":[{"embeddable":true,"href":"http:\/\/hoycordobaweb.com\/index.php\/wp-json\/wp\/v2\/comments?post=64789"}],"version-history":[{"count":0,"href":"http:\/\/hoycordobaweb.com\/index.php\/wp-json\/wp\/v2\/posts\/64789\/revisions"}],"wp:featuredmedia":[{"embeddable":true,"href":"http:\/\/hoycordobaweb.com\/index.php\/wp-json\/wp\/v2\/media\/64790"}],"wp:attachment":[{"href":"http:\/\/hoycordobaweb.com\/index.php\/wp-json\/wp\/v2\/media?parent=64789"}],"wp:term":[{"taxonomy":"category","embeddable":true,"href":"http:\/\/hoycordobaweb.com\/index.php\/wp-json\/wp\/v2\/categories?post=64789"},{"taxonomy":"post_tag","embeddable":true,"href":"http:\/\/hoycordobaweb.com\/index.php\/wp-json\/wp\/v2\/tags?post=64789"}],"curies":[{"name":"wp","href":"https:\/\/api.w.org\/{rel}","templated":true}]}}