{"id":64787,"date":"2023-08-11T22:28:19","date_gmt":"2023-08-11T22:28:19","guid":{"rendered":"https:\/\/ladecimaweb.com\/?p=18424"},"modified":"2023-08-11T22:28:19","modified_gmt":"2023-08-11T22:28:19","slug":"un-jabali-casi-provoca-una-tragedia-en-las-altas-cumbres","status":"publish","type":"post","link":"http:\/\/hoycordobaweb.com\/index.php\/2023\/08\/11\/un-jabali-casi-provoca-una-tragedia-en-las-altas-cumbres\/","title":{"rendered":"Un jabal\u00ed casi provoca una tragedia en las Altas Cumbres"},"content":{"rendered":"<div class=\"boldgrid-section\">\n<div class=\"container\">\n<div class=\"row\">\n<div class=\"col-md-12 col-xs-12 col-sm-12\">\n<p class=\"\">Una jabal\u00ed se atraves\u00f3 en medio de la ruta y casi provoca una tragedia en el camino de las Altas Cumbres, en un hecho ocurri\u00f3 en las \u00faltimas horas.<\/p>\n<p class=\"\">Todo se sucedi\u00f3 sobre la Ruta Provincial 34. El animal suelto fue embestido por un veh\u00edculo que estuvo cerca de volcar.<\/p>\n<p class=\"\">El rodado termin\u00f3 en la banquina con severos da\u00f1os.<\/p>\n<p class=\"\">Afortunadamente, s\u00f3lo se registraron da\u00f1os materiales y no hubo que lamentar heridos ni v\u00edctimas fatales.<\/p>\n<p class=\"\">&nbsp;<\/p>\n<p class=\"\">\n<div class=\"ubm_banner\"><a href=\"http:\/\/www.cba.gov.ar\/prevencion-incendios\" target=\"_blank\" rel=\"dofollow noopener noreferrer\"><img src=\"http:\/\/hoycordobaweb.com\/wp-content\/uploads\/2023\/08\/un-jabali-casi-provoca-una-tragedia-en-las-altas-cumbres.gif\" alt=\"\"><\/a><\/div>\n<\/div>\n<\/div>\n<\/div>\n<\/div>\n<p>La entrada <a rel=\"nofollow\" href=\"https:\/\/ladecimaweb.com\/un-jabali-casi-provoca-una-tragedia-en-las-altas-cumbres\/\">Un jabal\u00ed casi provoca una tragedia en las Altas Cumbres<\/a> se public\u00f3 primero en <a rel=\"nofollow\" href=\"https:\/\/ladecimaweb.com\">LaDecima<\/a>.<\/p>\n","protected":false},"excerpt":{"rendered":"<p>Una jabal\u00ed se atraves\u00f3 en medio de la ruta y casi provoca una tragedia en el camino de las Altas Cumbres, en un hecho ocurri\u00f3 en las \u00faltimas horas. Todo se sucedi\u00f3 sobre la Ruta Provincial 34. El animal suelto fue embestido por un veh\u00edculo que estuvo cerca de volcar. El rodado termin\u00f3 en la [&hellip;]<\/p>\n","protected":false},"author":1,"featured_media":64788,"comment_status":"closed","ping_status":"closed","sticky":false,"template":"","format":"standard","meta":[],"categories":[19],"tags":[],"_links":{"self":[{"href":"http:\/\/hoycordobaweb.com\/index.php\/wp-json\/wp\/v2\/posts\/64787"}],"collection":[{"href":"http:\/\/hoycordobaweb.com\/index.php\/wp-json\/wp\/v2\/posts"}],"about":[{"href":"http:\/\/hoycordobaweb.com\/index.php\/wp-json\/wp\/v2\/types\/post"}],"author":[{"embeddable":true,"href":"http:\/\/hoycordobaweb.com\/index.php\/wp-json\/wp\/v2\/users\/1"}],"replies":[{"embeddable":true,"href":"http:\/\/hoycordobaweb.com\/index.php\/wp-json\/wp\/v2\/comments?post=64787"}],"version-history":[{"count":0,"href":"http:\/\/hoycordobaweb.com\/index.php\/wp-json\/wp\/v2\/posts\/64787\/revisions"}],"wp:featuredmedia":[{"embeddable":true,"href":"http:\/\/hoycordobaweb.com\/index.php\/wp-json\/wp\/v2\/media\/64788"}],"wp:attachment":[{"href":"http:\/\/hoycordobaweb.com\/index.php\/wp-json\/wp\/v2\/media?parent=64787"}],"wp:term":[{"taxonomy":"category","embeddable":true,"href":"http:\/\/hoycordobaweb.com\/index.php\/wp-json\/wp\/v2\/categories?post=64787"},{"taxonomy":"post_tag","embeddable":true,"href":"http:\/\/hoycordobaweb.com\/index.php\/wp-json\/wp\/v2\/tags?post=64787"}],"curies":[{"name":"wp","href":"https:\/\/api.w.org\/{rel}","templated":true}]}}