{"id":64736,"date":"2023-08-11T11:03:23","date_gmt":"2023-08-11T11:03:23","guid":{"rendered":"https:\/\/www.ole.com.ar\/futbol-internacional\/sudamericana\/hinchas-san-lorenzo-detenidos-racismo-san-pablo_0_nt3nb6agpb.html"},"modified":"2023-08-11T11:03:23","modified_gmt":"2023-08-11T11:03:23","slug":"dos-hinchas-de-san-lorenzo-detenidos-por-racismo-en-san-pablo","status":"publish","type":"post","link":"http:\/\/hoycordobaweb.com\/index.php\/2023\/08\/11\/dos-hinchas-de-san-lorenzo-detenidos-por-racismo-en-san-pablo\/","title":{"rendered":"Dos hinchas de San Lorenzo detenidos por racismo en San Pablo"},"content":{"rendered":"<p><img src=\"http:\/\/hoycordobaweb.com\/wp-content\/uploads\/2023\/08\/dos-hinchas-de-san-lorenzo-detenidos-por-racismo-en-san-pablo.jpg\"><\/p>\n<p><time class=\"createDate\" datetime=\"2023-08-11T08:03:23-03:00\">11\/08\/2023 08:03hs.<\/time><time class=\"modificatedDate\" datetime=\"2023-08-11T08:03:23-03:00\"><\/time><\/p>\n<div id=\"storyBody\">\n<div class=\"custom-text \" readability=\"34\">\n<p>El racismo se volvi\u00f3 un lamentable habitu\u00e9 tanto en la Copa Libertadores como en la Copa Sudamericana. Los partidos de octavos de final no hicieron m\u00e1s que confirmarlo: <strong>dos hinchas de San Lorenzo quedaron detenidos en Brasil <\/strong>por haber discriminado a los hinchas de San Pablo.<\/p>\n<\/div>\n<div class=\"custom-text \" readability=\"35\">\n<p>Durante el entretiempo del partido en el que el equipo de Rub\u00e9n Dar\u00edo Insua debi\u00f3 despedirse de su sue\u00f1o copero, un hombre que estaba en la tribuna visitante f<strong>ue filmado haci\u00e9ndoles gestos a los locales.<\/strong><\/p>\n<\/div>\n<div class=\"custom-embedhtml\" readability=\"6.6338028169014\">\n<blockquote class=\"twitter-tweet\" readability=\"7.0760563380282\">\n<p lang=\"pt\" dir=\"ltr\">A Pol\u00edcia Civil (DOPE &#8211; Delegacia do Futebol) identificou e prendeu um torcedor por racismo no jogo do S\u00e3o Paulo contra o San Lorenzo. N\u00e3o vamos tolerar essa atitude dentro ou fora dos est\u00e1dios de SP. Que o garoto fique bem e saiba que estamos aqui para fazer cumprir a lei. <a href=\"https:\/\/t.co\/dXK9Q8npRz\">pic.twitter.com\/dXK9Q8npRz<\/a><\/p>\n<p>\u2014 Guilherme Derrite (@DerriteSP) <a href=\"https:\/\/twitter.com\/DerriteSP\/status\/1689838436708941824?ref_src=twsrc%5Etfw\">August 11, 2023<\/a><\/p><\/blockquote><\/div>\n<div class=\"custom-text \" readability=\"34\">\n<p>La situaci\u00f3n subi\u00f3 de tono cuando un joven hincha de San Pablo de apenas 12 a\u00f1os <strong>rompi\u00f3 en llanto y denunci\u00f3 en un video que fue golpeado por una banana <\/strong>que cay\u00f3 desde la grada durante el festejo del primer gol de su equipo.<\/p>\n<\/div>\n<div class=\"custom-text \" readability=\"35\">\n<p>Los problemas no terminaron ah\u00ed. Cuando San Lorenzo emprend\u00eda su retirada y mientras el Morumb\u00ed estallaba al grito de \u00abeliminado\u00bb, un sujeto que se encontraba en uno de los palcos visitantes tambi\u00e9n <strong>qued\u00f3 registrado por una c\u00e1mara al mostrar una actitud discriminatoria.<\/strong><\/p>\n<\/div>\n<div class=\"custom-embedhtml\" readability=\"6.1458333333333\">\n<blockquote class=\"twitter-tweet\" readability=\"6.1458333333333\">\n<p lang=\"pt\" dir=\"ltr\">Dois torcedores do San Lorenzo est\u00e3o preciso ap\u00f3s cometerem atos racistas. As v\u00edtimas est\u00e3o prestando Boletim de Ocorr\u00eancia aqui no Jecrim do Morumbi. Os dois seguir\u00e3o presos pois racismo \u00e9 crime inafian\u00e7\u00e1vel. Um dos casos \u00e9 o v\u00eddeo abaixo \ud83d\udc47 <a href=\"https:\/\/t.co\/wPmOiXq4t7\">pic.twitter.com\/wPmOiXq4t7<\/a><\/p>\n<p>\u2014 Giovanni Chacon (@GiovanniChacon_) <a href=\"https:\/\/twitter.com\/GiovanniChacon_\/status\/1689817690473467904?ref_src=twsrc%5Etfw\">August 11, 2023<\/a><\/p><\/blockquote><\/div>\n<div class=\"custom-text \" readability=\"36\">\n<p>Finalizado el partido, la Comisar\u00eda de Operaciones Especiales Estrat\u00e9gicas (DOPE) intific\u00f3 y detuvo a esos dos hinchas. Seg\u00fan informan los medios de Brasil, <strong>el delito de racismo no est\u00e1 sujeto a fianza.<\/strong><\/p>\n<\/div>\n<p><h2><strong>En la previa, San Lorenzo hab\u00eda pedido garantizar la seguridad de sus hinchas<\/strong><\/h2>\n<\/p>\n<div class=\"custom-text \" readability=\"37\">\n<p>La violencia que sufrieron los argentinos en su visita a tierras cariocas fue un tema que estuvo en agenda durante toda la semana. Por ejemplo, los simpatizantes de Internacional buscaron agredir a sus pares de River en su visita a Porto Alegre, mientras que <strong>los fan\u00e1ticos de Argentinos fueron v\u00edctimas de represi\u00f3n en el Maracan\u00e1.<\/strong><\/p>\n<\/div>\n<div class=\"custom-text \" readability=\"36\">\n<p>Tambi\u00e9n hubo balas de goma y una avalancha que casi termina en tragedia en la cancha de Newell&#8217;s, que <strong>comenz\u00f3 como un cruce con los hinchas del Corinthians<\/strong>, y un simpatizante de Estudiantes denunci\u00f3 abuso de autoridad por parte de la polic\u00eda de Goiania.<\/p>\n<\/div>\n<div class=\"sc-e7b891c4-0 jPbnQF\"><img alt=\"Ataque de la polic\u00eda de Brasil a hinchas de Argentinos.\" src=\"http:\/\/hoycordobaweb.com\/wp-content\/uploads\/2023\/08\/dos-hinchas-de-san-lorenzo-detenidos-por-racismo-en-san-pablo-2.jpg\" width=\"720\" height=\"100\" decoding=\"async\" data-nimg=\"future\" loading=\"lazy\"><span class=\"epigraphe\">Ataque de la polic\u00eda de Brasil a hinchas de Argentinos.<\/span><\/div>\n<div class=\"custom-text \" readability=\"35\">\n<p>Como si fuera poco, la semana anterior en Uruguay, los seguidores de Boca que viajaron a Montevideo <strong>tambi\u00e9n fueron v\u00edctimas de maltrato.<\/strong><\/p>\n<\/div>\n<div class=\"custom-text \" readability=\"35\">\n<p>Esos episodios fueron los que llevaron a la dirigencia de San Lorenzo a moverse de inmediato para garantizarles seguridad a los hinchas que viajaran a San Pablo para evitar que la violencia siga repiti\u00e9ndose. Y as\u00ed fue:<strong> no se registraron heridos ni un clima tenso durante la previa<\/strong>. El problema lleg\u00f3 despu\u00e9s desde su misma tribuna&#8230;<\/p>\n<\/div>\n<p><h2><strong>El comunicado de San Lorenzo pidiendo custodia policial para sus hinchas en Brasil<\/strong><\/h2>\n<\/p>\n<div class=\"custom-text \" readability=\"37\">\n<p>El comunicado, firmado por el vicepresidente primero, Miguel Mastrosimone, es corto y conciso: \u201cTengo el agrado de dirigirme a usted en relaci\u00f3n con el partido a disputarse el d\u00eda 10 de agosto por la Copa Sudamericana entre el Club San Lorenzo de Almagro y el Club San Pablo\u00bb.<\/p>\n<\/div>\n<div class=\"custom-text \" readability=\"39\">\n<p>\u00abEn relaci\u00f3n al mismo, le solicito la colaboraci\u00f3n del Consulado Argentino para que los simpatizantes de nuestro club cuenten con custodia policial en sus desplazamientos entre el Estadio Cicero Pompeu de Toledo (Morumb\u00ed) y el hotel Estanplaza Berrini. Los simpatizantes, al igual que el plantel profesional y los directivos del club, se desplazar\u00e1n desde el hotel hacia el estadio a las 15.30. Se estima la asistencia de alrededor de 700 a 1000 simpatizantes que se desplazar\u00e1n en al menos 6 \u00f3mnibus y diversos autos particulares\u00bb, cierra el pedido.<\/p>\n<\/div>\n<div class=\"sc-e7b891c4-0 jPbnQF\"><img alt=\"La carta de San Lorenzo al Consulado Argentino. (San Lorenzo)\" src=\"http:\/\/hoycordobaweb.com\/wp-content\/uploads\/2023\/08\/dos-hinchas-de-san-lorenzo-detenidos-por-racismo-en-san-pablo-3.jpg\" width=\"720\" height=\"100\" decoding=\"async\" data-nimg=\"future\" loading=\"lazy\"><span class=\"epigraphe\">La carta de San Lorenzo al Consulado Argentino. (San Lorenzo)<\/span><\/div>\n<div class=\"sc-a7166897-0 exHLBh\" readability=\"6.5\">\n<section readability=\"3\"><picture><img alt=\"El recorrido de los argentinos en octavos de las Copas: cuatro eliminados y cuatro que siguen \" src=\"http:\/\/hoycordobaweb.com\/wp-content\/uploads\/2023\/08\/dos-hinchas-de-san-lorenzo-detenidos-por-racismo-en-san-pablo-4.jpg\" width=\"290\" height=\"290\" decoding=\"async\" data-nimg=\"future\" loading=\"lazy\"><\/picture>\n<p><span>Mir\u00e1 tambi\u00e9n<\/span><\/p>\n<hr>\n<h3>El recorrido de los argentinos en octavos de las Copas: cuatro eliminados y cuatro que siguen <\/h3>\n<\/p>\n<\/section>\n<\/div>\n<div class=\"sc-a7166897-0 exHLBh\" readability=\"6\">\n<section readability=\"2\"><picture><img alt=\"Ojo con todas las violencias\" src=\"http:\/\/hoycordobaweb.com\/wp-content\/uploads\/2023\/08\/dos-hinchas-de-san-lorenzo-detenidos-por-racismo-en-san-pablo-5.jpg\" width=\"290\" height=\"290\" decoding=\"async\" data-nimg=\"future\" loading=\"lazy\"><\/picture>\n<p><span>Mir\u00e1 tambi\u00e9n<\/span><\/p>\n<hr>\n<h3>Ojo con todas las violencias<\/h3>\n<\/p>\n<\/section>\n<\/div>\n<div class=\"sc-a7166897-0 exHLBh\" readability=\"6.5\">\n<section readability=\"3\"><picture><img alt=\"San Lorenzo, eliminado en San Pablo pero con sacrificio y orgullo\" src=\"http:\/\/hoycordobaweb.com\/wp-content\/uploads\/2023\/08\/dos-hinchas-de-san-lorenzo-detenidos-por-racismo-en-san-pablo-6.jpg\" width=\"290\" height=\"290\" decoding=\"async\" data-nimg=\"future\" loading=\"lazy\"><\/picture>\n<p><span>Mir\u00e1 tambi\u00e9n<\/span><\/p>\n<hr>\n<h3>San Lorenzo, eliminado en San Pablo pero con sacrificio y orgullo<\/h3>\n<\/p>\n<\/section>\n<\/div>\n<\/div>\n","protected":false},"excerpt":{"rendered":"<p>11\/08\/2023 08:03hs. El racismo se volvi\u00f3 un lamentable habitu\u00e9 tanto en la Copa Libertadores como en la Copa Sudamericana. Los partidos de octavos de final no hicieron m\u00e1s que confirmarlo: dos hinchas de San Lorenzo quedaron detenidos en Brasil por haber discriminado a los hinchas de San Pablo. Durante el entretiempo del partido en el [&hellip;]<\/p>\n","protected":false},"author":1,"featured_media":64737,"comment_status":"open","ping_status":"closed","sticky":false,"template":"","format":"standard","meta":[],"categories":[16],"tags":[],"_links":{"self":[{"href":"http:\/\/hoycordobaweb.com\/index.php\/wp-json\/wp\/v2\/posts\/64736"}],"collection":[{"href":"http:\/\/hoycordobaweb.com\/index.php\/wp-json\/wp\/v2\/posts"}],"about":[{"href":"http:\/\/hoycordobaweb.com\/index.php\/wp-json\/wp\/v2\/types\/post"}],"author":[{"embeddable":true,"href":"http:\/\/hoycordobaweb.com\/index.php\/wp-json\/wp\/v2\/users\/1"}],"replies":[{"embeddable":true,"href":"http:\/\/hoycordobaweb.com\/index.php\/wp-json\/wp\/v2\/comments?post=64736"}],"version-history":[{"count":0,"href":"http:\/\/hoycordobaweb.com\/index.php\/wp-json\/wp\/v2\/posts\/64736\/revisions"}],"wp:featuredmedia":[{"embeddable":true,"href":"http:\/\/hoycordobaweb.com\/index.php\/wp-json\/wp\/v2\/media\/64737"}],"wp:attachment":[{"href":"http:\/\/hoycordobaweb.com\/index.php\/wp-json\/wp\/v2\/media?parent=64736"}],"wp:term":[{"taxonomy":"category","embeddable":true,"href":"http:\/\/hoycordobaweb.com\/index.php\/wp-json\/wp\/v2\/categories?post=64736"},{"taxonomy":"post_tag","embeddable":true,"href":"http:\/\/hoycordobaweb.com\/index.php\/wp-json\/wp\/v2\/tags?post=64736"}],"curies":[{"name":"wp","href":"https:\/\/api.w.org\/{rel}","templated":true}]}}