{"id":64732,"date":"2023-08-10T22:09:10","date_gmt":"2023-08-10T22:09:10","guid":{"rendered":"https:\/\/ladecimaweb.com\/?p=18387"},"modified":"2023-08-10T22:09:10","modified_gmt":"2023-08-10T22:09:10","slug":"les-secuestran-cuatro-celulares-marca-iphone","status":"publish","type":"post","link":"http:\/\/hoycordobaweb.com\/index.php\/2023\/08\/10\/les-secuestran-cuatro-celulares-marca-iphone\/","title":{"rendered":"Les secuestran cuatro celulares marca IPhone"},"content":{"rendered":"<div class=\"boldgrid-section\">\n<div class=\"container\">\n<div class=\"row\">\n<div class=\"col-md-12 col-xs-12 col-sm-12\">\n<p class=\"\">Durante un operativo llevado a cabo en la tarde en la calle San Jos\u00e9 de Calasanz al 400 B\u00b0 Alberdi, personal policial efectu\u00f3 la aprehensi\u00f3n de un hombre de 29 y un adolescente de 15 a\u00f1os.<\/p>\n<p class=\"\">Asimismo, se procedi\u00f3 al secuestro de un veh\u00edculo utilitario Renault Kangoo en que se movilizaban, una suma de dinero en moneda local y extranjera y un arma blanca.<\/p>\n<p class=\"\">Asimismo, se logr\u00f3 recuperar cuatro tel\u00e9fonos celulares marca iPhone que habr\u00edan sido sustra\u00eddos anteriormente.<\/p>\n<p class=\"\">Cabe consignar que los aprehendidos fueron interceptados gracias al seguimiento satelital suministrado por uno de los damnificados.<\/p>\n<p>&nbsp;<\/p>\n<div class=\"ubm_banner\"><a href=\"http:\/\/www.cba.gov.ar\/prevencion-incendios\" target=\"_blank\" rel=\"dofollow noopener noreferrer\"><img src=\"http:\/\/hoycordobaweb.com\/wp-content\/uploads\/2023\/08\/les-secuestran-cuatro-celulares-marca-iphone.gif\" alt=\"\"><\/a><\/div>\n<\/div>\n<\/div>\n<\/div>\n<\/div>\n<p>La entrada <a rel=\"nofollow\" href=\"https:\/\/ladecimaweb.com\/les-secuestran-cuatro-celulares-marca-iphone\/\">Les secuestran cuatro celulares marca IPhone<\/a> se public\u00f3 primero en <a rel=\"nofollow\" href=\"https:\/\/ladecimaweb.com\">LaDecima<\/a>.<\/p>\n","protected":false},"excerpt":{"rendered":"<p>Durante un operativo llevado a cabo en la tarde en la calle San Jos\u00e9 de Calasanz al 400 B\u00b0 Alberdi, personal policial efectu\u00f3 la aprehensi\u00f3n de un hombre de 29 y un adolescente de 15 a\u00f1os. Asimismo, se procedi\u00f3 al secuestro de un veh\u00edculo utilitario Renault Kangoo en que se movilizaban, una suma de dinero [&hellip;]<\/p>\n","protected":false},"author":1,"featured_media":64733,"comment_status":"closed","ping_status":"closed","sticky":false,"template":"","format":"standard","meta":[],"categories":[19],"tags":[],"_links":{"self":[{"href":"http:\/\/hoycordobaweb.com\/index.php\/wp-json\/wp\/v2\/posts\/64732"}],"collection":[{"href":"http:\/\/hoycordobaweb.com\/index.php\/wp-json\/wp\/v2\/posts"}],"about":[{"href":"http:\/\/hoycordobaweb.com\/index.php\/wp-json\/wp\/v2\/types\/post"}],"author":[{"embeddable":true,"href":"http:\/\/hoycordobaweb.com\/index.php\/wp-json\/wp\/v2\/users\/1"}],"replies":[{"embeddable":true,"href":"http:\/\/hoycordobaweb.com\/index.php\/wp-json\/wp\/v2\/comments?post=64732"}],"version-history":[{"count":0,"href":"http:\/\/hoycordobaweb.com\/index.php\/wp-json\/wp\/v2\/posts\/64732\/revisions"}],"wp:featuredmedia":[{"embeddable":true,"href":"http:\/\/hoycordobaweb.com\/index.php\/wp-json\/wp\/v2\/media\/64733"}],"wp:attachment":[{"href":"http:\/\/hoycordobaweb.com\/index.php\/wp-json\/wp\/v2\/media?parent=64732"}],"wp:term":[{"taxonomy":"category","embeddable":true,"href":"http:\/\/hoycordobaweb.com\/index.php\/wp-json\/wp\/v2\/categories?post=64732"},{"taxonomy":"post_tag","embeddable":true,"href":"http:\/\/hoycordobaweb.com\/index.php\/wp-json\/wp\/v2\/tags?post=64732"}],"curies":[{"name":"wp","href":"https:\/\/api.w.org\/{rel}","templated":true}]}}