{"id":64682,"date":"2023-08-10T11:05:05","date_gmt":"2023-08-10T11:05:05","guid":{"rendered":"https:\/\/www.ole.com.ar\/futbol-internacional\/inglaterra\/emiliano-buendia-lesion-rodilla-aston-villa-premier-league_0_jneLJ16IQ6.html"},"modified":"2023-08-10T11:05:05","modified_gmt":"2023-08-10T11:05:05","slug":"emiliano-buendia-sufrio-una-lesion-en-su-rodilla-a-dias-del-arranque-de-la-premier-league","status":"publish","type":"post","link":"http:\/\/hoycordobaweb.com\/index.php\/2023\/08\/10\/emiliano-buendia-sufrio-una-lesion-en-su-rodilla-a-dias-del-arranque-de-la-premier-league\/","title":{"rendered":"Emiliano Buend\u00eda sufri\u00f3 una lesi\u00f3n en su rodilla a d\u00edas del arranque de la Premier League"},"content":{"rendered":"<p><img src=\"http:\/\/hoycordobaweb.com\/wp-content\/uploads\/2023\/08\/emiliano-buendia-sufrio-una-lesion-en-su-rodilla-a-dias-del-arranque-de-la-premier-league.jpg\"><\/p>\n<p><time class=\"createDate\" datetime=\"2023-08-10T08:05:005-03:00\">10\/08\/2023 08:05hs.<\/time><time class=\"modificatedDate\" datetime=\"2023-08-10T08:05:005-03:00\"><\/time><\/p>\n<div id=\"storyBody\">\n<div class=\"custom-text \" readability=\"36.072639225182\">\n<p>Este fin de semana arranca la <a href=\"https:\/\/www.ole.com.ar\/tema\/premier-league.html\" title=\"Premier League\" alt=\"Premier League\" class=\"slug\">Premier League<\/a>, para muchos, la mejor liga de f\u00fatbol del mundo. Con todo el cronograma ya listo para la primera fecha -con varios partidazos-, todos los argentinos presentes all\u00ed ya se preparan junto a sus equipos para el comienzo de una nueva temporada. Aunque hubo malas noticias para uno de ellos: se trata de <strong><a href=\"https:\/\/www.ole.com.ar\/tema\/emiliano-buendia.html\" title=\"Emiliano Buend\u00eda\" alt=\"Emiliano Buend\u00eda\" class=\"slug\">Emiliano Buend\u00eda<\/a>, quien se lesion\u00f3 a apenas dos d\u00edas del estreno.<\/strong><\/p>\n<\/div>\n<div class=\"custom-text \" readability=\"35\">\n<p>Aston Villa inform\u00f3 este jueves por la ma\u00f1ana que Buend\u00eda sufri\u00f3 <strong>\u00abuna importante lesi\u00f3n en los ligamentos de la rodilla\u00bb.<\/strong> Su da\u00f1o se habr\u00eda producido en el entrenamiento de este mi\u00e9rcoles, donde el argentino debi\u00f3 someterse a estudios para determinar la gravedad de la lesi\u00f3n.<\/p>\n<\/div>\n<div class=\"custom-text \" readability=\"37.203647416413\">\n<p>En ese sentido, el club ingl\u00e9s, donde tambi\u00e9n juega <a href=\"https:\/\/www.ole.com.ar\/tema\/damian-emiliano-martinez.html\" title=\"Dami\u00e1n Emiliano Mart\u00ednez\" alt=\"Dami\u00e1n Emiliano Mart\u00ednez\" class=\"slug\">Emiliano Dibu Mart\u00ednez<\/a>, detall\u00f3 que Buend\u00eda se encuentra bajo observaci\u00f3n y que le realizar\u00e1n una nueva consulta con un especialista de rodillas. Sin embargo, <strong>a tan solo dos d\u00edas del inicio de la Premier, todo parece indicar que el volante se perder\u00e1 la primera fecha.<\/strong><\/p>\n<\/div>\n<div class=\"sc-e7b891c4-0 jPbnQF\"><img alt=\"Buend\u00eda se lesion\u00f3 a dos d\u00edas del arranque de la Premier League. (Foto: AP\/Chris Szagola)\" src=\"http:\/\/hoycordobaweb.com\/wp-content\/uploads\/2023\/08\/emiliano-buendia-sufrio-una-lesion-en-su-rodilla-a-dias-del-arranque-de-la-premier-league-2.jpg\" width=\"720\" height=\"100\" decoding=\"async\" data-nimg=\"future\" loading=\"lazy\"><span class=\"epigraphe\">Buend\u00eda se lesion\u00f3 a dos d\u00edas del arranque de la Premier League. (Foto: AP\/Chris Szagola)<\/span><\/div>\n<p><h2><strong>Cu\u00e1ndo debuta el Aston Villa en la Premier League<\/strong><\/h2>\n<\/p>\n<div class=\"custom-text \" readability=\"36\">\n<p>Aston Villa har\u00e1 su estreno en esta Premier League<strong> este s\u00e1bado 12 de agosto desde las 13:30 (hora argentina),<\/strong> cuando enfrente al Newcastle en el St. James&#8217; Park. Ser\u00e1 el debut en la temporada 2023-24 para el Dibu tambi\u00e9n, quien ir\u00e1 desde el arranque en los Villanos.<\/p>\n<\/div>\n<div class=\"sc-e7b891c4-0 jPbnQF\"><img alt=\"Dibu Mart\u00ednez, en un amistoso de pretemporada con el Aston Villa. (Foto: AFP)\" src=\"http:\/\/hoycordobaweb.com\/wp-content\/uploads\/2023\/08\/emiliano-buendia-sufrio-una-lesion-en-su-rodilla-a-dias-del-arranque-de-la-premier-league-3.jpg\" width=\"720\" height=\"100\" decoding=\"async\" data-nimg=\"future\" loading=\"lazy\"><span class=\"epigraphe\">Dibu Mart\u00ednez, en un amistoso de pretemporada con el Aston Villa. (Foto: AFP)<\/span><\/div>\n<div class=\"sc-a7166897-0 exHLBh\" readability=\"6\">\n<section readability=\"2\"><picture><img alt=\"El debut de Cavani en Boca: fotos y videos\" src=\"http:\/\/hoycordobaweb.com\/wp-content\/uploads\/2023\/08\/emiliano-buendia-sufrio-una-lesion-en-su-rodilla-a-dias-del-arranque-de-la-premier-league-4.jpg\" width=\"290\" height=\"290\" decoding=\"async\" data-nimg=\"future\" loading=\"lazy\"><\/picture>\n<p><span>Mir\u00e1 tambi\u00e9n<\/span><\/p>\n<hr>\n<h3>El debut de Cavani en Boca: fotos y videos<\/h3>\n<\/p>\n<\/section>\n<\/div>\n<div class=\"sc-a7166897-0 exHLBh\" readability=\"6\">\n<section readability=\"2\"><picture><img alt=\"Video: hermoso gol de Di Mar\u00eda y Benfica campe\u00f3n de la Supercopa\" src=\"http:\/\/hoycordobaweb.com\/wp-content\/uploads\/2023\/08\/emiliano-buendia-sufrio-una-lesion-en-su-rodilla-a-dias-del-arranque-de-la-premier-league-5.jpg\" width=\"290\" height=\"290\" decoding=\"async\" data-nimg=\"future\" loading=\"lazy\"><\/picture>\n<p><span>Mir\u00e1 tambi\u00e9n<\/span><\/p>\n<hr>\n<h3>Video: hermoso gol de Di Mar\u00eda y Benfica campe\u00f3n de la Supercopa<\/h3>\n<\/p>\n<\/section>\n<\/div>\n<div class=\"sc-a7166897-0 exHLBh\" readability=\"7\">\n<section readability=\"4\"><picture><img alt=\"Encuentro top: Messi, Beckham y De Paul, juntos en Miami\" src=\"http:\/\/hoycordobaweb.com\/wp-content\/uploads\/2023\/08\/emiliano-buendia-sufrio-una-lesion-en-su-rodilla-a-dias-del-arranque-de-la-premier-league-6.jpg\" width=\"290\" height=\"290\" decoding=\"async\" data-nimg=\"future\" loading=\"lazy\"><\/picture>\n<p><span>Mir\u00e1 tambi\u00e9n<\/span><\/p>\n<hr>\n<h3>Encuentro top: Messi, Beckham y De Paul, juntos en Miami<\/h3>\n<\/p>\n<\/section>\n<\/div>\n<\/div>\n","protected":false},"excerpt":{"rendered":"<p>10\/08\/2023 08:05hs. Este fin de semana arranca la Premier League, para muchos, la mejor liga de f\u00fatbol del mundo. Con todo el cronograma ya listo para la primera fecha -con varios partidazos-, todos los argentinos presentes all\u00ed ya se preparan junto a sus equipos para el comienzo de una nueva temporada. Aunque hubo malas noticias [&hellip;]<\/p>\n","protected":false},"author":1,"featured_media":64683,"comment_status":"open","ping_status":"closed","sticky":false,"template":"","format":"standard","meta":[],"categories":[16],"tags":[],"_links":{"self":[{"href":"http:\/\/hoycordobaweb.com\/index.php\/wp-json\/wp\/v2\/posts\/64682"}],"collection":[{"href":"http:\/\/hoycordobaweb.com\/index.php\/wp-json\/wp\/v2\/posts"}],"about":[{"href":"http:\/\/hoycordobaweb.com\/index.php\/wp-json\/wp\/v2\/types\/post"}],"author":[{"embeddable":true,"href":"http:\/\/hoycordobaweb.com\/index.php\/wp-json\/wp\/v2\/users\/1"}],"replies":[{"embeddable":true,"href":"http:\/\/hoycordobaweb.com\/index.php\/wp-json\/wp\/v2\/comments?post=64682"}],"version-history":[{"count":0,"href":"http:\/\/hoycordobaweb.com\/index.php\/wp-json\/wp\/v2\/posts\/64682\/revisions"}],"wp:featuredmedia":[{"embeddable":true,"href":"http:\/\/hoycordobaweb.com\/index.php\/wp-json\/wp\/v2\/media\/64683"}],"wp:attachment":[{"href":"http:\/\/hoycordobaweb.com\/index.php\/wp-json\/wp\/v2\/media?parent=64682"}],"wp:term":[{"taxonomy":"category","embeddable":true,"href":"http:\/\/hoycordobaweb.com\/index.php\/wp-json\/wp\/v2\/categories?post=64682"},{"taxonomy":"post_tag","embeddable":true,"href":"http:\/\/hoycordobaweb.com\/index.php\/wp-json\/wp\/v2\/tags?post=64682"}],"curies":[{"name":"wp","href":"https:\/\/api.w.org\/{rel}","templated":true}]}}