{"id":64672,"date":"2023-08-10T03:51:26","date_gmt":"2023-08-10T03:51:26","guid":{"rendered":"http:\/\/hoycordobaweb.com\/index.php\/2023\/08\/10\/el-argentino-claudio-vivas-dirigira-a-costa-rica-en-los-amistosos-de-septiembre-que-pasa\/"},"modified":"2023-08-10T03:51:26","modified_gmt":"2023-08-10T03:51:26","slug":"el-argentino-claudio-vivas-dirigira-a-costa-rica-en-los-amistosos-de-septiembre-que-pasa","status":"publish","type":"post","link":"http:\/\/hoycordobaweb.com\/index.php\/2023\/08\/10\/el-argentino-claudio-vivas-dirigira-a-costa-rica-en-los-amistosos-de-septiembre-que-pasa\/","title":{"rendered":"El <b>argentino<\/b> Claudio Vivas dirigir\u00e1 a Costa Rica en los amistosos de septiembre | Qu\u00e9 Pasa"},"content":{"rendered":"<p>San Jos\u00e9, 9 ago (EFE).- El director deportivo de la Federaci\u00f3n Costarricense de <b>F\u00fatbol<\/b> (FCRF), el <b>argentino<\/b> Claudio Vivas, dirigir\u00e1 a la selecci\u00f3n&nbsp;&#8230; <\/p>\n","protected":false},"excerpt":{"rendered":"<p>San Jos\u00e9, 9 ago (EFE).- El director deportivo de la Federaci\u00f3n Costarricense de F\u00fatbol (FCRF), el argentino Claudio Vivas, dirigir\u00e1 a la selecci\u00f3n&nbsp;&#8230;<\/p>\n","protected":false},"author":1,"featured_media":0,"comment_status":"closed","ping_status":"closed","sticky":false,"template":"","format":"standard","meta":[],"categories":[22],"tags":[],"_links":{"self":[{"href":"http:\/\/hoycordobaweb.com\/index.php\/wp-json\/wp\/v2\/posts\/64672"}],"collection":[{"href":"http:\/\/hoycordobaweb.com\/index.php\/wp-json\/wp\/v2\/posts"}],"about":[{"href":"http:\/\/hoycordobaweb.com\/index.php\/wp-json\/wp\/v2\/types\/post"}],"author":[{"embeddable":true,"href":"http:\/\/hoycordobaweb.com\/index.php\/wp-json\/wp\/v2\/users\/1"}],"replies":[{"embeddable":true,"href":"http:\/\/hoycordobaweb.com\/index.php\/wp-json\/wp\/v2\/comments?post=64672"}],"version-history":[{"count":0,"href":"http:\/\/hoycordobaweb.com\/index.php\/wp-json\/wp\/v2\/posts\/64672\/revisions"}],"wp:attachment":[{"href":"http:\/\/hoycordobaweb.com\/index.php\/wp-json\/wp\/v2\/media?parent=64672"}],"wp:term":[{"taxonomy":"category","embeddable":true,"href":"http:\/\/hoycordobaweb.com\/index.php\/wp-json\/wp\/v2\/categories?post=64672"},{"taxonomy":"post_tag","embeddable":true,"href":"http:\/\/hoycordobaweb.com\/index.php\/wp-json\/wp\/v2\/tags?post=64672"}],"curies":[{"name":"wp","href":"https:\/\/api.w.org\/{rel}","templated":true}]}}