{"id":64500,"date":"2023-08-06T22:43:00","date_gmt":"2023-08-06T22:43:00","guid":{"rendered":"http:\/\/hoycordobaweb.com\/index.php\/2023\/08\/06\/river-prepara-el-viaje-a-porto-alegre-y-espera-a-manu-lanzini\/"},"modified":"2023-08-06T22:43:00","modified_gmt":"2023-08-06T22:43:00","slug":"river-prepara-el-viaje-a-porto-alegre-y-espera-a-manu-lanzini","status":"publish","type":"post","link":"http:\/\/hoycordobaweb.com\/index.php\/2023\/08\/06\/river-prepara-el-viaje-a-porto-alegre-y-espera-a-manu-lanzini\/","title":{"rendered":"River prepara el viaje a Porto Alegre y espera a Manu Lanzini"},"content":{"rendered":"<p><img src=\"http:\/\/hoycordobaweb.com\/wp-content\/uploads\/2023\/08\/river-prepara-el-viaje-a-porto-alegre-y-espera-a-manu-lanzini.jpg\"><\/p>\n<figure class=\"mb-3\"><img loading=\"lazy\" data-src=\"http:\/\/hoycordobaweb.com\/wp-content\/uploads\/2023\/08\/river-prepara-el-viaje-a-porto-alegre-y-espera-a-manu-lanzini-2.jpg\" src=\"https:\/\/www.telam.com.ar\/assets\/img\/not_image.png\" class=\" lazy \" width=\"100%\" height=\"100%\" alt=\"Enzo Prez RiverPlate \"><figcaption> Enzo P\u00e9rez (@RiverPlate). <\/figcaption><\/figure>\n<p>El plantel de River Plate prepara para el lunes el viaje a Porto Alegre para jugar ante Inter la revancha de octavos de la Copa Libertadores y aguarda la llegada de Manuel Lanzini, el tercer refuerzo confirmado.<\/p>\n<p>River, que jugar\u00e1 el martes a las 21 en el Beira R\u00edo frente al equipo de Eduardo \u00abChacho\u00bb Coudet con la ventaja de haber ganado 2-1 en la ida, se volver\u00e1 a entrenar ma\u00f1ana por la ma\u00f1ana para viajar a la tarde hacia Brasil.<\/p>\n<p>Al tiempo que la dirigencia espera el arribo de Manu Lanzini desde Marbella para la revisi\u00f3n m\u00e9dica y la firma del contrato por una temporada que lo sumar\u00e1 al equipo de cara a la Copa de la Liga y los posibles cuartos de finales de la Libertadores.<\/p>\n<blockquote class=\"twitter-tweet\" readability=\"4.6127167630058\">\n<p lang=\"es\" dir=\"ltr\">\ud83d\udcaa\ud83c\udffc \ud835\udde9\ud835\uddee\ud835\uddfa\ud835\uddfc\ud835\ude00 \ud835\ude01\ud835\uddfc\ud835\uddf1\ud835\uddfc\ud835\ude00 \ud835\ude02\ud835\uddfb\ud835\uddf6\ud835\uddf1\ud835\uddfc\ud835\ude00 \ud83c\udfc6<br \/>\u25b6\ufe0f River Camp \ud83e\udd29 <a href=\"https:\/\/t.co\/prcTzmmNiw\">pic.twitter.com\/prcTzmmNiw<\/a><\/p>\n<p>\u2014 River Plate (@RiverPlate) <a href=\"https:\/\/twitter.com\/RiverPlate\/status\/1688262819131650049?ref_src=twsrc%5Etfw\">August 6, 2023<\/a><\/p><\/blockquote>\n<p>River ya sum\u00f3 a Facundo Colidio y a Ramiro Funes Mori quienes fueron al banco de suplentes en el partido ante Inter en el Monumental M\u00e1s y la semana pasada alcanz\u00f3 un acuerdo con Lanzini que ven\u00eda de quedar libre del West Ham de la Premier.<\/p>\n<p>La presentaci\u00f3n oficial de los tres refuerzos se realizar\u00e1 al regreso del equipo de Brasil, luego de la revancha con Inter, mientras se aguarda por la resoluci\u00f3n de Gonzalo \u00abPity\u00bb Mart\u00ednez, que debe lograr el fin del contrato con el Al-Nassr de Arabia Saudita.<\/p>\n<p>El equipo volvi\u00f3 a entrenarse este domingo a la ma\u00f1ana en el River Camp de Ezeiza con tareas f\u00edsicas y t\u00e9cnicas-t\u00e1cticas en espacios reducidos sin confirmaci\u00f3n de la formaci\u00f3n titular que dispondr\u00e1 Demichelis.<\/p>\n<figure class=\"mb-3\"><img loading=\"lazy\" data-src=\"http:\/\/hoycordobaweb.com\/wp-content\/uploads\/2023\/08\/river-prepara-el-viaje-a-porto-alegre-y-espera-a-manu-lanzini-3.jpg\" src=\"https:\/\/www.telam.com.ar\/assets\/img\/not_image.png\" class=\" lazy \" width=\"100%\" height=\"100%\" alt=\"Esequiel Barco RiverPlate \"><figcaption> Esequiel Barco (@RiverPlate). <\/figcaption><\/figure>\n<p>Al respecto, todo hace indicar que jugar\u00e1n los que arrancaron ante Inter con: Franco Armani, Milton Casco, Leandro Gonz\u00e1lez P\u00edrez, Paulo D\u00edaz y Enzo D\u00edaz; Enzo P\u00e9rez y Rodrigo Aliendro; Nicol\u00e1s De la Cruz, Ignacio Fern\u00e1ndez y Esequiel Barco; Lucas Beltr\u00e1n.<\/p>\n<p>Aunque, la duda sigue siendo Pablo Solari, que ingres\u00f3 en el segundo tiempo y fue autor de los dos goles que le dieron la posibilidad al equipo de dar vuelta el resultado.<\/p>\n<p>En caso de que se sume Solari a la formaci\u00f3n, Demichelis deber\u00eda modificar el sistema t\u00e1ctico a un 4-3-1-2 y los que pueden salir del equipo tal como pas\u00f3 en ocasiones anteriores son Enzo P\u00e9rez o Nacho Fern\u00e1ndez.<\/p>\n<blockquote class=\"twitter-tweet\" readability=\"3.9735099337748\">\n<p lang=\"en\" dir=\"ltr\">\ud83d\udccd Domingo de River Camp.<br \/>\ud83d\udd1c\ud83c\udd9a Inter \ud83c\udde7\ud83c\uddf7<a href=\"https:\/\/twitter.com\/hashtag\/VamosRiver?src=hash&amp;ref_src=twsrc%5Etfw\">#VamosRiver<\/a> \u26aa\ufe0f\u2764\ufe0f\u26aa\ufe0f <a href=\"https:\/\/t.co\/K9q4TTdLgd\">pic.twitter.com\/K9q4TTdLgd<\/a><\/p>\n<p>\u2014 River Plate (@RiverPlate) <a href=\"https:\/\/twitter.com\/RiverPlate\/status\/1688245454696226816?ref_src=twsrc%5Etfw\">August 6, 2023<\/a><\/p><\/blockquote>\n<p>Solari, que en el semestre anot\u00f3 8 tantos y es el m\u00e1ximo asistidor con 9 pases gol, estuvo presente en 31 de los 34 partidos que disput\u00f3 el equipo en el 2023 con 1.545 minutos jugados que incluyeron 15 titularidades y 16 ingresos desde el banco.<\/p>\n<p>Si pasa de ronda, River jugar\u00e1 cuartos de final con el ganador de la llave que Bol\u00edvar arranc\u00f3 ganando por 3 a 1 ante Athletico Paranaense en La Paz.<\/p>\n<p>Las fechas para ese cruce de cuartos ser\u00e1n entre el 22 y el 31 de agosto, seg\u00fan el calendario de la Conmebol. <\/p>\n","protected":false},"excerpt":{"rendered":"<p>Enzo P\u00e9rez (@RiverPlate). El plantel de River Plate prepara para el lunes el viaje a Porto Alegre para jugar ante Inter la revancha de octavos de la Copa Libertadores y aguarda la llegada de Manuel Lanzini, el tercer refuerzo confirmado. River, que jugar\u00e1 el martes a las 21 en el Beira R\u00edo frente al equipo [&hellip;]<\/p>\n","protected":false},"author":1,"featured_media":64501,"comment_status":"open","ping_status":"closed","sticky":false,"template":"","format":"standard","meta":[],"categories":[16],"tags":[],"_links":{"self":[{"href":"http:\/\/hoycordobaweb.com\/index.php\/wp-json\/wp\/v2\/posts\/64500"}],"collection":[{"href":"http:\/\/hoycordobaweb.com\/index.php\/wp-json\/wp\/v2\/posts"}],"about":[{"href":"http:\/\/hoycordobaweb.com\/index.php\/wp-json\/wp\/v2\/types\/post"}],"author":[{"embeddable":true,"href":"http:\/\/hoycordobaweb.com\/index.php\/wp-json\/wp\/v2\/users\/1"}],"replies":[{"embeddable":true,"href":"http:\/\/hoycordobaweb.com\/index.php\/wp-json\/wp\/v2\/comments?post=64500"}],"version-history":[{"count":0,"href":"http:\/\/hoycordobaweb.com\/index.php\/wp-json\/wp\/v2\/posts\/64500\/revisions"}],"wp:featuredmedia":[{"embeddable":true,"href":"http:\/\/hoycordobaweb.com\/index.php\/wp-json\/wp\/v2\/media\/64501"}],"wp:attachment":[{"href":"http:\/\/hoycordobaweb.com\/index.php\/wp-json\/wp\/v2\/media?parent=64500"}],"wp:term":[{"taxonomy":"category","embeddable":true,"href":"http:\/\/hoycordobaweb.com\/index.php\/wp-json\/wp\/v2\/categories?post=64500"},{"taxonomy":"post_tag","embeddable":true,"href":"http:\/\/hoycordobaweb.com\/index.php\/wp-json\/wp\/v2\/tags?post=64500"}],"curies":[{"name":"wp","href":"https:\/\/api.w.org\/{rel}","templated":true}]}}