{"id":64484,"date":"2023-08-06T08:14:11","date_gmt":"2023-08-06T08:14:11","guid":{"rendered":"https:\/\/www.mujerhoy.com\/moda\/no-te-pierdas\/reina-letizia-cara-felicidad-vestido-rojo-rebajas-cena-palma-guapisima-radiante-20230806073917-nt.html"},"modified":"2023-08-06T08:14:11","modified_gmt":"2023-08-06T08:14:11","slug":"la-reina-letizia-ilumina-la-noche-de-palma-con-un-vestido-rojo-de-cuello-halter-y-su-cara-de-felicidad","status":"publish","type":"post","link":"http:\/\/hoycordobaweb.com\/index.php\/2023\/08\/06\/la-reina-letizia-ilumina-la-noche-de-palma-con-un-vestido-rojo-de-cuello-halter-y-su-cara-de-felicidad\/","title":{"rendered":"La reina Letizia ilumina la noche de Palma con un vestido rojo de cuello halter y su cara de felicidad"},"content":{"rendered":"<p><!-- AUTHOR --><\/p>\n<div class=\"voc-author-timesocial \"><!-- AUTHOR --><\/p>\n<div class=\"voc-author-timesocial__signature\"><!-- IMAGE AUTHOR --><picture class=\"voc-image-signature\"><img class=\"voc-image-signature__img\" src=\"http:\/\/hoycordobaweb.com\/wp-content\/uploads\/2023\/08\/la-reina-letizia-ilumina-la-noche-de-palma-con-un-vestido-rojo-de-cuello-halter-y-su-cara-de-felicidad.jpg\" alt=\"Laura Requejo\"><\/picture><!-- INFO AUTHOR --><\/div>\n<\/div>\n<p><!-- COMPONENTS --><\/p>\n<p class=\"voc-paragraph\">Toda una semana han tardado Letizia, Felipe, Leonor y Sof\u00eda en hacer una <a data-voc-vtm-id=\"in-text-traffic\" href=\"https:\/\/www.mujerhoy.com\/celebrities\/realeza\/letizia-cena-sorpresa-enamorada-quimica-felipe-polemica-reunion-abuela-reina-sofia-nietas-leonor-20230806010706-nt.html\" title=\"www.mujerhoy.com\">salida informal a cenar en Palma de Mallorca<\/a>. Y, como en otras ocasiones, a su lado han estado la reina Sof\u00eda y su hermana, Irene de Grecia. Pero <a data-voc-vtm-id=\"in-text-traffic\" href=\"https:\/\/www.mujerhoy.com\/moda\/no-te-pierdas\/letizia-vestido-negro-satinado-lencero-rejuvenece-a-los-50-copia-barata-zara-festival-cine-mallorca-20220731213749-nt.html\" title=\"www.mujerhoy.com\">el look de verano de la reina <\/a>no ha defraudado en absoluto: un vestido que se ajusta a la perfecci\u00f3n a su silueta y que iluminaba su rostro ya de por s\u00ed radiante de felicidad.\n<\/p>\n<p class=\"voc-paragraph\">El lugar elegido para la cena de la familia real ha sido Mia Restaurante, la nueva apuesta gastron\u00f3mica de <strong>Gonzalo Cabot<\/strong>, due\u00f1o tambi\u00e9n de Ola del mar, uno de los puntos de referencia para los foodies en Mallorca, que los reyes, sus hijas y la em\u00e9rita visitaron el a\u00f1o pasado por estas fechas.\n<\/p>\n<p class=\"voc-paragraph\">Para la ocasi\u00f3n, la reina Letizia ha elegido un <strong>vestido plisado de tirantes <\/strong>en un rojo entre coral amapola con cuello halter que se ajusta a su cintura con un cintur\u00f3n de tira a juego. El rojo, su color fetiche, ese que saca del armario en los momentos vitales importantes, ha vuelto a ser protagonista de un look que resalta especialmente el envidiable bronceado de la reina, que se ha dejado ver poco en p\u00fablico, pero ha tomado mucho el sol en privado.\n<\/p>\n<div class=\"voc-detail__cmp\">\n<div class=\"voc-article-container\">\n<article class=\"voc-article voc-article--cmp-photo-text\" readability=\"26.5\">\n<div class=\"voc-img-container\" readability=\"8\"><picture>\n<div class=\"voc-horizontal voc-img-icon-link\"><img class=\"lazy adsviu_analyse\" loading=\"lazy\" data-original=\"\/\/static2.mujerhoy.com\/www\/multimedia\/202308\/06\/media\/cortadas\/reina-letizia-rojo-sofia-kalD-U200947969903VHD-624x385@MujerHoy.JPG\" alt=\"La reina Letizia con su hija, la infanta Sof\u00eda.\"><\/div>\n<\/picture>\n<p class=\"figure-caption \"> La reina Letizia con su hija, la infanta Sof\u00eda. \/ <span class=\"voc-photo-author\"> limited pictures <\/span><\/p>\n<\/div>\n<\/article>\n<\/div>\n<\/div>\n<p class=\"voc-paragraph\">A los pies, unas<br \/>\n<strong> sandalias planas de dedo <\/strong>con tira metalizada que son bandera de comodidad y se alejan totalmente de los stilettos de Prada que viste en invierno y las ocasiones oficiales. <\/p>\n<p class=\"voc-paragraph\">Y en su mano una <strong>cartera de tejido del ikat tradicional mallorqu\u00edn <\/strong>que tanto le gusta a <a data-voc-vtm-id=\"in-text-traffic\" href=\"https:\/\/www.mujerhoy.com\/moda\/no-te-pierdas\/reina-letizia-bolso-falso-imitacion-lenguas-mallorca-polemica-criticas-escandalo-drama-solucion-mala-20210812121201-nt.html\" title=\"www.mujerhoy.com\">la reina, las teles de llengu\u00ebs<\/a>. Sus bolsos de verano son siempre de este material natural que se entinta y teje manualmente en la isla desde el siglo XVIII. El que la reina llevaba anoche era una cartera de mano en la que no le llegaba a caber el m\u00f3vil, que cargaba Letizia justo debajo del bolso.\n<\/p>\n<p class=\"voc-paragraph\">Como todos los looks por los que ha apostado este verano, la <strong>comodidad y la naturalidad<\/strong> han sido los ejes decisivos de un estilismo basado en un vestido midi que puedes encontrar muy parecido en <strong>Mango<\/strong>. <\/p>\n<div class=\"voc-detail-photo-zoom\"><picture data-toggle=\"modal\" data-target=\"#photoZoomModal-673\" target=\"modal\">\n<div class=\"voc-img-icon-link\"><img loading=\"lazy\" data-original=\"\/\/static3.mujerhoy.com\/www\/multimedia\/202308\/06\/media\/cortadas\/vestido-rojo-mango-letizia-kalD--460x637@MujerHoy.jpg\" class=\"lazy adsviu_analyse\" alt=\"Vestido rojo de cuello halter de Mango.\"><noscript><img src=\"http:\/\/hoycordobaweb.com\/wp-content\/uploads\/2023\/08\/la-reina-letizia-ilumina-la-noche-de-palma-con-un-vestido-rojo-de-cuello-halter-y-su-cara-de-felicidad-1.jpg\" alt=\"Vestido rojo de cuello halter de Mango.\"><\/noscript><i class=\"voc-icons zoom voc-multimedia-box voc-ico-l\"><\/i><\/div><figcaption class=\"figure-caption\">Vestido rojo de cuello halter de Mango.<\/figcaption><\/picture><\/div>\n<div id=\"photoZoomModal-673\" class=\"voc-lightbox modal fade voc-lightbox--photo-zoom\" role=\"dialog\" data-voc-photozoom-lightbox>\n<div class=\"voc-lightbox__dialog\" role=\"document\">\n<div class=\"voc-lightbox__content\"><!-- Modal header --><!-- Modal content --><\/p>\n<div class=\"voc-lightbox__photo-container\"><picture class><img loading=\"lazy\" data-original=\"\/\/static3.mujerhoy.com\/www\/multimedia\/202308\/06\/media\/cortadas\/vestido-rojo-mango-letizia-kalD--460x637@MujerHoy.jpg\" alt=\"Vestido rojo de cuello halter de Mango.\" class=\"lazy\"><noscript><img src=\"http:\/\/hoycordobaweb.com\/wp-content\/uploads\/2023\/08\/la-reina-letizia-ilumina-la-noche-de-palma-con-un-vestido-rojo-de-cuello-halter-y-su-cara-de-felicidad-1.jpg\" alt=\"Vestido rojo de cuello halter de Mango.\"><\/noscript><\/picture><\/div>\n<\/div>\n<\/div>\n<\/div>\n<p class=\"voc-paragraph\">Desde que la reina lleg\u00f3 a la isla el pasado domingo ha habido solo dos visitas sorpresa, como la que realizaron el lunes por la tarde a los <a data-voc-vtm-id=\"in-text-traffic\" href=\"https:\/\/www.mujerhoy.com\/celebrities\/realeza\/reina-letizia-fotos-familia-jardines-alfabia-leonor-estrategia-polemica-enemigos-marivent-20230801013421-nt.html\" title=\"www.mujerhoy.com\">Jardines de Alf\u00e0bia <\/a>o como la que tuvo lugar el viernes, de forma oficiosa y sin medios de comunicaci\u00f3n presentes, a la <a data-voc-vtm-id=\"in-text-traffic\" href=\"https:\/\/www.mujerhoy.com\/moda\/no-te-pierdas\/princesa-leonor-vestido-rebajas-look-granja-escuela-mallorca-infanta-sofia-20230804154028-nt.html\" title=\"www.mujerhoy.com\">Granja Escola Jovent<\/a>. <\/p>\n<p class=\"voc-paragraph\">As\u00ed que esta salida informal, sin visita a mercadillo ni paseo por la ciudad porque <strong>la infanta Sof\u00eda y la princesa Leonor estaban ya demasiado cansadas<\/strong>, ha sido su broche de oro en la isla. Tambi\u00e9n parec\u00edan exhaustas la reina em\u00e9rita Sof\u00eda y su hermana <a data-voc-vtm-id=\"in-text-traffic\" href=\"https:\/\/www.mujerhoy.com\/celebrities\/realeza\/202101\/14\/quien-como-princesa-irene-20210114173144.html\" title=\"www.mujerhoy.com\">Irene de Grecia<\/a>, pero, teniendo en cuenta que cruzaron la puerta de salida del restaurante a las doce menos cuarto de la noche, no es de extra\u00f1ar. <\/p>\n<p class=\"voc-paragraph\">La sobremesa se extendi\u00f3 para celebrar el <strong>segundo puesto del rey Felipe VI en la Copa del Rey MAPFRE de Vela<\/strong>, la primera vez que el monarca, que participa desde su juventud en la regata, consigue subirse el podio de esta competici\u00f3n.\n<\/p>\n<p><!-- TOPICS --><\/p>\n","protected":false},"excerpt":{"rendered":"<p>Toda una semana han tardado Letizia, Felipe, Leonor y Sof\u00eda en hacer una salida informal a cenar en Palma de Mallorca. Y, como en otras ocasiones, a su lado han estado la reina Sof\u00eda y su hermana, Irene de Grecia. Pero el look de verano de la reina no ha defraudado en absoluto: un vestido [&hellip;]<\/p>\n","protected":false},"author":1,"featured_media":64485,"comment_status":"closed","ping_status":"closed","sticky":false,"template":"","format":"standard","meta":[],"categories":[1],"tags":[],"_links":{"self":[{"href":"http:\/\/hoycordobaweb.com\/index.php\/wp-json\/wp\/v2\/posts\/64484"}],"collection":[{"href":"http:\/\/hoycordobaweb.com\/index.php\/wp-json\/wp\/v2\/posts"}],"about":[{"href":"http:\/\/hoycordobaweb.com\/index.php\/wp-json\/wp\/v2\/types\/post"}],"author":[{"embeddable":true,"href":"http:\/\/hoycordobaweb.com\/index.php\/wp-json\/wp\/v2\/users\/1"}],"replies":[{"embeddable":true,"href":"http:\/\/hoycordobaweb.com\/index.php\/wp-json\/wp\/v2\/comments?post=64484"}],"version-history":[{"count":0,"href":"http:\/\/hoycordobaweb.com\/index.php\/wp-json\/wp\/v2\/posts\/64484\/revisions"}],"wp:featuredmedia":[{"embeddable":true,"href":"http:\/\/hoycordobaweb.com\/index.php\/wp-json\/wp\/v2\/media\/64485"}],"wp:attachment":[{"href":"http:\/\/hoycordobaweb.com\/index.php\/wp-json\/wp\/v2\/media?parent=64484"}],"wp:term":[{"taxonomy":"category","embeddable":true,"href":"http:\/\/hoycordobaweb.com\/index.php\/wp-json\/wp\/v2\/categories?post=64484"},{"taxonomy":"post_tag","embeddable":true,"href":"http:\/\/hoycordobaweb.com\/index.php\/wp-json\/wp\/v2\/tags?post=64484"}],"curies":[{"name":"wp","href":"https:\/\/api.w.org\/{rel}","templated":true}]}}