{"id":64468,"date":"2023-08-06T02:34:56","date_gmt":"2023-08-06T02:34:56","guid":{"rendered":"https:\/\/www.ole.com.ar\/ecuador\/independiente-del-valle\/deportivo-pereira-boyaca-chico-empate-rival-indepediente-valle_0_NP2uha5jlN.html"},"modified":"2023-08-06T02:34:56","modified_gmt":"2023-08-06T02:34:56","slug":"atencion-idv-un-pereira-alternativo-igualo-ante-boyaca-chico","status":"publish","type":"post","link":"http:\/\/hoycordobaweb.com\/index.php\/2023\/08\/06\/atencion-idv-un-pereira-alternativo-igualo-ante-boyaca-chico\/","title":{"rendered":"Atenci\u00f3n IDV: un Pereira alternativo igual\u00f3 ante Boyac\u00e1 Chic\u00f3"},"content":{"rendered":"<p><img src=\"http:\/\/hoycordobaweb.com\/wp-content\/uploads\/2023\/08\/atencion-idv-un-pereira-alternativo-igualo-ante-boyaca-chico.jpg\"><\/p>\n<p><time class=\"createDate\" datetime=\"2023-08-05T23:34:56-03:00\">05\/08\/2023 23:34hs.<\/time><time class=\"modificatedDate\" datetime=\"2023-08-05T23:34:56-03:00\"><\/time><\/p>\n<div id=\"storyBody\">\n<div class=\"custom-text \" readability=\"32.123966942149\">\n<p>Con pocos d\u00edas de diferencia, el Estadio Hern\u00e1n Ram\u00edrez Villegas otra vez volvi\u00f3 a ser testigo de una presentaci\u00f3n de <strong><a href=\"https:\/\/www.ole.com.ar\/tema\/deportivo-pereira.html\" title=\"Deportivo Pereira\" alt=\"Deportivo Pereira\" class=\"slug\">Deportivo Pereira<\/a><\/strong>. Aunque esta vez, c<strong>on un 11 distinto que el que triunf\u00f3 por<\/strong> <strong><a href=\"https:\/\/www.ole.com.ar\/tema\/copa-libertadores.html\" title=\"Copa Libertadores\" alt=\"Copa Libertadores\" class=\"slug\">Copa Libertadores<\/a><\/strong>, el rival de <strong><a href=\"https:\/\/www.ole.com.ar\/tema\/independiente-del-valle.html\" title=\"Independiente del Valle\" alt=\"Independiente del Valle\" class=\"slug\">Independiente del Valle<\/a><\/strong> apenas <strong>rescat\u00f3 un punto contra Boyac\u00e1 Chic\u00f3<\/strong>, en la cuarta fecha del torneo <strong>Finalizaci\u00f3n de la <a href=\"https:\/\/www.ole.com.ar\/tema\/dimayor.html\" title=\"Dimayor\" alt=\"Dimayor\" class=\"slug\">DiMayor<\/a>.<\/strong><\/p>\n<\/div>\n<div class=\"custom-text \" readability=\"36\">\n<p>Para este encuentro, A<strong>lejandro Restrepo apenas repiti\u00f3 dos titulares respecto al duelo copero: el arquero Aldair Quintana y el defensor Juan Quintero. <\/strong>El resto de los citados fueron todo nuevos, salvo Juan Pablo Zuluaga (ingres\u00f3) y Eber Moreno (fue suplente).<\/p>\n<\/div>\n<div class=\"custom-text \" readability=\"40\">\n<p>El Chic\u00f3 se salv\u00f3 en m\u00faltiples ocasiones. Uno de los protagonistas del encuentro en el Mateca\u00f1a, Adri\u00e1n Balboa, se demor\u00f3 y con posici\u00f3n adelantada, vio frustrado su primer intento de gol. En un partido de paciencia, el local mantuvo mayor posesi\u00f3n del bal\u00f3n, pero no lograron convertir a su favor en la primera mitad a pesar de mostrar dominio sobre su rival.<\/p>\n<\/div>\n<div class=\"custom-text \" readability=\"34\">\n<p>En los minutos de agrgado, un fuera de lugar de \u00c1ngelo result\u00f3 en el segundo gol anulado de Pereira: esta vez la definici\u00f3n de&nbsp;Monroy tampoco pudo abrir el marcador.<\/p>\n<\/div>\n<div class=\"custom-text \" readability=\"39\">\n<p>Con el ingreso de Zuluaga en el segundo tiempo, Restrepo busc\u00f3 fortalecer la defensa y proponer. Sin embargo, el primero de la noche lo hizo el Chic\u00f3. A los 56&#8242;, con pase de Col\u00f3n, el visitante definieron ante la pasividad de Perea. Jorge Soto logr\u00f3 convertir la jugada e imponerse a pesar del aparente dominio del rival.<\/p>\n<\/div>\n<div class=\"sc-e7b891c4-0 jPbnQF\"><img alt=\"Alejandro Restrepo, entrenador de Pereira, gesticula (AFP).\" src=\"http:\/\/hoycordobaweb.com\/wp-content\/uploads\/2023\/08\/atencion-idv-un-pereira-alternativo-igualo-ante-boyaca-chico-2.jpg\" width=\"720\" height=\"100\" decoding=\"async\" data-nimg=\"future\" loading=\"lazy\"><span class=\"epigraphe\">Alejandro Restrepo, entrenador de Pereira, gesticula (AFP).<\/span><\/div>\n<div class=\"custom-text \" readability=\"37\">\n<p>Hasta que el 1-1 lleg\u00f3 a los 81&#8242;. Juan Pablo Zuluaga ley\u00f3 la jugada, Su\u00e1rez recibi\u00f3 y asisti\u00f3 el gol del empate, haza\u00f1a protagonizada por Piedrahita, quien acompa\u00f1\u00f3 la jugada por la banda derecha y envi\u00f3 la pelota al fondo de la porter\u00eda.<\/p>\n<\/div>\n<p><h2><strong>Posici\u00f3n de Pereira y cu\u00e1ndo juega contra IDV<\/strong><\/h2>\n<\/p>\n<div class=\"custom-text \" readability=\"36\">\n<p>Deportivo Pereira hasta el momento suma dos puntos, y no gan\u00f3 en el torneo, ocupando as\u00ed uno de los dos \u00faltimos lugares de la tabla general, que cierra justamente Boyac\u00e1 Chivo.<\/p>\n<\/div>\n<div class=\"sc-e7b891c4-0 jPbnQF\"><img alt=\"Pereira le gan\u00f3 la ida 1-0 a Independiente del Valle (AFP).\" src=\"http:\/\/hoycordobaweb.com\/wp-content\/uploads\/2023\/08\/atencion-idv-un-pereira-alternativo-igualo-ante-boyaca-chico-3.jpg\" width=\"720\" height=\"100\" decoding=\"async\" data-nimg=\"future\" loading=\"lazy\"><span class=\"epigraphe\">Pereira le gan\u00f3 la ida 1-0 a Independiente del Valle (AFP).<\/span><\/div>\n<div class=\"custom-text \" readability=\"34.796052631579\">\n<p>El siguiente encuentro local de Deportivo Pereira ser\u00e1 el s\u00e1bado 12: enfrentar\u00e1 a&nbsp;Once Caldas. Aunque antes, <strong>este mi\u00e9rcoles, visitar\u00e1 a IDV, por la vuelta de los octavos de final, un encuentro que <a href=\"https:\/\/www.ole.com.ar\/ecuador\/liga-pro\/independiente-valle-copa-libertadores-deportivo-pereira-juega-necesita_0_JbKa9qrnQi.html\" target=\"_blank\" rel=\"noopener noreferrer\">se jugar\u00e1 en el Ol\u00edmpico Atahualpa y comenzar\u00e1 a las 19 de Ecuador<\/a>. <\/strong>All\u00ed, los Rayadosl buscar\u00e1n dar vuelta la historia para lograr meterse entre los ocho mejores del certamen, donde se topar\u00eda <strong>contra el ganador entre Palmeiras y Atl\u00e9tico Mineiro.<\/strong><\/p>\n<\/div>\n<div class=\"custom-text \" readability=\"35.317647058824\">\n<p><strong>En la ida, los dirigidos por <a href=\"https:\/\/www.ole.com.ar\/tema\/martin-anselmi.html\" title=\"Mart\u00edn Anselmi\" alt=\"Mart\u00edn Anselmi\" class=\"slug\">Mart\u00edn Anselmi<\/a> no pudieron mostrar su mejor versi\u00f3n en Colombia y <a href=\"https:\/\/www.ole.com.ar\/ecuador\/liga-pro\/independiente-valle-deportivo-pereira-copa-libertadores-ida-octavos-final_0_jNliAfY9is.html\" target=\"_blank\" rel=\"noopener noreferrer\">cayeron por 1-0<\/a><\/strong> ante un Deportivo Pereira que llev\u00f3 a cabo un planteo defensivo muy estricto y eficiente. En una noche en la que las cosas no salieron como de costumbre, Mois\u00e9s Ram\u00edrez fue protagonista: se ataj\u00f3 todo lo que le patearon, pero en una jugada sali\u00f3 muy lejos y le sirvi\u00f3 el gol de la victoria al equipo rival.<\/p>\n<\/div>\n<div class=\"sc-e7b891c4-0 jPbnQF\"><img alt=\"Mois\u00e9s Ram\u00edrez fall\u00f3 en una jugada y el local no perdon\u00f3... (AFP)\" src=\"http:\/\/hoycordobaweb.com\/wp-content\/uploads\/2023\/08\/atencion-idv-un-pereira-alternativo-igualo-ante-boyaca-chico-4.jpg\" width=\"720\" height=\"100\" decoding=\"async\" data-nimg=\"future\" loading=\"lazy\"><span class=\"epigraphe\">Mois\u00e9s Ram\u00edrez fall\u00f3 en una jugada y el local no perdon\u00f3&#8230; (AFP)<\/span><\/div>\n<div class=\"custom-text \" readability=\"42\">\n<p>Para seguir con vida en el certamen, el Negriazul tiene que ganar, aunque dependiendo el marcador, el desenlace de la clasificaci\u00f3n puede variar. <strong>Para meterse directamente en cuartos de final, IDV necesita ganar por dos goles o m\u00e1s. En caso de superar a su rival por un gol, la serie se definir\u00e1 desde los doce pasos, con una tanda de penales. Obviamente, si Independiente pierde quedar\u00e1 eliminado.<\/strong><\/p>\n<\/div>\n<div class=\"sc-a7166897-0 exHLBh\" readability=\"6\">\n<section readability=\"2\"><picture><img alt=\"Independiente del Valle asumi\u00f3 el golpe de la derrota en la Libertadores\" src=\"http:\/\/hoycordobaweb.com\/wp-content\/uploads\/2023\/08\/atencion-idv-un-pereira-alternativo-igualo-ante-boyaca-chico-5.jpg\" width=\"290\" height=\"290\" decoding=\"async\" data-nimg=\"future\" loading=\"lazy\"><\/picture>\n<p><span>Mir\u00e1 tambi\u00e9n<\/span><\/p>\n<hr>\n<h3>Independiente del Valle asumi\u00f3 el golpe de la derrota en la Libertadores<\/h3>\n<\/p>\n<\/section>\n<\/div>\n<div class=\"sc-a7166897-0 exHLBh\" readability=\"6\">\n<section readability=\"2\"><picture><img alt=\"Video: final caliente entre Independiente del Valle y Pereira\" src=\"http:\/\/hoycordobaweb.com\/wp-content\/uploads\/2023\/08\/atencion-idv-un-pereira-alternativo-igualo-ante-boyaca-chico-6.jpg\" width=\"290\" height=\"290\" decoding=\"async\" data-nimg=\"future\" loading=\"lazy\"><\/picture>\n<p><span>Mir\u00e1 tambi\u00e9n<\/span><\/p>\n<hr>\n<h3>Video: final caliente entre Independiente del Valle y Pereira<\/h3>\n<\/p>\n<\/section>\n<\/div>\n<div class=\"sc-a7166897-0 exHLBh\" readability=\"6\">\n<section readability=\"2\"><picture><img alt=\"\u00bfCu\u00e1ndo vuelve a jugar IDV y qu\u00e9 resultado necesita para pasar a cuartos de final?\" src=\"http:\/\/hoycordobaweb.com\/wp-content\/uploads\/2023\/08\/atencion-idv-un-pereira-alternativo-igualo-ante-boyaca-chico-7.jpg\" width=\"290\" height=\"290\" decoding=\"async\" data-nimg=\"future\" loading=\"lazy\"><\/picture>\n<p><span>Mir\u00e1 tambi\u00e9n<\/span><\/p>\n<hr>\n<h3>\u00bfCu\u00e1ndo vuelve a jugar IDV y qu\u00e9 resultado necesita para pasar a cuartos de final?<\/h3>\n<\/p>\n<\/section>\n<\/div>\n<div class=\"sc-a7166897-0 exHLBh\" readability=\"6\">\n<section readability=\"2\"><picture><img alt=\"Independiente del Valle la sac\u00f3 barata en Colombia\" src=\"http:\/\/hoycordobaweb.com\/wp-content\/uploads\/2023\/08\/atencion-idv-un-pereira-alternativo-igualo-ante-boyaca-chico-8.jpg\" width=\"290\" height=\"290\" decoding=\"async\" data-nimg=\"future\" loading=\"lazy\"><\/picture>\n<p><span>Mir\u00e1 tambi\u00e9n<\/span><\/p>\n<hr>\n<h3>Independiente del Valle la sac\u00f3 barata en Colombia<\/h3>\n<\/p>\n<\/section>\n<\/div>\n<div class=\"sc-a7166897-0 exHLBh\" readability=\"6.5\">\n<section readability=\"3\"><picture><img alt=\"Con un doloroso antecedente, as\u00ed le fue a IDV contra equipos colombianos\" src=\"http:\/\/hoycordobaweb.com\/wp-content\/uploads\/2023\/08\/atencion-idv-un-pereira-alternativo-igualo-ante-boyaca-chico-9.jpg\" width=\"290\" height=\"290\" decoding=\"async\" data-nimg=\"future\" loading=\"lazy\"><\/picture>\n<p><span>Mir\u00e1 tambi\u00e9n<\/span><\/p>\n<hr>\n<h3>Con un doloroso antecedente, as\u00ed le fue a IDV contra equipos colombianos<\/h3>\n<\/p>\n<\/section>\n<\/div>\n<\/div>\n","protected":false},"excerpt":{"rendered":"<p>05\/08\/2023 23:34hs. Con pocos d\u00edas de diferencia, el Estadio Hern\u00e1n Ram\u00edrez Villegas otra vez volvi\u00f3 a ser testigo de una presentaci\u00f3n de Deportivo Pereira. Aunque esta vez, con un 11 distinto que el que triunf\u00f3 por Copa Libertadores, el rival de Independiente del Valle apenas rescat\u00f3 un punto contra Boyac\u00e1 Chic\u00f3, en la cuarta fecha [&hellip;]<\/p>\n","protected":false},"author":1,"featured_media":64469,"comment_status":"open","ping_status":"closed","sticky":false,"template":"","format":"standard","meta":[],"categories":[16],"tags":[],"_links":{"self":[{"href":"http:\/\/hoycordobaweb.com\/index.php\/wp-json\/wp\/v2\/posts\/64468"}],"collection":[{"href":"http:\/\/hoycordobaweb.com\/index.php\/wp-json\/wp\/v2\/posts"}],"about":[{"href":"http:\/\/hoycordobaweb.com\/index.php\/wp-json\/wp\/v2\/types\/post"}],"author":[{"embeddable":true,"href":"http:\/\/hoycordobaweb.com\/index.php\/wp-json\/wp\/v2\/users\/1"}],"replies":[{"embeddable":true,"href":"http:\/\/hoycordobaweb.com\/index.php\/wp-json\/wp\/v2\/comments?post=64468"}],"version-history":[{"count":0,"href":"http:\/\/hoycordobaweb.com\/index.php\/wp-json\/wp\/v2\/posts\/64468\/revisions"}],"wp:featuredmedia":[{"embeddable":true,"href":"http:\/\/hoycordobaweb.com\/index.php\/wp-json\/wp\/v2\/media\/64469"}],"wp:attachment":[{"href":"http:\/\/hoycordobaweb.com\/index.php\/wp-json\/wp\/v2\/media?parent=64468"}],"wp:term":[{"taxonomy":"category","embeddable":true,"href":"http:\/\/hoycordobaweb.com\/index.php\/wp-json\/wp\/v2\/categories?post=64468"},{"taxonomy":"post_tag","embeddable":true,"href":"http:\/\/hoycordobaweb.com\/index.php\/wp-json\/wp\/v2\/tags?post=64468"}],"curies":[{"name":"wp","href":"https:\/\/api.w.org\/{rel}","templated":true}]}}