{"id":64434,"date":"2023-08-04T17:20:25","date_gmt":"2023-08-04T17:20:25","guid":{"rendered":"https:\/\/www.mujerhoy.com\/moda\/no-te-pierdas\/princesa-leonor-vestido-rebajas-look-granja-escuela-mallorca-infanta-sofia-20230804154028-nt.html"},"modified":"2023-08-04T17:20:25","modified_gmt":"2023-08-04T17:20:25","slug":"el-precioso-vestido-rosa-low-cost-de-leonor-en-su-visita-sorpresa-que-puedes-comprar-de-rebajas-en-ca","status":"publish","type":"post","link":"http:\/\/hoycordobaweb.com\/index.php\/2023\/08\/04\/el-precioso-vestido-rosa-low-cost-de-leonor-en-su-visita-sorpresa-que-puedes-comprar-de-rebajas-en-ca\/","title":{"rendered":"El precioso vestido rosa low cost de Leonor en su visita sorpresa que puedes comprar de rebajas en C&amp;A"},"content":{"rendered":"<p><!-- AUTHOR --><\/p>\n<div class=\"voc-author-timesocial \"><!-- AUTHOR --><\/p>\n<div class=\"voc-author-timesocial__signature\"><!-- IMAGE AUTHOR --><picture class=\"voc-image-signature\"><img class=\"voc-image-signature__img\" src=\"http:\/\/hoycordobaweb.com\/wp-content\/uploads\/2023\/08\/el-precioso-vestido-rosa-low-cost-de-leonor-en-su-visita-sorpresa-que-puedes-comprar-de-rebajas-en-ca.jpg\" alt=\"Javier D\u00edaz de Lezana\"><\/picture><!-- INFO AUTHOR --><\/div>\n<\/div>\n<p><!-- COMPONENTS --><\/p>\n<p class=\"voc-paragraph\">Contin\u00faa la semana de la familia real en Palma de Mallorca, esta vez con una salida sorpresa. <a data-voc-vtm-id=\"in-text-traffic\" href=\"https:\/\/www.mujerhoy.com\/celebrities\/realeza\/letizia-polemica-recepcion-marivent-rivalidad-reina-sofia-desorientada-abuela-reconciliacion-20230804010007-nt.html\">La reina Letizia <\/a>junto a sus hijas, <strong>la princesa Leonor y la infanta Sof\u00eda<\/strong>, han visitado esta ma\u00f1ana de viernes a Granja Escuela Jovent, cerca de la capital de la isla balear. A este centro acuden ni\u00f1os y ni\u00f1as con diversidad funcional que trabajan en un entorno natural interactuando con animales all\u00ed recogidos.\n<\/p>\n<p class=\"voc-paragraph\">De hecho, la visita ha sido saludada desde las redes sociales del centro con una serie de im\u00e1genes y un texto que resum\u00eda el encuentro: \u00abHoy hemos recibido la visita sorpresa de la Reina y sus hijas,<br \/>\n<a data-voc-vtm-id=\"in-text-traffic\" href=\"https:\/\/www.mujerhoy.com\/celebrities\/realeza\/princesa-leonor-infanta-sofia-verano-vacaciones-secretas-premios-girona-mallorca-20230626072939-nt.html\"> Leonor y Sof\u00eda<\/a>. Han comprobado la labor de integraci\u00f3n y convivencia que hacemos con ni\u00f1as y ni\u00f1os con diversidad funcional y todo el cari\u00f1o que ponemos en nuestra <strong>Granja Escola Jovent<\/strong>. \u00a1Ha sido estupendo! Agradecemos de todo coraz\u00f3n que hayan venido a conocer nuestro proyecto y compartir nuestra perspectiva educativa sostenible. \u00a1Volved pronto!\u00ab.\n<\/p>\n<p class=\"voc-paragraph\">Las hijas de los reyes acud\u00edan a este encuentro con un look c\u00f3modo e informal a juego con los <a data-voc-vtm-id=\"in-text-traffic\" href=\"https:\/\/www.mujerhoy.com\/moda\/no-te-pierdas\/letizia-polemica-pantalon-corto-vaquero-piernas-delgadas-visita-sorpresa-granja-palma-20230804152414-nt.html\" title=\"www.mujerhoy.com\">vaqueros cortos de la reina Letizia<\/a>. La <strong>princesa Leonor <\/strong>ha elegido un vestido camisero en rosa madreselva de la <strong>firma sostenible made in Spain &amp; Me Unlimited<\/strong> que costaba 99,90 euros y que ahora mismo est\u00e1 rebajado a 29,90 euros. Curiosamente, puedes encontrar uno muy parecido en C&amp;A. Leonor lo ha combinado con unas zapatillas deportivas blancas. <\/p>\n<div class=\"voc-detail-photo-zoom\"><picture data-toggle=\"modal\" data-target=\"#photoZoomModal-361\" target=\"modal\">\n<div class=\"voc-img-icon-link\"><img loading=\"lazy\" data-original=\"\/\/static.mujerhoy.com\/www\/multimedia\/202308\/05\/media\/cortadas\/vestido-me-unlimited-leonor-kbRD--460x637@MujerHoy.jpg\" class=\"lazy adsviu_analyse\" alt=\"Vestido &amp;Me Unlimited que ha llevado leonor. Foto: cortes\u00eda de &amp;Me Unlimited\"><noscript><img src=\"http:\/\/hoycordobaweb.com\/wp-content\/uploads\/2023\/08\/el-precioso-vestido-rosa-low-cost-de-leonor-en-su-visita-sorpresa-que-puedes-comprar-de-rebajas-en-ca-1.jpg\" alt=\"Vestido &amp;Me Unlimited que ha llevado leonor. Foto: cortes\u00eda de &amp;Me Unlimited\"><\/noscript><i class=\"voc-icons zoom voc-multimedia-box voc-ico-l\"><\/i><\/div><figcaption class=\"figure-caption\">Vestido &amp;Me Unlimited que ha llevado leonor. Foto: cortes\u00eda de &amp;Me Unlimited<\/figcaption><\/picture><\/div>\n<div id=\"photoZoomModal-361\" class=\"voc-lightbox modal fade voc-lightbox--photo-zoom\" role=\"dialog\" data-voc-photozoom-lightbox>\n<div class=\"voc-lightbox__dialog\" role=\"document\">\n<div class=\"voc-lightbox__content\"><!-- Modal header --><!-- Modal content --><\/p>\n<div class=\"voc-lightbox__photo-container\"><picture class><img loading=\"lazy\" data-original=\"\/\/static.mujerhoy.com\/www\/multimedia\/202308\/05\/media\/cortadas\/vestido-me-unlimited-leonor-kbRD--460x637@MujerHoy.jpg\" alt=\"Vestido &amp;Me Unlimited que ha llevado leonor. Foto: cortes\u00eda de &amp;Me Unlimited\" class=\"lazy\"><noscript><img src=\"http:\/\/hoycordobaweb.com\/wp-content\/uploads\/2023\/08\/el-precioso-vestido-rosa-low-cost-de-leonor-en-su-visita-sorpresa-que-puedes-comprar-de-rebajas-en-ca-1.jpg\" alt=\"Vestido &amp;Me Unlimited que ha llevado leonor. Foto: cortes\u00eda de &amp;Me Unlimited\"><\/noscript><\/picture><\/div>\n<\/div>\n<\/div>\n<\/div>\n<p class=\"voc-paragraph\">La infanta Sof\u00eda por su parte ha combinado <strong>pantalones palazzo piratas de rayas <\/strong>con un b\u00e1sico esencial de su armario, una camiseta blanca de algod\u00f3n. En als pies, unas alpargatas negras planas.\n<\/p>\n<div class=\"voc-detail__cmp\">\n<div class=\"voc-article-container\">\n<article class=\"voc-article voc-article--cmp-photo-text\" readability=\"26\">\n<div class=\"voc-img-container\" readability=\"7\"><picture>\n<div class=\"voc-horizontal voc-img-icon-link\"><img class=\"lazy adsviu_analyse\" loading=\"lazy\" data-original=\"\/\/static.mujerhoy.com\/www\/multimedia\/202308\/04\/media\/vestido-c-y-a-leonor.jpg\" alt=\"El vestido de C&amp;A de la pricnesa Leonor\"><\/div>\n<\/picture>\n<p class=\"figure-caption \"> El vestido de C&amp;A de la pricnesa Leonor \/ <span class=\"voc-photo-author\"> D.R. <\/span><\/p>\n<\/div>\n<\/article>\n<\/div>\n<\/div>\n<p><h3 class=\"voc-detail__title\"> Las vacaciones de Leonor antes de su gran reto<br \/>\n<\/h3>\n<\/p>\n<p class=\"voc-paragraph\">La princesa Leonor lleva unos d\u00edas en la isla disfrutando de un merecido descanso. Desde que volvi\u00f3 de Gales, despu\u00e9s de haber terminado su ciclo acad\u00e9mico, su agenda ha tenido algunas citas importantes: la primera y m\u00e1s especial, fue la de asistir a <a data-voc-vtm-id=\"in-text-traffic\" href=\"https:\/\/www.mujerhoy.com\/celebrities\/realeza\/infanta-sofia-polemica-confirmacion-pelea-reina-sofia-letizia-foto-leonor-20230525153942-nt.html\">la confirmaci\u00f3n de su hermana, la infanta Sof\u00eda<\/a>. La ceremonia ten\u00eda lugar en de la parroquia de la Asunci\u00f3n de Nuestra Se\u00f1ora de Aravaca, y Leonor eligi\u00f3 para la ocasi\u00f3n un vestido made in Spain de la firma <strong>Pol\u00edn et moi<\/strong>. Se trataba de un dise\u00f1o con escote en pico, cintura ligeramente ajustada y un precioso estampado floral.\n<\/p>\n<div class=\"voc-detail__cmp\">\n<div class=\"voc-article-container\">\n<article class=\"voc-article voc-article--cmp-photo-text\" readability=\"26\">\n<div class=\"voc-img-container\" readability=\"7\"><picture>\n<div class=\"voc-horizontal voc-img-icon-link\"><img class=\"lazy adsviu_analyse\" loading=\"lazy\" data-original=\"\/\/static1.mujerhoy.com\/www\/multimedia\/202308\/04\/media\/cortadas\/letizia-reina-pantalon-corto-palma%20(1)-k7wH-U200938562557agE-624x624@MujerHoy.jpg\" alt=\"La reina junto a sus hijas en la visita a la gran escuela. \"><\/div>\n<\/picture>\n<p class=\"figure-caption \"> La reina junto a sus hijas en la visita a la gran escuela. \/ <span class=\"voc-photo-author\"> INstagram <\/span><\/p>\n<\/div>\n<\/article>\n<\/div>\n<\/div>\n<p class=\"voc-paragraph\">Despu\u00e9s de esta cita m\u00e1s familiar, llegaron las obligaciones que ata\u00f1e su t\u00edtulo, uno de los m\u00e1s importantes y representativos, el de la <a data-voc-vtm-id=\"in-text-traffic\" href=\"https:\/\/www.mujerhoy.com\/celebrities\/realeza\/premios-princesa-girona-polemica-leonor-letizia-seguridad-resolucion-judicial-20230704065534-nt.html\">entrega de los Premios Girona<\/a>. Dividido en dos jornadas, tanto Leonor como su hermana Sof\u00eda, protagonizaron varios actos (de la visita al Bulli junto a Ferr\u00e1n Adri\u00e0 al propio reparto de galardones) en los que las hijas de los reyes derrocharon estilo, naturalidad y simpat\u00eda. Bien es cierto, que este a\u00f1o a Leonor le fallaron un poco los nervios en el momento del discurso, pero la heredera sali\u00f3 airosa.\n<\/p>\n<p class=\"voc-paragraph\">Poco despu\u00e9s, la princesa Leonor visitaba la Academia Militar de Zaragoza en la que ingresar\u00e1 el pr\u00f3ximo 17 de agosto para continuar con su formaci\u00f3n, en este caso militar La hija mayor de los reyes presid\u00eda, junto a sus padres, la <strong>entrega de los Despachos y nombramientos a los nuevos oficiales del Ej\u00e9rcito de Tierra<\/strong>. Una cita con la que se demostraba que la princesa est\u00e1 cada vez m\u00e1s integrada en las funciones como miembro de la realeza.\n<\/p>\n<p class=\"voc-paragraph\">Tras esa cita llegaba la calma y con ella los d\u00edas de descanso y confidencias junto a su hermana. <strong>Las hijas del rey<\/strong> ten\u00edan que disfrutar de tiempo de calidad y recuperar los dos a\u00f1os que han estado separadas. Adem\u00e1s, hay que recordar que volver\u00e1n a estarlo una vez que cada una se incorpore a sus correspondientes obligaciones (mientras Leonor cubra <a data-voc-vtm-id=\"in-text-traffic\" href=\"https:\/\/www.mujerhoy.com\/celebrities\/realeza\/leonor-tragedia-verano-militar-rey-felipe-academia-ejercito-reina-capitana-uniforme-soldado-20230314142617-nt.html\">su formaci\u00f3n castrense en Espa\u00f1a <\/a>ser\u00e1 Sof\u00eda la que vaya a Gales). El pasado fin de semana, ambas aterrizaban en Palma junto a su madre (Felipe VI lleg\u00f3 unos d\u00edas antes).\n<\/p>\n<div class=\"voc-detail__cmp\">\n<div class=\"voc-article-container\">\n<article class=\"voc-article voc-article--cmp-photo-text\" readability=\"26\">\n<div class=\"voc-img-container\" readability=\"7\"><picture>\n<div class=\"voc-horizontal voc-img-icon-link\"><img class=\"lazy adsviu_analyse\" loading=\"lazy\" data-original=\"\/\/static3.mujerhoy.com\/www\/multimedia\/202308\/04\/media\/cortadas\/princesa-leonor-mallorca-kCHC--624x624@MujerHoy.jpeg\" alt=\"La princesa Leonor con un vestido verde. \/\"><\/div>\n<\/picture>\n<p class=\"figure-caption \"> La princesa Leonor con un vestido verde. \/ \/ <span class=\"voc-photo-author\"> dr <\/span><\/p>\n<\/div>\n<\/article>\n<\/div>\n<\/div>\n<p class=\"voc-paragraph\">A Leonor la hemos visto en la isla solo una vez: mientras<br \/>\n<a data-voc-vtm-id=\"in-text-traffic\" href=\"https:\/\/www.mujerhoy.com\/celebrities\/realeza\/letizia-polemica-agenda-palma-odio-vela-incomoda-marivent-corte-juan-carlos-festival-cine-atlantida-20230730084222-nt.html\"> su madre presid\u00eda la clausura del festival de cine Atl\u00e0ntida<\/a>, su padre navegaba y ambos presid\u00edan la recepci\u00f3n de autoridades en Marivent, a la princesa y a la infanta solo las hab\u00edamos visto fuera del palacio mallorqu\u00edn en el tradicional posado veraniego de la familia real que este a\u00f1o tuvo lugar en los <a data-voc-vtm-id=\"in-text-traffic\" href=\"https:\/\/www.mujerhoy.com\/celebrities\/realeza\/secreto-jardines-alfabia-reina-letizia-posado-verano-gesto-carino-princesa-leonor-20230731155444-nt.html\">jardines de Alf\u00e0bia<\/a>. El lugar elegido este a\u00f1o no puede ser m\u00e1s espectacular: situado en Bunyola, en el kil\u00f3metro 17 de la carretera de Palma a S\u00f3ller, en la sierra de Tramuntana, la singularidad y belleza de este emplazamiento radica en su historia y c\u00f3mo ha evolucionado para adaptarse a los gustos de cada \u00e9poca.\n<\/p>\n<p class=\"voc-paragraph\">Despu\u00e9s de su paso por Mallorca y antes de que arranque su formaci\u00f3n militar, a la princesa le esperan unos d\u00edas de desconexi\u00f3n total junto a su familia en un destino, que como cada a\u00f1o, es secreto. Son los \u00fanicos d\u00edas del calendario en los que<br \/>\n<strong> los reyes y sus hijas est\u00e1n completamente fuera de cobertura<\/strong>, al menos para el com\u00fan de los mortales.\n<\/p>\n<p><!-- TOPICS --><\/p>\n","protected":false},"excerpt":{"rendered":"<p>Contin\u00faa la semana de la familia real en Palma de Mallorca, esta vez con una salida sorpresa. La reina Letizia junto a sus hijas, la princesa Leonor y la infanta Sof\u00eda, han visitado esta ma\u00f1ana de viernes a Granja Escuela Jovent, cerca de la capital de la isla balear. A este centro acuden ni\u00f1os y [&hellip;]<\/p>\n","protected":false},"author":1,"featured_media":64435,"comment_status":"closed","ping_status":"closed","sticky":false,"template":"","format":"standard","meta":[],"categories":[1],"tags":[],"_links":{"self":[{"href":"http:\/\/hoycordobaweb.com\/index.php\/wp-json\/wp\/v2\/posts\/64434"}],"collection":[{"href":"http:\/\/hoycordobaweb.com\/index.php\/wp-json\/wp\/v2\/posts"}],"about":[{"href":"http:\/\/hoycordobaweb.com\/index.php\/wp-json\/wp\/v2\/types\/post"}],"author":[{"embeddable":true,"href":"http:\/\/hoycordobaweb.com\/index.php\/wp-json\/wp\/v2\/users\/1"}],"replies":[{"embeddable":true,"href":"http:\/\/hoycordobaweb.com\/index.php\/wp-json\/wp\/v2\/comments?post=64434"}],"version-history":[{"count":0,"href":"http:\/\/hoycordobaweb.com\/index.php\/wp-json\/wp\/v2\/posts\/64434\/revisions"}],"wp:featuredmedia":[{"embeddable":true,"href":"http:\/\/hoycordobaweb.com\/index.php\/wp-json\/wp\/v2\/media\/64435"}],"wp:attachment":[{"href":"http:\/\/hoycordobaweb.com\/index.php\/wp-json\/wp\/v2\/media?parent=64434"}],"wp:term":[{"taxonomy":"category","embeddable":true,"href":"http:\/\/hoycordobaweb.com\/index.php\/wp-json\/wp\/v2\/categories?post=64434"},{"taxonomy":"post_tag","embeddable":true,"href":"http:\/\/hoycordobaweb.com\/index.php\/wp-json\/wp\/v2\/tags?post=64434"}],"curies":[{"name":"wp","href":"https:\/\/api.w.org\/{rel}","templated":true}]}}