{"id":64245,"date":"2023-08-02T05:39:18","date_gmt":"2023-08-02T05:39:18","guid":{"rendered":"http:\/\/hoycordobaweb.com\/index.php\/2023\/08\/02\/conmocion-luciano-sanchez-sufrio-grave-lesion-y-marcelo-se-desmorona-al-verlo-depor\/"},"modified":"2023-08-02T05:39:18","modified_gmt":"2023-08-02T05:39:18","slug":"conmocion-luciano-sanchez-sufrio-grave-lesion-y-marcelo-se-desmorona-al-verlo-depor","status":"publish","type":"post","link":"http:\/\/hoycordobaweb.com\/index.php\/2023\/08\/02\/conmocion-luciano-sanchez-sufrio-grave-lesion-y-marcelo-se-desmorona-al-verlo-depor\/","title":{"rendered":"\u00a1Conmoci\u00f3n! Luciano S\u00e1nchez sufri\u00f3 grave lesi\u00f3n y Marcelo se desmorona al verlo &#8211; Depor"},"content":{"rendered":"<p>Durante el partido entre <b>Argentinos<\/b> Juniors y Fluminense en la Copa &#8230; <b>Argentinos<\/b> Jr. viene de cerrar la Liga de <b>F\u00fatbol<\/b> Profesional en novena&nbsp;&#8230; <\/p>\n","protected":false},"excerpt":{"rendered":"<p>Durante el partido entre Argentinos Juniors y Fluminense en la Copa &#8230; Argentinos Jr. viene de cerrar la Liga de F\u00fatbol Profesional en novena&nbsp;&#8230;<\/p>\n","protected":false},"author":1,"featured_media":0,"comment_status":"closed","ping_status":"closed","sticky":false,"template":"","format":"standard","meta":[],"categories":[22],"tags":[],"_links":{"self":[{"href":"http:\/\/hoycordobaweb.com\/index.php\/wp-json\/wp\/v2\/posts\/64245"}],"collection":[{"href":"http:\/\/hoycordobaweb.com\/index.php\/wp-json\/wp\/v2\/posts"}],"about":[{"href":"http:\/\/hoycordobaweb.com\/index.php\/wp-json\/wp\/v2\/types\/post"}],"author":[{"embeddable":true,"href":"http:\/\/hoycordobaweb.com\/index.php\/wp-json\/wp\/v2\/users\/1"}],"replies":[{"embeddable":true,"href":"http:\/\/hoycordobaweb.com\/index.php\/wp-json\/wp\/v2\/comments?post=64245"}],"version-history":[{"count":0,"href":"http:\/\/hoycordobaweb.com\/index.php\/wp-json\/wp\/v2\/posts\/64245\/revisions"}],"wp:attachment":[{"href":"http:\/\/hoycordobaweb.com\/index.php\/wp-json\/wp\/v2\/media?parent=64245"}],"wp:term":[{"taxonomy":"category","embeddable":true,"href":"http:\/\/hoycordobaweb.com\/index.php\/wp-json\/wp\/v2\/categories?post=64245"},{"taxonomy":"post_tag","embeddable":true,"href":"http:\/\/hoycordobaweb.com\/index.php\/wp-json\/wp\/v2\/tags?post=64245"}],"curies":[{"name":"wp","href":"https:\/\/api.w.org\/{rel}","templated":true}]}}