{"id":64240,"date":"2023-08-01T10:44:00","date_gmt":"2023-08-01T10:44:00","guid":{"rendered":"https:\/\/fm-comunicar.com.ar\/contenido\/20452\/la-municipalidad-de-jesus-maria-capacitara-a-trabajadores-gastronomicos-para-el-"},"modified":"2023-08-01T10:44:00","modified_gmt":"2023-08-01T10:44:00","slug":"la-municipalidad-de-jesus-maria-capacitara-a-trabajadores-gastronomicos-para-el-show-de-los-fundamentalistas","status":"publish","type":"post","link":"http:\/\/hoycordobaweb.com\/index.php\/2023\/08\/01\/la-municipalidad-de-jesus-maria-capacitara-a-trabajadores-gastronomicos-para-el-show-de-los-fundamentalistas\/","title":{"rendered":"La Municipalidad de Jes\u00fas Mar\u00eda capacitar\u00e1 a trabajadores gastron\u00f3micos para el show de los Fundamentalistas"},"content":{"rendered":"<p>Ser\u00e1 este mi\u00e9rcoles 2 de agosto, en Nido Costanera. Est\u00e1 destinada a chefs, cocineros, ayudantes de cocina, vendedores y transportistas de alimentos, feriantes, y mozos; que no tienen el carnet.<img src=\"http:\/\/hoycordobaweb.com\/wp-content\/uploads\/2023\/08\/la-municipalidad-de-jesus-maria-capacitara-a-trabajadores-gastronomicos-para-el-show-de-los-fundamentalistas.jpg\"><\/p>\n","protected":false},"excerpt":{"rendered":"<p>Ser\u00e1 este mi\u00e9rcoles 2 de agosto, en Nido Costanera. Est\u00e1 destinada a chefs, cocineros, ayudantes de cocina, vendedores y transportistas de alimentos, feriantes, y mozos; que no tienen el carnet.<\/p>\n","protected":false},"author":1,"featured_media":64241,"comment_status":"closed","ping_status":"closed","sticky":false,"template":"","format":"standard","meta":[],"categories":[18],"tags":[],"_links":{"self":[{"href":"http:\/\/hoycordobaweb.com\/index.php\/wp-json\/wp\/v2\/posts\/64240"}],"collection":[{"href":"http:\/\/hoycordobaweb.com\/index.php\/wp-json\/wp\/v2\/posts"}],"about":[{"href":"http:\/\/hoycordobaweb.com\/index.php\/wp-json\/wp\/v2\/types\/post"}],"author":[{"embeddable":true,"href":"http:\/\/hoycordobaweb.com\/index.php\/wp-json\/wp\/v2\/users\/1"}],"replies":[{"embeddable":true,"href":"http:\/\/hoycordobaweb.com\/index.php\/wp-json\/wp\/v2\/comments?post=64240"}],"version-history":[{"count":0,"href":"http:\/\/hoycordobaweb.com\/index.php\/wp-json\/wp\/v2\/posts\/64240\/revisions"}],"wp:featuredmedia":[{"embeddable":true,"href":"http:\/\/hoycordobaweb.com\/index.php\/wp-json\/wp\/v2\/media\/64241"}],"wp:attachment":[{"href":"http:\/\/hoycordobaweb.com\/index.php\/wp-json\/wp\/v2\/media?parent=64240"}],"wp:term":[{"taxonomy":"category","embeddable":true,"href":"http:\/\/hoycordobaweb.com\/index.php\/wp-json\/wp\/v2\/categories?post=64240"},{"taxonomy":"post_tag","embeddable":true,"href":"http:\/\/hoycordobaweb.com\/index.php\/wp-json\/wp\/v2\/tags?post=64240"}],"curies":[{"name":"wp","href":"https:\/\/api.w.org\/{rel}","templated":true}]}}