{"id":64217,"date":"2023-07-31T19:50:24","date_gmt":"2023-07-31T19:50:24","guid":{"rendered":"https:\/\/www.mujerhoy.com\/moda\/no-te-pierdas\/reina-letizia-vestido-rosa-bolso-rafia-sandalias-planas-look-verano-mallorca-20230731201851-nt.html"},"modified":"2023-07-31T19:50:24","modified_gmt":"2023-07-31T19:50:24","slug":"la-reina-letizia-estrena-look-de-verano-en-mallorca-con-vestido-rosa-capazo-de-rafia-y-alpargatas-planas","status":"publish","type":"post","link":"http:\/\/hoycordobaweb.com\/index.php\/2023\/07\/31\/la-reina-letizia-estrena-look-de-verano-en-mallorca-con-vestido-rosa-capazo-de-rafia-y-alpargatas-planas\/","title":{"rendered":"La reina Letizia estrena look de verano en Mallorca con vestido rosa, capazo de rafia y alpargatas planas"},"content":{"rendered":"<p><!-- AUTHOR --><\/p>\n<div class=\"voc-author-timesocial \"><!-- AUTHOR --><\/p>\n<div class=\"voc-author-timesocial__signature\"><!-- IMAGE AUTHOR --><picture class=\"voc-image-signature\"><img class=\"voc-image-signature__img\" src=\"http:\/\/hoycordobaweb.com\/wp-content\/uploads\/2023\/08\/la-reina-letizia-estrena-look-de-verano-en-mallorca-con-vestido-rosa-capazo-de-rafia-y-alpargatas-planas.jpg\" alt=\"Raquel Rodr\u00edguez\"><\/picture><!-- INFO AUTHOR --><\/div>\n<\/div>\n<p><!-- COMPONENTS --><\/p>\n<p class=\"voc-paragraph\">En medio de <a data-voc-vtm-id=\"in-text-traffic\" href=\"https:\/\/www.mujerhoy.com\/celebrities\/realeza\/letizia-polemica-pelea-marivent-cristina-criticas-reina-plebeya-infanta-enamorada-urdangarin-20230725063251-nt.html\" title=\"www.mujerhoy.com\">disputas familares<\/a>, con la curiosa coincidencia de la salida de la reina Sof\u00eda a la llegada de los reyes y sus hijas y con Juan Carlos en Sanxenxo asistiendo a las tradicionales regatas, la familia real ha arrancado sus <strong>vacaciones en Mallorca<\/strong>. Un periodo que da siempre mucho que hablar y que ha sido inaugurado con la asistencia de<br \/>\n<strong> la reina Letizia<\/strong> al festival de cine Atl\u00e0ntida de Palma de Mallorca donde luci\u00f3<br \/>\n<a data-voc-vtm-id=\"in-text-traffic\" href=\"https:\/\/www.mujerhoy.com\/moda\/no-te-pierdas\/reina-letizia-vestido-transparencias-escote-mallorca-festival-cine-20230730211129-nt.html\" title=\"www.mujerhoy.com\"> este vestido negro con transparencias<\/a>.\n<\/p>\n<p class=\"voc-paragraph\">Sin embargo, la foto oficial de este comienzo vacacional en la isla balear no ha ha llegado en Marivent, sino con una visita sorpresa que han hecho a<br \/>\n<a data-voc-vtm-id=\"in-text-traffic\" href=\"https:\/\/www.mujerhoy.com\/celebrities\/realeza\/secreto-jardines-alfabia-reina-letizia-posado-verano-gesto-carino-princesa-leonor-20230731155444-nt.html\" title=\"www.mujerhoy.com\"> los Jardines de Alfabia<\/a>. Una salida de lo m\u00e1s veraniega que tiene como objetivo la marca Espa\u00f1a y la promoci\u00f3n de Mallorca. Y s\u00ed, la <a data-voc-vtm-id=\"in-text-traffic\" href=\"https:\/\/www.mujerhoy.com\/temas\/personajes\/reina-dona-letizia.html\" title=\"www.mujerhoy.com\">reina Letizia<\/a>, una vez m\u00e1s, ha destacado por encima de sus hijas con un <strong>bonito vestido rosa<\/strong>.\n<\/p>\n<p class=\"voc-paragraph\">Alfabia es un conjunto de casa, jard\u00edn y huerto ubicado en Bunyola, en medio de la Sierra de Tramuntana, <strong>patrimonio inmaterial de la UNESCO <\/strong>desde 2011. La historia de la casa y los jardines ya est\u00e1 documentada en \u00e9poca de dominaci\u00f3n \u00e1rabe. Y los reyes y sus hijas han querido realizar una visita tur\u00edstica por este rinc\u00f3n tan especial de la isla.\n<\/p>\n<p class=\"voc-paragraph\">Una vez m\u00e1s, con looks perefectamente cortados (no dan puntada sin hilo en cuanto a las prendas se refiere), los cuatro han paseado por este enclave tan especial. Una aparici\u00f3n que nos ha dejado la <strong>primera foto oficial de familia <\/strong>en las vacaciones de Mallorca de 2023.\n<\/p>\n<div class=\"voc-detail-photo-zoom\"><picture data-toggle=\"modal\" data-target=\"#photoZoomModal-479\" target=\"modal\">\n<div class=\"voc-img-icon-link\"><img loading=\"lazy\" data-original=\"\/\/static3.mujerhoy.com\/www\/multimedia\/202307\/31\/media\/cortadas\/familia-real-posado-mallorca-kxQE--460x637@MujerHoy.JPG\" class=\"lazy adsviu_analyse\" alt=\"Los reyes y sus hijas durante el paseo por los jardines. \/ LIMITED PICTURES\"><noscript><img src=\"http:\/\/hoycordobaweb.com\/wp-content\/uploads\/2023\/08\/la-reina-letizia-estrena-look-de-verano-en-mallorca-con-vestido-rosa-capazo-de-rafia-y-alpargatas-planas-1.jpg\" alt=\"Los reyes y sus hijas durante el paseo por los jardines. \/ LIMITED PICTURES\"><\/noscript><i class=\"voc-icons zoom voc-multimedia-box voc-ico-l\"><\/i><\/div><figcaption class=\"figure-caption\">Los reyes y sus hijas durante el paseo por los jardines. \/ LIMITED PICTURES<\/figcaption><\/picture><\/div>\n<div id=\"photoZoomModal-479\" class=\"voc-lightbox modal fade voc-lightbox--photo-zoom\" role=\"dialog\" data-voc-photozoom-lightbox>\n<div class=\"voc-lightbox__dialog\" role=\"document\">\n<div class=\"voc-lightbox__content\"><!-- Modal header --><!-- Modal content --><\/p>\n<div class=\"voc-lightbox__photo-container\"><picture class><img loading=\"lazy\" data-original=\"\/\/static3.mujerhoy.com\/www\/multimedia\/202307\/31\/media\/cortadas\/familia-real-posado-mallorca-kxQE--460x637@MujerHoy.JPG\" alt=\"Los reyes y sus hijas durante el paseo por los jardines. \/ LIMITED PICTURES\" class=\"lazy\"><noscript><img src=\"http:\/\/hoycordobaweb.com\/wp-content\/uploads\/2023\/08\/la-reina-letizia-estrena-look-de-verano-en-mallorca-con-vestido-rosa-capazo-de-rafia-y-alpargatas-planas-1.jpg\" alt=\"Los reyes y sus hijas durante el paseo por los jardines. \/ LIMITED PICTURES\"><\/noscript><\/picture><\/div>\n<\/div>\n<\/div>\n<\/div>\n<p class=\"voc-paragraph\">Y para la ocasi\u00f3n, do\u00f1a Letizia se ha unido, por vez infinita, a la tendencia Barbiecore y ha vuelto a escoger un<br \/>\n<strong> vestido rosa<\/strong>. Parece que la monarca se encuentra muy c\u00f3moda con este color y no pretende cambiarlo. Y esta vez lo ha hecho con un vestido midi que resaltaba su bronceado. Pero, \u00bfde d\u00f3nde es?\n<\/p>\n<p><h3 class=\"voc-detail__title\"> De d\u00f3nde es el vestido rosa de la reina Letizia<br \/>\n<\/h3>\n<\/p>\n<p class=\"voc-paragraph\">Pues se trata de un vestido que le hemos visto por primera vez, pero que forma parte de otra temporada. Es un dise\u00f1o de <strong>Adolfo Dom\u00ednguez<\/strong>, una de sus firmas de cabecera y de las m\u00e1s protagonistas de su armario, que tiene pinta de ser comod\u00edsimo y que es todo un acierto para estos d\u00edas de verano.\n<\/p>\n<div class=\"voc-detail-photo-zoom\"><picture data-toggle=\"modal\" data-target=\"#photoZoomModal-796\" target=\"modal\">\n<div class=\"voc-img-icon-link\"><img loading=\"lazy\" data-original=\"\/\/static.mujerhoy.com\/www\/multimedia\/202307\/31\/media\/cortadas\/vestido-rosa-adolfo-dominguez-kchG--460x637@MujerHoy.jpg\" class=\"lazy adsviu_analyse\" alt=\"El vestido de Adolfo Dom\u00ednguez.\"><noscript><img src=\"http:\/\/hoycordobaweb.com\/wp-content\/uploads\/2023\/08\/la-reina-letizia-estrena-look-de-verano-en-mallorca-con-vestido-rosa-capazo-de-rafia-y-alpargatas-planas-2.jpg\" alt=\"El vestido de Adolfo Dom\u00ednguez.\"><\/noscript><i class=\"voc-icons zoom voc-multimedia-box voc-ico-l\"><\/i><\/div><figcaption class=\"figure-caption\">El vestido de Adolfo Dom\u00ednguez.<\/figcaption><\/picture><\/div>\n<div id=\"photoZoomModal-796\" class=\"voc-lightbox modal fade voc-lightbox--photo-zoom\" role=\"dialog\" data-voc-photozoom-lightbox>\n<div class=\"voc-lightbox__dialog\" role=\"document\">\n<div class=\"voc-lightbox__content\"><!-- Modal header --><!-- Modal content --><\/p>\n<div class=\"voc-lightbox__photo-container\"><picture class><img loading=\"lazy\" data-original=\"\/\/static.mujerhoy.com\/www\/multimedia\/202307\/31\/media\/cortadas\/vestido-rosa-adolfo-dominguez-kchG--460x637@MujerHoy.jpg\" alt=\"El vestido de Adolfo Dom\u00ednguez.\" class=\"lazy\"><noscript><img src=\"http:\/\/hoycordobaweb.com\/wp-content\/uploads\/2023\/08\/la-reina-letizia-estrena-look-de-verano-en-mallorca-con-vestido-rosa-capazo-de-rafia-y-alpargatas-planas-2.jpg\" alt=\"El vestido de Adolfo Dom\u00ednguez.\"><\/noscript><\/picture><\/div>\n<\/div>\n<\/div>\n<\/div>\n<p class=\"voc-paragraph\">No es casualidad que la reina se haya decantado por el rosa con esta fiebre que hemos vivido \u00faltimamente por el estreno de la pel\u00edcula Barbie. Do\u00f1a Letizia lleva meses siendo fan de este color. Tanto es as\u00ed, que es un tono que ha desbancado por completo al rojo y que, sin lugar a dudas, es <strong>su nuevo color fetiche<\/strong>.\n<\/p>\n<p class=\"voc-paragraph\">El vestido era un modelo de tirante ancho, escote en pico y falda de vuelo. Estaba confeccionado en un <strong>tejido vaporoso de efecto arrugado <\/strong>y llevaba una cuera a tono a modo de cintur\u00f3n que ce\u00f1\u00eda la prenda a la figura marcando as\u00ed la cintura y estilizando su silueta. \u00a1Ideal!\n<\/p>\n<p><h3 class=\"voc-detail__title\"> Complementos veraniegos: alpargatas planas y capazo<br \/>\n<\/h3>\n<\/p>\n<div class=\"voc-detail-photo-zoom\"><picture data-toggle=\"modal\" data-target=\"#photoZoomModal-135\" target=\"modal\">\n<div class=\"voc-img-icon-link\"><img loading=\"lazy\" data-original=\"\/\/static1.mujerhoy.com\/www\/multimedia\/202307\/31\/media\/cortadas\/letizia-bolso-rafia-kchG--460x637@MujerHoy.JPG\" class=\"lazy adsviu_analyse\" alt=\"FElipe, Leonor, Sof\u00eda y Letizia en Mallorca. \/ LIMITED PICTURES\"><noscript><img src=\"http:\/\/hoycordobaweb.com\/wp-content\/uploads\/2023\/08\/la-reina-letizia-estrena-look-de-verano-en-mallorca-con-vestido-rosa-capazo-de-rafia-y-alpargatas-planas-3.jpg\" alt=\"FElipe, Leonor, Sof\u00eda y Letizia en Mallorca. \/ LIMITED PICTURES\"><\/noscript><i class=\"voc-icons zoom voc-multimedia-box voc-ico-l\"><\/i><\/div><figcaption class=\"figure-caption\">FElipe, Leonor, Sof\u00eda y Letizia en Mallorca. \/ LIMITED PICTURES<\/figcaption><\/picture><\/div>\n<div id=\"photoZoomModal-135\" class=\"voc-lightbox modal fade voc-lightbox--photo-zoom\" role=\"dialog\" data-voc-photozoom-lightbox>\n<div class=\"voc-lightbox__dialog\" role=\"document\">\n<div class=\"voc-lightbox__content\"><!-- Modal header --><!-- Modal content --><\/p>\n<div class=\"voc-lightbox__photo-container\"><picture class><img loading=\"lazy\" data-original=\"\/\/static1.mujerhoy.com\/www\/multimedia\/202307\/31\/media\/cortadas\/letizia-bolso-rafia-kchG--460x637@MujerHoy.JPG\" alt=\"FElipe, Leonor, Sof\u00eda y Letizia en Mallorca. \/ LIMITED PICTURES\" class=\"lazy\"><noscript><img src=\"http:\/\/hoycordobaweb.com\/wp-content\/uploads\/2023\/08\/la-reina-letizia-estrena-look-de-verano-en-mallorca-con-vestido-rosa-capazo-de-rafia-y-alpargatas-planas-3.jpg\" alt=\"FElipe, Leonor, Sof\u00eda y Letizia en Mallorca. \/ LIMITED PICTURES\"><\/noscript><\/picture><\/div>\n<\/div>\n<\/div>\n<\/div>\n<p class=\"voc-paragraph\">Do\u00f1a Letizia sac\u00f3 la versi\u00f3n m\u00e1s veraniega de este vestido a\u00f1adiendo unas <strong>alpargatas planas<\/strong> que ya le hemos visto en otras ocasiones, tambi\u00e9n durante las vacaciones en Mallorca. Se trata de un modelo trenzado tipo sandalia cangrejera de Sabellar. Por otro lado, complet\u00f3 el estilismo con un bolso tipo capazo,<br \/>\n<strong> trenzado y de rafia <\/strong>que estamos deseando saber de d\u00f3nde es.\n<\/p>\n<p><!-- TOPICS --><\/p>\n","protected":false},"excerpt":{"rendered":"<p>En medio de disputas familares, con la curiosa coincidencia de la salida de la reina Sof\u00eda a la llegada de los reyes y sus hijas y con Juan Carlos en Sanxenxo asistiendo a las tradicionales regatas, la familia real ha arrancado sus vacaciones en Mallorca. Un periodo que da siempre mucho que hablar y que [&hellip;]<\/p>\n","protected":false},"author":1,"featured_media":64218,"comment_status":"closed","ping_status":"closed","sticky":false,"template":"","format":"standard","meta":[],"categories":[1],"tags":[],"_links":{"self":[{"href":"http:\/\/hoycordobaweb.com\/index.php\/wp-json\/wp\/v2\/posts\/64217"}],"collection":[{"href":"http:\/\/hoycordobaweb.com\/index.php\/wp-json\/wp\/v2\/posts"}],"about":[{"href":"http:\/\/hoycordobaweb.com\/index.php\/wp-json\/wp\/v2\/types\/post"}],"author":[{"embeddable":true,"href":"http:\/\/hoycordobaweb.com\/index.php\/wp-json\/wp\/v2\/users\/1"}],"replies":[{"embeddable":true,"href":"http:\/\/hoycordobaweb.com\/index.php\/wp-json\/wp\/v2\/comments?post=64217"}],"version-history":[{"count":0,"href":"http:\/\/hoycordobaweb.com\/index.php\/wp-json\/wp\/v2\/posts\/64217\/revisions"}],"wp:featuredmedia":[{"embeddable":true,"href":"http:\/\/hoycordobaweb.com\/index.php\/wp-json\/wp\/v2\/media\/64218"}],"wp:attachment":[{"href":"http:\/\/hoycordobaweb.com\/index.php\/wp-json\/wp\/v2\/media?parent=64217"}],"wp:term":[{"taxonomy":"category","embeddable":true,"href":"http:\/\/hoycordobaweb.com\/index.php\/wp-json\/wp\/v2\/categories?post=64217"},{"taxonomy":"post_tag","embeddable":true,"href":"http:\/\/hoycordobaweb.com\/index.php\/wp-json\/wp\/v2\/tags?post=64217"}],"curies":[{"name":"wp","href":"https:\/\/api.w.org\/{rel}","templated":true}]}}