{"id":64213,"date":"2023-08-01T00:28:45","date_gmt":"2023-08-01T00:28:45","guid":{"rendered":"https:\/\/www.ole.com.ar\/futbol-internacional\/sudamericana\/san-pablo-rival-san-lorenzo-copa-sudamericana-figura-tecnico_0_HklbNVOPMP.html"},"modified":"2023-08-01T00:28:45","modified_gmt":"2023-08-01T00:28:45","slug":"asi-esta-san-pablo-rival-de-san-lorenzo-en-la-sudamericana","status":"publish","type":"post","link":"http:\/\/hoycordobaweb.com\/index.php\/2023\/08\/01\/asi-esta-san-pablo-rival-de-san-lorenzo-en-la-sudamericana\/","title":{"rendered":"As\u00ed est\u00e1 San Pablo, rival de San Lorenzo en la Sudamericana"},"content":{"rendered":"<p><img src=\"http:\/\/hoycordobaweb.com\/wp-content\/uploads\/2023\/08\/asi-esta-san-pablo-rival-de-san-lorenzo-en-la-sudamericana.jpg\"><\/p>\n<p><time class=\"createDate\" datetime=\"2023-07-31T21:28:45-03:00\">31\/07\/2023 21:28hs.<\/time><time class=\"modificatedDate\" datetime=\"2023-07-31T21:28:45-03:00\"><\/time><\/p>\n<div id=\"storyBody\">\n<div class=\"custom-text \" readability=\"32.179104477612\">\n<p>Los octavos de final de la <strong><a href=\"https:\/\/www.ole.com.ar\/tema\/copa-sudamericana.html\" title=\"Copa Sudamericana\" alt=\"Copa Sudamericana\" class=\"slug\">Copa Sudamericana<\/a><\/strong> comenzar\u00e1n este martes 1 de agosto y algunos candidatos quedar\u00e1n eliminados en esta instancia. <strong><a href=\"https:\/\/www.ole.com.ar\/tema\/san-lorenzo.html\" title=\"San Lorenzo\" alt=\"San Lorenzo\" class=\"slug\">San Lorenzo<\/a> se medir\u00e1 ante el <a href=\"https:\/\/www.ole.com.ar\/tema\/sao-paulo.html\" title=\"Sao Paulo\" alt=\"Sao Paulo\" class=\"slug\">San Pablo<\/a> el pr\u00f3ximo jueves a las 19.00 hs en el estadio Pedro Bidegain.<\/strong> El Cicl\u00f3n atraves\u00f3 un mal cierre del torneo con dos derrotas frente a Argentinos y Tigre por 2-0 en ambos encuentros, y es por eso que se est\u00e1 reforzando con jugadores para poder competir la triple competencia. <strong><a href=\"https:\/\/www.ole.com.ar\/san-lorenzo\/insua-san-lorenzo-primer-refuerzo-carlos-auzqui_0_F7BKx7LC5P.html\" target=\"_blank\" rel=\"noopener noreferrer\">La llegada de Carlos Auzqui<\/a> y Federico Girotti <\/strong>ilusionan a los hinchas del Cuervo con ser serios candidatos a ganar el certamen internacional.<\/p>\n<\/div>\n<div class=\"custom-text \" readability=\"34\">\n<p>Primero deber\u00e1n eliminar a uno de los candidatos al t\u00edtulo. Es por eso que en <strong>Ol\u00e9, <\/strong>te vamos a mostrar todo lo que ten\u00e9s que saber sobre San Pablo.<\/p>\n<\/div>\n<p><h2><strong>\u00bfC\u00f3mo llega a la serie?<\/strong><\/h2>\n<\/p>\n<div class=\"sc-e7b891c4-0 jPbnQF\"><img alt=\"San Pablo acumula tres partidos sin ganar.\" src=\"http:\/\/hoycordobaweb.com\/wp-content\/uploads\/2023\/08\/asi-esta-san-pablo-rival-de-san-lorenzo-en-la-sudamericana-2.jpg\" width=\"720\" height=\"100\" decoding=\"async\" data-nimg=\"future\" loading=\"lazy\"><span class=\"epigraphe\">San Pablo acumula tres partidos sin ganar.<\/span><\/div>\n<div class=\"custom-text \" readability=\"40\">\n<p>El equipo brasile\u00f1o es uno de los mejores equipos del Brasileirao. Sin embargo, no vienen atravesando el mejor de los momentos, ya que <strong>no ganan hace tres partidos y perdieron la ida de las semifinales de la Copa Brasil <\/strong>ante el Corinthians por 2-1. De todas formas, <strong>el equipo brasile\u00f1o fue el mejor primero de todos los grupos en la Copa Sudamericana con 16 puntos y una diferencia de gol de +13. <\/strong>Adem\u00e1s, en sus \u00faltimos partidos frente a un equipo argentino consigui\u00f3 la victoria ante Tigre en la fase de grupos, 2-0 en Victoria y mismo resultado en el Morumb\u00ed. <strong> <\/strong><\/p>\n<\/div>\n<p><h2><strong>Su desempe\u00f1o en la Sudamericana<\/strong><\/h2>\n<\/p>\n<div class=\"custom-text \" readability=\"41\">\n<p>SanPablo integr\u00f3 el grupo D junto con Tigre, Academia Puerto Cabello y Deportes Tolima<strong>.<\/strong> En su debut, venci\u00f3 2-0 a Tigre en su visita a Victoria. Luego, gan\u00f3 -de local- ante Puerto Cabello por 2-0 y en su visita a Colombia sac\u00f3 un valioso punto tras igualar sin goles ante el Tolima. Luego, en su visita a Venezuela volvi\u00f3 a derrotar por el mismo resultado a Cabello y logr\u00f3 la clasificaci\u00f3n en la quinta jornada, tras golear categ\u00f3ricamente al elenco colombiano por 5-0. Finalmente, en su \u00faltimo partido de la fase de grupos venci\u00f3 al Matador por 2-0. <strong>El conjunto brasile\u00f1o convirti\u00f3 13 goles y no le convirtieron ninguno.<\/strong><\/p>\n<\/div>\n<p><h2><strong>Sus grandes figuras<\/strong><\/h2>\n<\/p>\n<div class=\"custom-text \" readability=\"36\">\n<p>El San Pablo tiene mucha jerarqu\u00eda y para competir en un certamen internacional se necesita experiencia. Ese rol lo ocupa <strong>Rafinha<\/strong>, el mundialista y ex Bayern M\u00fanich. Con 37 a\u00f1os<strong> es uno de los pilares del equipo paulista <\/strong>y estar\u00e1 presente en una de las llaves m\u00e1s importantes que tendr\u00e1 el equipo brasile\u00f1o.<\/p>\n<\/div>\n<div class=\"sc-e7b891c4-0 jPbnQF\"><img alt=\"La jerarqu\u00eda de Rafinha, pilar en el San Pablo\" src=\"http:\/\/hoycordobaweb.com\/wp-content\/uploads\/2023\/08\/asi-esta-san-pablo-rival-de-san-lorenzo-en-la-sudamericana-3.jpg\" width=\"720\" height=\"100\" decoding=\"async\" data-nimg=\"future\" loading=\"lazy\"><span class=\"epigraphe\">La jerarqu\u00eda de Rafinha, pilar en el San Pablo<\/span><\/div>\n<div class=\"custom-text \" readability=\"35.482051282051\">\n<p>Otro de los grandes jugadores que tienen es el delantero argentino y goleador <a href=\"https:\/\/www.ole.com.ar\/tema\/jonathan-calleri.html\" title=\"Jonathan Calleri\" alt=\"Jonathan Calleri\" class=\"slug\">Jonathan Calleri<\/a>. El ex delantero de Boca viene de convertir seis goles en el Brasileirao y es el mejor delantero que tiene el Sanpa. Sin embargo, en el partido de ida de las semis de la Copa de Brasil, <strong>Calleri sufri\u00f3 una lesi\u00f3n muscular y no estar\u00e1 presente en el duelo del jueves frente al cuadro azulgrana.<\/strong><\/p>\n<\/div>\n<div class=\"sc-e7b891c4-0 jPbnQF\"><img alt=\"Jonathan Calleri sali\u00f3 lesionado y podr\u00eda perderse el duelo con San Lorenzo. (@calleribrasil)\" src=\"http:\/\/hoycordobaweb.com\/wp-content\/uploads\/2023\/08\/asi-esta-san-pablo-rival-de-san-lorenzo-en-la-sudamericana-4.jpg\" width=\"720\" height=\"100\" decoding=\"async\" data-nimg=\"future\" loading=\"lazy\"><span class=\"epigraphe\">Jonathan Calleri sali\u00f3 lesionado y podr\u00eda perderse el duelo con San Lorenzo. (@calleribrasil)<\/span><\/div>\n<p><h2><strong>\u00bfQui\u00e9n es el DT?<\/strong><\/h2>\n<\/p>\n<div class=\"custom-text \" readability=\"40\">\n<p>Luego de la destituci\u00f3n de Rogerio Ceni, \u00eddolo del club, el club confirm\u00f3 la llegada de Dorival J\u00fanior, de \u00faltimo paso por el Flamengo. El t\u00e9cnico brasile\u00f1o desde su llegada al elenco paulista gan\u00f3 16 partidos, igual\u00f3 en seis y perdi\u00f3 en cinco oportunidades. <strong>Cabe destacar que fue el t\u00e9cnico que sac\u00f3 campe\u00f3n al Flamengo en la \u00faltima la Copa Libertadores,<\/strong> al vencer 1-0 al Athletico Paranaense.<\/p>\n<\/div>\n<div class=\"sc-e7b891c4-0 jPbnQF\"><img alt=\"Dorival J\u00fanior, el \u00faltimo t\u00e9cnico campe\u00f3n de la Copa Libertadores. REUTERS\/Amanda Perobelli\" src=\"http:\/\/hoycordobaweb.com\/wp-content\/uploads\/2023\/08\/asi-esta-san-pablo-rival-de-san-lorenzo-en-la-sudamericana-5.jpg\" width=\"720\" height=\"100\" decoding=\"async\" data-nimg=\"future\" loading=\"lazy\"><span class=\"epigraphe\">Dorival J\u00fanior, el \u00faltimo t\u00e9cnico campe\u00f3n de la Copa Libertadores. REUTERS\/Amanda Perobelli<\/span><\/div>\n<p><h2>La llegada de James Rodr\u00edguez<\/h2>\n<\/p>\n<div class=\"sc-e7b891c4-0 jPbnQF\"><img alt=\"James Rodr\u00edguez fue presentado en el San Pablo. (Foto: Prensa San Pablo)\" src=\"http:\/\/hoycordobaweb.com\/wp-content\/uploads\/2023\/08\/asi-esta-san-pablo-rival-de-san-lorenzo-en-la-sudamericana-6.jpg\" width=\"720\" height=\"100\" decoding=\"async\" data-nimg=\"future\" loading=\"lazy\"><span class=\"epigraphe\">James Rodr\u00edguez fue presentado en el San Pablo. (Foto: Prensa San Pablo)<\/span><\/div>\n<div class=\"custom-text \" readability=\"42.625\">\n<p><strong><a href=\"https:\/\/www.ole.com.ar\/tema\/james-rodriguez.html\" title=\"James Rodr\u00edguez\" alt=\"James Rodr\u00edguez\" class=\"slug\">James Rodr\u00edguez<\/a><\/strong> fue presentado el pasado s\u00e1bado y se convirti\u00f3 en el refuerzo estrella del Tricolor Paulista para competir en la Copa Sudamericana, torneo local y Copa de Brasil. El colombiano de 32 a\u00f1os, que llega procedente del Olympiacos de Grecia (se desvincul\u00f3 de ese club a mediados de abril) <strong>regresar\u00e1 al f\u00fatbol sudamericano luego de 13 a\u00f1os: en 2010 dej\u00f3 Banfield para pasar al Porto de Portugal.<\/strong> Luego, estuvo en Monaco, Real Madrid, Bayern Munich, Everton, Al-Rayyan y, finalmente, Olympiacos.<\/p>\n<\/div>\n<div class=\"custom-text \" readability=\"35\">\n<p>\u00abEstoy feliz. Es una gran oportunidad para m\u00ed y mi familia. Es una nueva etapa en mi vida. Estoy muy feliz y con muchos buenos sentimientos. Soy un chico al que le gusta jugar en un equipo grande y San Pablo es un gran equipo\u00bb, fueron las primeras palabras de James como nuevo jugador de San Pablo.<\/p>\n<\/div>\n<div class=\"custom-text \" readability=\"39\">\n<p>\u201cJames llega para sumar fuerza a un elenco que ha demostrado una notable calidad, competitividad y compromiso. Es un fichaje que encaja con nuestra filosof\u00eda de clasificar al grupo en cada ventana de fichajes. Estamos recibiendo a un atleta de indiscutible talento y trayectoria, que <strong>ha demostrado una inmensa voluntad de hacer historia en Brasil y especialmente en San Pablo\u201d<\/strong>, dijo el director de f\u00fatbol del club, Carlos Belmonte.<\/p>\n<\/div>\n<div class=\"sc-7ce6049-0 dwIKul\">\n<div class=\"sc-7ce6049-1 bdcBBS videoText\" id=\"contentTitleundefined6yaGoVEo\"><svg fill=\"#ffffff\"><symbol id=\"play\" viewBox=\"0 0 512 512\"><path d=\"M512 256C512 397.4 397.4 512 256 512C114.6 512 0 397.4 0 256C0 114.6 114.6 0 256 0C397.4 0 512 114.6 512 256zM176 168V344C176 352.7 180.7 360.7 188.3 364.9C195.8 369.2 205.1 369 212.5 364.5L356.5 276.5C363.6 272.1 368 264.4 368 256C368 247.6 363.6 239.9 356.5 235.5L212.5 147.5C205.1 142.1 195.8 142.8 188.3 147.1C180.7 151.3 176 159.3 176 168V168z\" \/><\/symbol><use xlink:href=\"#play\" \/><\/svg><\/p>\n<div class=\"right\">\n<p>Sao Paulo<!-- --> &#8211;<!-- --> <span>31-7-2023<\/span><\/p>\n<h2 class=\"title-vid\">As\u00ed present\u00f3 San Pablo a James Rodr\u00edguez<\/h2>\n<\/div>\n<\/div>\n<p><span class=\"back\" id=\"spanBackundefined6yaGoVEo\"><\/span><\/div>\n<p><h2><strong>Los cambios de San Lorenzo en la lista<\/strong><\/h2>\n<\/p>\n<div class=\"custom-text \" readability=\"40\">\n<p>Ruben Dar\u00edo Insua pudo sumar dos refuerzos, <strong>pero solamente uno ingresar\u00e1 en la lista de buena fe: Carlos Auzqui<\/strong>. Por otra parte, <strong>el segundo refuerzo Federico Girotti no pudo ser anotado a tiempo y se perder\u00e1 la llave ante San Pablo<\/strong>. En caso de que el Cicl\u00f3n avance, el ex Talleres podr\u00e1 jugar los cuartos de final. De esta manera, Federico Gattoni ser\u00e1 el jugador que saldr\u00e1 de la n\u00f3mina, ya que se fue a Sevilla.<\/p>\n<\/div>\n<div class=\"sc-e7b891c4-0 jPbnQF\"><img alt=\"Auzqui en San Lorenzo.\" src=\"http:\/\/hoycordobaweb.com\/wp-content\/uploads\/2023\/08\/asi-esta-san-pablo-rival-de-san-lorenzo-en-la-sudamericana-7.jpg\" width=\"720\" height=\"100\" decoding=\"async\" data-nimg=\"future\" loading=\"lazy\"><span class=\"epigraphe\">Auzqui en San Lorenzo.<\/span><\/div>\n<div class=\"sc-a7166897-0 exHLBh\" readability=\"6\">\n<section readability=\"2\"><picture><img alt=\"Girotti es refuerzo de San Lorenzo\" src=\"http:\/\/hoycordobaweb.com\/wp-content\/uploads\/2023\/08\/asi-esta-san-pablo-rival-de-san-lorenzo-en-la-sudamericana-8.jpg\" width=\"290\" height=\"290\" decoding=\"async\" data-nimg=\"future\" loading=\"lazy\"><\/picture>\n<p><span>Mir\u00e1 tambi\u00e9n<\/span><\/p>\n<hr>\n<h3>Girotti es refuerzo de San Lorenzo<\/h3>\n<\/p>\n<\/section>\n<\/div>\n<div class=\"sc-a7166897-0 exHLBh\" readability=\"6.5\">\n<section readability=\"3\"><picture><img alt=\"Ahora se viene la Copa de la Liga: grupos, formato y cu\u00e1ndo empieza\" src=\"http:\/\/hoycordobaweb.com\/wp-content\/uploads\/2023\/08\/asi-esta-san-pablo-rival-de-san-lorenzo-en-la-sudamericana-9.jpg\" width=\"290\" height=\"290\" decoding=\"async\" data-nimg=\"future\" loading=\"lazy\"><\/picture>\n<p><span>Mir\u00e1 tambi\u00e9n<\/span><\/p>\n<hr>\n<h3>Ahora se viene la Copa de la Liga: grupos, formato y cu\u00e1ndo empieza<\/h3>\n<\/p>\n<\/section>\n<\/div>\n<div class=\"sc-a7166897-0 exHLBh\" readability=\"6.5\">\n<section readability=\"3\"><picture><img alt=\"San Lorenzo conoci\u00f3 a su campe\u00f3n y a los equipos que participar\u00e1n de la Copa de Penales de la Liga \" src=\"http:\/\/hoycordobaweb.com\/wp-content\/uploads\/2023\/08\/asi-esta-san-pablo-rival-de-san-lorenzo-en-la-sudamericana-10.jpg\" width=\"290\" height=\"290\" decoding=\"async\" data-nimg=\"future\" loading=\"lazy\"><\/picture>\n<p><span>Mir\u00e1 tambi\u00e9n<\/span><\/p>\n<hr>\n<h3>San Lorenzo conoci\u00f3 a su campe\u00f3n y a los equipos que participar\u00e1n de la Copa de Penales de la Liga <\/h3>\n<\/p>\n<\/section>\n<\/div>\n<\/div>\n","protected":false},"excerpt":{"rendered":"<p>31\/07\/2023 21:28hs. Los octavos de final de la Copa Sudamericana comenzar\u00e1n este martes 1 de agosto y algunos candidatos quedar\u00e1n eliminados en esta instancia. San Lorenzo se medir\u00e1 ante el San Pablo el pr\u00f3ximo jueves a las 19.00 hs en el estadio Pedro Bidegain. El Cicl\u00f3n atraves\u00f3 un mal cierre del torneo con dos derrotas [&hellip;]<\/p>\n","protected":false},"author":1,"featured_media":64214,"comment_status":"open","ping_status":"closed","sticky":false,"template":"","format":"standard","meta":[],"categories":[16],"tags":[],"_links":{"self":[{"href":"http:\/\/hoycordobaweb.com\/index.php\/wp-json\/wp\/v2\/posts\/64213"}],"collection":[{"href":"http:\/\/hoycordobaweb.com\/index.php\/wp-json\/wp\/v2\/posts"}],"about":[{"href":"http:\/\/hoycordobaweb.com\/index.php\/wp-json\/wp\/v2\/types\/post"}],"author":[{"embeddable":true,"href":"http:\/\/hoycordobaweb.com\/index.php\/wp-json\/wp\/v2\/users\/1"}],"replies":[{"embeddable":true,"href":"http:\/\/hoycordobaweb.com\/index.php\/wp-json\/wp\/v2\/comments?post=64213"}],"version-history":[{"count":0,"href":"http:\/\/hoycordobaweb.com\/index.php\/wp-json\/wp\/v2\/posts\/64213\/revisions"}],"wp:featuredmedia":[{"embeddable":true,"href":"http:\/\/hoycordobaweb.com\/index.php\/wp-json\/wp\/v2\/media\/64214"}],"wp:attachment":[{"href":"http:\/\/hoycordobaweb.com\/index.php\/wp-json\/wp\/v2\/media?parent=64213"}],"wp:term":[{"taxonomy":"category","embeddable":true,"href":"http:\/\/hoycordobaweb.com\/index.php\/wp-json\/wp\/v2\/categories?post=64213"},{"taxonomy":"post_tag","embeddable":true,"href":"http:\/\/hoycordobaweb.com\/index.php\/wp-json\/wp\/v2\/tags?post=64213"}],"curies":[{"name":"wp","href":"https:\/\/api.w.org\/{rel}","templated":true}]}}