{"id":64207,"date":"2023-08-01T01:13:43","date_gmt":"2023-08-01T01:13:43","guid":{"rendered":"https:\/\/www.ole.com.ar\/futbol-primera\/encuesta-ole-figura-torneo-liga-profesional_0_Z4zzrNkUwf.html"},"modified":"2023-08-01T01:13:43","modified_gmt":"2023-08-01T01:13:43","slug":"encuesta-ole-quien-fue-la-figura-del-torneo-de-la-liga-profesional","status":"publish","type":"post","link":"http:\/\/hoycordobaweb.com\/index.php\/2023\/08\/01\/encuesta-ole-quien-fue-la-figura-del-torneo-de-la-liga-profesional\/","title":{"rendered":"Encuesta Ol\u00e9: \u00bfqui\u00e9n fue la figura del torneo de la Liga Profesional?"},"content":{"rendered":"<p><img src=\"http:\/\/hoycordobaweb.com\/wp-content\/uploads\/2023\/08\/encuesta-ole-quien-fue-la-figura-del-torneo-de-la-liga-profesional.jpg\"><\/p>\n<p><time class=\"createDate\" datetime=\"2023-07-31T22:13:43-03:00\">31\/07\/2023 22:13hs.<\/time><time class=\"modificatedDate\" datetime=\"2023-07-31T23:01:49-03:00\"> Actualizado al 31\/07\/2023 23:01hs.<\/time><\/p>\n<div id=\"storyBody\">\n<div class=\"custom-text \" readability=\"38.603351955307\">\n<p>Un campe\u00f3n con un joven delantero intratable y un volante todoterreno de calidad. Una tabla de goleadores con el primer puesto compartido, un equipo con la valla menos vencida del torneo porque tuvo a su arquero como figura. Un pibe de <strong><a href=\"https:\/\/www.ole.com.ar\/tema\/boca-juniors.html\" title=\"Boca Juniors\" alt=\"Boca Juniors\" class=\"slug\">Boca<\/a><\/strong> que ya demostr\u00f3 jerarqu\u00eda de Primera, un mediocampista de Racing que deslumbr\u00f3 con su pegada, un talentoso enganche verdugo de <strong><a href=\"https:\/\/www.ole.com.ar\/tema\/river-plate.html\" title=\"River Plate\" alt=\"River Plate\" class=\"slug\">River<\/a><\/strong>, el mejor delantero del Lan\u00fas que termin\u00f3 en la cuarta posici\u00f3n y el picante delantero formado en N\u00fa\u00f1ez que la rompi\u00f3 en Estudiantes.<strong> La<a href=\"https:\/\/www.ole.com.ar\/tema\/liga-profesional.html\" title=\"Liga Profesional\" alt=\"Liga Profesional\" class=\"slug\">Liga Profesional<\/a> 2023 dej\u00f3 diez opciones de alto nivel para todos los gustos<\/strong>. Por eso, <strong>Ol\u00e9<\/strong> <strong>propone una encuesta para que elijas qui\u00e9n fue para vos la figura del campeonato<\/strong> que consigui\u00f3 River.<\/p>\n<\/div>\n<div class=\"custom-text \" readability=\"36.328767123288\">\n<p>El men\u00fa es amplio y variado. Obviamente, entre los mejores futbolistas del torneo est\u00e1n los m\u00e1s destacados del campe\u00f3n: <a href=\"https:\/\/www.ole.com.ar\/tema\/rodrigo-aliendro.html\" title=\"Rodrigo Aliendro\" alt=\"Rodrigo Aliendro\" class=\"slug\">Rodrigo Aliendro<\/a> y <a href=\"https:\/\/www.ole.com.ar\/tema\/lucas-beltran.html\" title=\"Lucas Beltr\u00e1n\" alt=\"Lucas Beltr\u00e1n\" class=\"slug\">Lucas Beltr\u00e1n<\/a>. El volante, porque fue el motor y comod\u00edn del equipo de Demichelis y se meti\u00f3 para siempre en el coraz\u00f3n de los hinchas de la Banda por su estilo de juego, sacrificio y humildad. El delantero, porque fue el goleador de River con 12 tantos y demostr\u00f3 que tiene futuro europeo.<\/p>\n<\/div>\n<div class=\"custom-text \" readability=\"34.43023255814\">\n<p>Boca tambi\u00e9n tuvo un protagonista destacado a pesar de la floja campa\u00f1a que hizo en la LPF 2023, porque el volante creativo juvenil <a href=\"https:\/\/www.ole.com.ar\/tema\/cristian-medina.html\" title=\"Cristian Medina\" alt=\"Cristian Medina\" class=\"slug\">Cristian Medina<\/a> (21 a\u00f1os) no solo convirti\u00f3 tres goles sino que le aport\u00f3 brillo al equipo en los mejores momentos del Xeneize en el torneo y adem\u00e1s mantuvo un buen rendimiento en los 23 partidos que jug\u00f3.<\/p>\n<\/div>\n<div class=\"custom-text \" readability=\"36.504672897196\">\n<p>Los otros clubes grandes que tienen un candidato en la encuesta de <strong>Ol\u00e9<\/strong> son Racing, con el volante zurdo <strong>Mat\u00edas Rojas<\/strong>, y San Lorenzo, con el arquero<a href=\"https:\/\/www.ole.com.ar\/tema\/augusto-batalla.html\" title=\"Augusto Batalla\" alt=\"Augusto Batalla\" class=\"slug\"> Augusto Batalla<\/a>. A ellos, l\u00f3gicamente se le suman los dos goleadores del campeonato que convirtieron 13 tantos: <a href=\"https:\/\/www.ole.com.ar\/tema\/michael-santos.html\" title=\"Michael Santos\" alt=\"Michael Santos\" class=\"slug\">Michael Santos<\/a>, de Talleres, y <a href=\"https:\/\/www.ole.com.ar\/tema\/pablo-vegetti.html\" title=\"Pablo Vegetti\" alt=\"Pablo Vegetti\" class=\"slug\">Pablo Vegetti<\/a>, de Belgrano.<\/p>\n<\/div>\n<p><h2>El resto de las opciones<\/h2>\n<\/p>\n<div class=\"custom-text \" readability=\"31.378787878788\">\n<p>Los otros jugadores de mejor rendimiento a lo largo del torneo fueron el talentoso volante creativo <a href=\"https:\/\/www.ole.com.ar\/tema\/rodrigo-garro.html\" title=\"Rodrigo Garro\" alt=\"Rodrigo Garro\" class=\"slug\">Rodrigo Garro<\/a>, de Talleres, el goleador de Lan\u00fas, <a href=\"https:\/\/www.ole.com.ar\/tema\/leandro-diaz.html\" title=\"Leandro D\u00edaz\" alt=\"Leandro D\u00edaz\" class=\"slug\">Leandro D\u00edaz<\/a>, y el delantero de Estudiantes que cerr\u00f3 el campeonato con un gol ol\u00edmpico: <a href=\"https:\/\/www.ole.com.ar\/tema\/benjamin-rollheiser.html\" title=\"Benjam\u00edn Rollheiser\" alt=\"Benjam\u00edn Rollheiser\" class=\"slug\">Benjam\u00edn Rollheiser<\/a>.<\/p>\n<\/div>\n<div class=\"sc-a7166897-0 exHLBh\" readability=\"6\">\n<section readability=\"2\"><picture><img alt=\"El mercado de pases con bombas: Cavani a Boca y Quintero a Racing\" src=\"http:\/\/hoycordobaweb.com\/wp-content\/uploads\/2023\/08\/encuesta-ole-quien-fue-la-figura-del-torneo-de-la-liga-profesional-2.jpg\" width=\"290\" height=\"290\" decoding=\"async\" data-nimg=\"future\" loading=\"lazy\"><\/picture>\n<p><span>Mir\u00e1 tambi\u00e9n<\/span><\/p>\n<hr>\n<h3>El mercado de pases con bombas: Cavani a Boca y Quintero a Racing<\/h3>\n<\/p>\n<\/section>\n<\/div>\n<\/div>\n","protected":false},"excerpt":{"rendered":"<p>31\/07\/2023 22:13hs. Actualizado al 31\/07\/2023 23:01hs. Un campe\u00f3n con un joven delantero intratable y un volante todoterreno de calidad. Una tabla de goleadores con el primer puesto compartido, un equipo con la valla menos vencida del torneo porque tuvo a su arquero como figura. Un pibe de Boca que ya demostr\u00f3 jerarqu\u00eda de Primera, un [&hellip;]<\/p>\n","protected":false},"author":1,"featured_media":64208,"comment_status":"open","ping_status":"closed","sticky":false,"template":"","format":"standard","meta":[],"categories":[16],"tags":[],"_links":{"self":[{"href":"http:\/\/hoycordobaweb.com\/index.php\/wp-json\/wp\/v2\/posts\/64207"}],"collection":[{"href":"http:\/\/hoycordobaweb.com\/index.php\/wp-json\/wp\/v2\/posts"}],"about":[{"href":"http:\/\/hoycordobaweb.com\/index.php\/wp-json\/wp\/v2\/types\/post"}],"author":[{"embeddable":true,"href":"http:\/\/hoycordobaweb.com\/index.php\/wp-json\/wp\/v2\/users\/1"}],"replies":[{"embeddable":true,"href":"http:\/\/hoycordobaweb.com\/index.php\/wp-json\/wp\/v2\/comments?post=64207"}],"version-history":[{"count":0,"href":"http:\/\/hoycordobaweb.com\/index.php\/wp-json\/wp\/v2\/posts\/64207\/revisions"}],"wp:featuredmedia":[{"embeddable":true,"href":"http:\/\/hoycordobaweb.com\/index.php\/wp-json\/wp\/v2\/media\/64208"}],"wp:attachment":[{"href":"http:\/\/hoycordobaweb.com\/index.php\/wp-json\/wp\/v2\/media?parent=64207"}],"wp:term":[{"taxonomy":"category","embeddable":true,"href":"http:\/\/hoycordobaweb.com\/index.php\/wp-json\/wp\/v2\/categories?post=64207"},{"taxonomy":"post_tag","embeddable":true,"href":"http:\/\/hoycordobaweb.com\/index.php\/wp-json\/wp\/v2\/tags?post=64207"}],"curies":[{"name":"wp","href":"https:\/\/api.w.org\/{rel}","templated":true}]}}